{"id":7098,"date":"2024-03-20T09:17:02","date_gmt":"2024-03-20T06:17:02","guid":{"rendered":"https:\/\/site.zile.bel.tr\/?p=7098"},"modified":"2024-03-20T09:17:02","modified_gmt":"2024-03-20T06:17:02","slug":"pence-kilit-operasyonu-bolgesinde-sehit-olan-askerimiz-hulusi-elciye-allahtan-rahmet-yarali-askerlerimize-acil-sifalar-diliyorum-milletimizin-basi-sag-olsun-sukru-sargin-zile-belediye-b","status":"publish","type":"post","link":"http:\/\/site.zile.bel.tr\/index.php\/2024\/03\/20\/pence-kilit-operasyonu-bolgesinde-sehit-olan-askerimiz-hulusi-elciye-allahtan-rahmet-yarali-askerlerimize-acil-sifalar-diliyorum-milletimizin-basi-sag-olsun-sukru-sargin-zile-belediye-b\/","title":{"rendered":"Pen\u00e7e-Kilit Operasyonu b\u00f6lgesinde \u015fehit olan askerimiz Hulusi El\u00e7i&#8217;ye Allah&#8217;tan rahmet, yaral\u0131 askerlerimize acil \u015fifalar diliyorum. Milletimizin ba\u015f\u0131 sa\u011f olsun    \u015e\u00fckr\u00fc SARGIN\u00a0 Zile Belediye Ba\u015fkan\u0131"},"content":{"rendered":"<div class=\"xdj266r x11i5rnm xat24cr x1mh8g0r x1vvkbs x126k92a\">\n<div dir=\"auto\">Pen\u00e7e-Kilit Operasyonu b\u00f6lgesinde \u015fehit olan askerimiz Hulusi El\u00e7i&#8217;ye Allah&#8217;tan rahmet, yaral\u0131 askerlerimize acil \u015fifalar diliyorum.<\/div>\n<div dir=\"auto\">Milletimizin ba\u015f\u0131 sa\u011f olsun<span class=\"x3nfvp2 x1j61x8r x1fcty0u xdj266r xhhsvwb xat24cr xgzva0m xxymvpz xlup9mm x1kky2od\"><img loading=\"lazy\" decoding=\"async\" class=\"xz74otr\" src=\"https:\/\/static.xx.fbcdn.net\/images\/emoji.php\/v9\/t83\/1.5\/16\/1f1f9_1f1f7.png\" alt=\"\ud83c\uddf9\ud83c\uddf7\" width=\"16\" height=\"16\" \/><\/span><\/div>\n<\/div>\n<div class=\"x11i5rnm xat24cr x1mh8g0r x1vvkbs xtlvy1s x126k92a\">\n<div dir=\"auto\"><\/div>\n<\/div>\n<div dir=\"auto\">\u015e\u00fckr\u00fc SARGIN<\/div>\n<div dir=\"auto\">Zile Belediye Ba\u015fkan\u0131<\/div>\n<div dir=\"auto\"><\/div>\n<div dir=\"auto\"><img loading=\"lazy\" decoding=\"async\" class=\"alignnone wp-image-7099\" src=\"http:\/\/site.zile.bel.tr\/wp-content\/uploads\/2024\/03\/420167016_450093660731722_6634544615926702921_n-270x300.jpg\" alt=\"\" width=\"800\" height=\"889\" srcset=\"http:\/\/site.zile.bel.tr\/wp-content\/uploads\/2024\/03\/420167016_450093660731722_6634544615926702921_n-270x300.jpg 270w, http:\/\/site.zile.bel.tr\/wp-content\/uploads\/2024\/03\/420167016_450093660731722_6634544615926702921_n.jpg 718w\" sizes=\"auto, (max-width: 800px) 100vw, 800px\" \/><\/div>\n<div dir=\"auto\"><\/div>\n","protected":false},"excerpt":{"rendered":"<p>Pen\u00e7e-Kilit Operasyonu b\u00f6lgesinde \u015fehit olan askerimiz Hulusi El\u00e7i&#8217;ye Allah&#8217;tan rahmet, yaral\u0131 askerlerimize acil \u015fifalar diliyorum. Milletimizin ba\u015f\u0131 sa\u011f olsun \u015e\u00fckr\u00fc SARGIN Zile Belediye Ba\u015fkan\u0131<\/p>\n","protected":false},"author":1,"featured_media":7099,"comment_status":"open","ping_status":"open","sticky":false,"template":"","format":"standard","meta":{"footnotes":""},"categories":[11],"tags":[],"class_list":["post-7098","post","type-post","status-publish","format-standard","has-post-thumbnail","hentry","category-haberler"],"_links":{"self":[{"href":"http:\/\/site.zile.bel.tr\/index.php\/wp-json\/wp\/v2\/posts\/7098","targetHints":{"allow":["GET"]}}],"collection":[{"href":"http:\/\/site.zile.bel.tr\/index.php\/wp-json\/wp\/v2\/posts"}],"about":[{"href":"http:\/\/site.zile.bel.tr\/index.php\/wp-json\/wp\/v2\/types\/post"}],"author":[{"embeddable":true,"href":"http:\/\/site.zile.bel.tr\/index.php\/wp-json\/wp\/v2\/users\/1"}],"replies":[{"embeddable":true,"href":"http:\/\/site.zile.bel.tr\/index.php\/wp-json\/wp\/v2\/comments?post=7098"}],"version-history":[{"count":1,"href":"http:\/\/site.zile.bel.tr\/index.php\/wp-json\/wp\/v2\/posts\/7098\/revisions"}],"predecessor-version":[{"id":7100,"href":"http:\/\/site.zile.bel.tr\/index.php\/wp-json\/wp\/v2\/posts\/7098\/revisions\/7100"}],"wp:featuredmedia":[{"embeddable":true,"href":"http:\/\/site.zile.bel.tr\/index.php\/wp-json\/wp\/v2\/media\/7099"}],"wp:attachment":[{"href":"http:\/\/site.zile.bel.tr\/index.php\/wp-json\/wp\/v2\/media?parent=7098"}],"wp:term":[{"taxonomy":"category","embeddable":true,"href":"http:\/\/site.zile.bel.tr\/index.php\/wp-json\/wp\/v2\/categories?post=7098"},{"taxonomy":"post_tag","embeddable":true,"href":"http:\/\/site.zile.bel.tr\/index.php\/wp-json\/wp\/v2\/tags?post=7098"}],"curies":[{"name":"wp","href":"https:\/\/api.w.org\/{rel}","templated":true}]}}