{"id":7171,"date":"2024-04-16T10:44:21","date_gmt":"2024-04-16T07:44:21","guid":{"rendered":"https:\/\/site.zile.bel.tr\/?p=7171"},"modified":"2024-04-16T10:44:39","modified_gmt":"2024-04-16T07:44:39","slug":"zile-ve-turhal-belediye-baskanlari-vali-hatipoglunu-ziyaret-etti","status":"publish","type":"post","link":"http:\/\/site.zile.bel.tr\/index.php\/2024\/04\/16\/zile-ve-turhal-belediye-baskanlari-vali-hatipoglunu-ziyaret-etti\/","title":{"rendered":"Zile ve Turhal Belediye Ba\u015fkanlar\u0131 Vali Hatipo\u011flu\u2019nu Ziyaret Etti"},"content":{"rendered":"<div class=\"xdj266r x11i5rnm xat24cr x1mh8g0r x1vvkbs x126k92a\">\n<div dir=\"auto\">Zile ve Turhal Belediye Ba\u015fkanlar\u0131 Vali Hatipo\u011flu\u2019nu Ziyaret Etti<\/div>\n<div dir=\"auto\"><img loading=\"lazy\" decoding=\"async\" class=\"alignnone wp-image-7172\" src=\"http:\/\/site.zile.bel.tr\/wp-content\/uploads\/2024\/04\/437750769_465945775813177_1592423178185563049_n-300x200.jpg\" alt=\"\" width=\"800\" height=\"534\" srcset=\"http:\/\/site.zile.bel.tr\/wp-content\/uploads\/2024\/04\/437750769_465945775813177_1592423178185563049_n-300x200.jpg 300w, http:\/\/site.zile.bel.tr\/wp-content\/uploads\/2024\/04\/437750769_465945775813177_1592423178185563049_n-1024x683.jpg 1024w, http:\/\/site.zile.bel.tr\/wp-content\/uploads\/2024\/04\/437750769_465945775813177_1592423178185563049_n-768x512.jpg 768w, http:\/\/site.zile.bel.tr\/wp-content\/uploads\/2024\/04\/437750769_465945775813177_1592423178185563049_n-1536x1025.jpg 1536w, http:\/\/site.zile.bel.tr\/wp-content\/uploads\/2024\/04\/437750769_465945775813177_1592423178185563049_n.jpg 2048w\" sizes=\"auto, (max-width: 800px) 100vw, 800px\" \/><\/div>\n<div dir=\"auto\"><\/div>\n<\/div>\n<div class=\"x11i5rnm xat24cr x1mh8g0r x1vvkbs xtlvy1s x126k92a\">\n<div dir=\"auto\">31 Mart 2024 Mahalli \u0130dareler Genel Se\u00e7imleri\u2019nde Zile Belediye Ba\u015fkan\u0131 olarak se\u00e7ilen \u015e\u00fckr\u00fc Sarg\u0131n ile Turhal Belediye Ba\u015fkan\u0131 olarak se\u00e7ilen Mehmet Erdem Ural, Tokat Valisi Say\u0131n Numan Hatipo\u011flu\u2019nu makam\u0131nda ziyaret etti.<\/div>\n<\/div>\n<div class=\"x11i5rnm xat24cr x1mh8g0r x1vvkbs xtlvy1s x126k92a\">\n<div dir=\"auto\">Vali Hatipo\u011flu, Ba\u015fkanlara yeni g\u00f6revlerinin hay\u0131rl\u0131 olmas\u0131n\u0131 temenni ederek ba\u015far\u0131lar diledi.<\/div>\n<\/div>\n","protected":false},"excerpt":{"rendered":"<p>Zile ve Turhal Belediye Ba\u015fkanlar\u0131 Vali Hatipo\u011flu\u2019nu Ziyaret Etti 31 Mart 2024 Mahalli \u0130dareler Genel Se\u00e7imleri\u2019nde Zile Belediye Ba\u015fkan\u0131 olarak se\u00e7ilen \u015e\u00fckr\u00fc Sarg\u0131n ile Turhal Belediye Ba\u015fkan\u0131 olarak se\u00e7ilen Mehmet Erdem Ural, Tokat Valisi Say\u0131n Numan Hatipo\u011flu\u2019nu makam\u0131nda ziyaret etti. Vali Hatipo\u011flu, Ba\u015fkanlara yeni g\u00f6revlerinin hay\u0131rl\u0131 olmas\u0131n\u0131 temenni ederek ba\u015far\u0131lar diledi.<\/p>\n","protected":false},"author":1,"featured_media":7172,"comment_status":"open","ping_status":"open","sticky":false,"template":"","format":"standard","meta":{"footnotes":""},"categories":[11],"tags":[],"class_list":["post-7171","post","type-post","status-publish","format-standard","has-post-thumbnail","hentry","category-haberler"],"_links":{"self":[{"href":"http:\/\/site.zile.bel.tr\/index.php\/wp-json\/wp\/v2\/posts\/7171","targetHints":{"allow":["GET"]}}],"collection":[{"href":"http:\/\/site.zile.bel.tr\/index.php\/wp-json\/wp\/v2\/posts"}],"about":[{"href":"http:\/\/site.zile.bel.tr\/index.php\/wp-json\/wp\/v2\/types\/post"}],"author":[{"embeddable":true,"href":"http:\/\/site.zile.bel.tr\/index.php\/wp-json\/wp\/v2\/users\/1"}],"replies":[{"embeddable":true,"href":"http:\/\/site.zile.bel.tr\/index.php\/wp-json\/wp\/v2\/comments?post=7171"}],"version-history":[{"count":1,"href":"http:\/\/site.zile.bel.tr\/index.php\/wp-json\/wp\/v2\/posts\/7171\/revisions"}],"predecessor-version":[{"id":7173,"href":"http:\/\/site.zile.bel.tr\/index.php\/wp-json\/wp\/v2\/posts\/7171\/revisions\/7173"}],"wp:featuredmedia":[{"embeddable":true,"href":"http:\/\/site.zile.bel.tr\/index.php\/wp-json\/wp\/v2\/media\/7172"}],"wp:attachment":[{"href":"http:\/\/site.zile.bel.tr\/index.php\/wp-json\/wp\/v2\/media?parent=7171"}],"wp:term":[{"taxonomy":"category","embeddable":true,"href":"http:\/\/site.zile.bel.tr\/index.php\/wp-json\/wp\/v2\/categories?post=7171"},{"taxonomy":"post_tag","embeddable":true,"href":"http:\/\/site.zile.bel.tr\/index.php\/wp-json\/wp\/v2\/tags?post=7171"}],"curies":[{"name":"wp","href":"https:\/\/api.w.org\/{rel}","templated":true}]}}