{"id":7197,"date":"2024-04-20T15:16:32","date_gmt":"2024-04-20T12:16:32","guid":{"rendered":"https:\/\/site.zile.bel.tr\/?p=7197"},"modified":"2024-04-22T15:19:37","modified_gmt":"2024-04-22T12:19:37","slug":"belediyeden-corba-ikrami","status":"publish","type":"post","link":"http:\/\/site.zile.bel.tr\/index.php\/2024\/04\/20\/belediyeden-corba-ikrami\/","title":{"rendered":"BELED\u0130YEDEN \u00c7ORBA \u0130KRAMI"},"content":{"rendered":"<div class=\"xdj266r x11i5rnm xat24cr x1mh8g0r x1vvkbs x126k92a\">\n<div dir=\"auto\">BELED\u0130YEDEN \u00c7ORBA \u0130KRAMI<\/p>\n<\/div>\n<div dir=\"auto\"><img loading=\"lazy\" decoding=\"async\" class=\"alignnone wp-image-7198\" src=\"http:\/\/site.zile.bel.tr\/wp-content\/uploads\/2024\/04\/438875125_468377675569987_5081724624271396416_n-300x200.jpg\" alt=\"\" width=\"800\" height=\"533\" srcset=\"http:\/\/site.zile.bel.tr\/wp-content\/uploads\/2024\/04\/438875125_468377675569987_5081724624271396416_n-300x200.jpg 300w, http:\/\/site.zile.bel.tr\/wp-content\/uploads\/2024\/04\/438875125_468377675569987_5081724624271396416_n-1024x682.jpg 1024w, http:\/\/site.zile.bel.tr\/wp-content\/uploads\/2024\/04\/438875125_468377675569987_5081724624271396416_n-768x511.jpg 768w, http:\/\/site.zile.bel.tr\/wp-content\/uploads\/2024\/04\/438875125_468377675569987_5081724624271396416_n.jpg 1440w\" sizes=\"auto, (max-width: 800px) 100vw, 800px\" \/><\/div>\n<\/div>\n<div class=\"x11i5rnm xat24cr x1mh8g0r x1vvkbs xtlvy1s x126k92a\">\n<div dir=\"auto\">\u0130l\u00e7emizin de dahil oldu\u011fu b\u00f6lgemizde ya\u015fanan son depremlerden dolay\u0131 bir \u00e7ok vatanda\u015f\u0131m\u0131z evlerinin d\u0131\u015f\u0131nda ara\u00e7lar\u0131 i\u00e7inde, parklarda, bah\u00e7elerde, ba\u011flarda gecelediler. Bu hem\u015ferilerimize belediyemiz taraf\u0131ndan sabah\u0131n erken saatlerinden itibaren \u00e7orba ekmek da\u011f\u0131t\u0131m\u0131 yap\u0131ld\u0131.<\/div>\n<\/div>\n<div class=\"x11i5rnm xat24cr x1mh8g0r x1vvkbs xtlvy1s x126k92a\">\n<div dir=\"auto\">Belediye Ba\u015fkan\u0131m\u0131z \u015e\u00fckr\u00fc Sarg\u0131n da \u00e7orba da\u011f\u0131t\u0131m\u0131na nezaret ederek, d\u0131\u015far\u0131da geceleyen hem\u015ferilerimize ge\u00e7mi\u015f olsun dileklerinde bulundu.<br \/>\n<img loading=\"lazy\" decoding=\"async\" class=\"alignnone wp-image-7199\" src=\"http:\/\/site.zile.bel.tr\/wp-content\/uploads\/2024\/04\/437965197_468377498903338_1441186670361786793_n-300x200.jpg\" alt=\"\" width=\"800\" height=\"533\" srcset=\"http:\/\/site.zile.bel.tr\/wp-content\/uploads\/2024\/04\/437965197_468377498903338_1441186670361786793_n-300x200.jpg 300w, http:\/\/site.zile.bel.tr\/wp-content\/uploads\/2024\/04\/437965197_468377498903338_1441186670361786793_n-1024x682.jpg 1024w, http:\/\/site.zile.bel.tr\/wp-content\/uploads\/2024\/04\/437965197_468377498903338_1441186670361786793_n-768x511.jpg 768w, http:\/\/site.zile.bel.tr\/wp-content\/uploads\/2024\/04\/437965197_468377498903338_1441186670361786793_n.jpg 1440w\" sizes=\"auto, (max-width: 800px) 100vw, 800px\" \/><\/div>\n<\/div>\n<div class=\"x11i5rnm xat24cr x1mh8g0r x1vvkbs xtlvy1s x126k92a\">\n<div dir=\"auto\">Ba\u015fkan SARGIN \u201cDeprem \u00e7ok \u015f\u00fck\u00fcr il\u00e7emizde ciddi can ve mal kayb\u0131na sebep olmad\u0131. Hem\u015ferilerimizin bu s\u0131k\u0131nt\u0131l\u0131 s\u00fcreci rahat ge\u00e7irebilmeleri i\u00e7in elimizden gelen gayreti g\u00f6steriyoruz. \u0130tfaiye ve kurtarma ekiplerimiz duyarl\u0131 bir \u015fekilde 24 saat g\u00f6revleri ba\u015f\u0131ndalar. Uzun vadede yapaca\u011f\u0131m\u0131z \u00e7al\u0131\u015fmalarla ilgili kamuoyunu bilgilendirece\u011fiz. Depremden etkilenen b\u00f6lge halk\u0131na ve hem\u015ferilerimize ge\u00e7mi\u015f olsun\u201d dedi.<\/div>\n<div dir=\"auto\"><img loading=\"lazy\" decoding=\"async\" class=\"alignnone wp-image-7200\" src=\"http:\/\/site.zile.bel.tr\/wp-content\/uploads\/2024\/04\/438903543_468377428903345_257159513839691378_n-300x200.jpg\" alt=\"\" width=\"800\" height=\"533\" srcset=\"http:\/\/site.zile.bel.tr\/wp-content\/uploads\/2024\/04\/438903543_468377428903345_257159513839691378_n-300x200.jpg 300w, http:\/\/site.zile.bel.tr\/wp-content\/uploads\/2024\/04\/438903543_468377428903345_257159513839691378_n-1024x682.jpg 1024w, http:\/\/site.zile.bel.tr\/wp-content\/uploads\/2024\/04\/438903543_468377428903345_257159513839691378_n-768x511.jpg 768w, http:\/\/site.zile.bel.tr\/wp-content\/uploads\/2024\/04\/438903543_468377428903345_257159513839691378_n.jpg 1440w\" sizes=\"auto, (max-width: 800px) 100vw, 800px\" \/><\/div>\n<\/div>\n","protected":false},"excerpt":{"rendered":"<p>BELED\u0130YEDEN \u00c7ORBA \u0130KRAMI \u0130l\u00e7emizin de dahil oldu\u011fu b\u00f6lgemizde ya\u015fanan son depremlerden dolay\u0131 bir \u00e7ok vatanda\u015f\u0131m\u0131z evlerinin d\u0131\u015f\u0131nda ara\u00e7lar\u0131 i\u00e7inde, parklarda, bah\u00e7elerde, ba\u011flarda gecelediler. Bu hem\u015ferilerimize belediyemiz taraf\u0131ndan sabah\u0131n erken saatlerinden itibaren \u00e7orba ekmek da\u011f\u0131t\u0131m\u0131 yap\u0131ld\u0131. Belediye Ba\u015fkan\u0131m\u0131z \u015e\u00fckr\u00fc Sarg\u0131n da \u00e7orba da\u011f\u0131t\u0131m\u0131na nezaret ederek, d\u0131\u015far\u0131da geceleyen hem\u015ferilerimize ge\u00e7mi\u015f olsun dileklerinde bulundu. Ba\u015fkan SARGIN \u201cDeprem \u00e7ok [&hellip;]<\/p>\n","protected":false},"author":1,"featured_media":7198,"comment_status":"open","ping_status":"open","sticky":false,"template":"","format":"standard","meta":{"footnotes":""},"categories":[11],"tags":[],"class_list":["post-7197","post","type-post","status-publish","format-standard","has-post-thumbnail","hentry","category-haberler"],"_links":{"self":[{"href":"http:\/\/site.zile.bel.tr\/index.php\/wp-json\/wp\/v2\/posts\/7197","targetHints":{"allow":["GET"]}}],"collection":[{"href":"http:\/\/site.zile.bel.tr\/index.php\/wp-json\/wp\/v2\/posts"}],"about":[{"href":"http:\/\/site.zile.bel.tr\/index.php\/wp-json\/wp\/v2\/types\/post"}],"author":[{"embeddable":true,"href":"http:\/\/site.zile.bel.tr\/index.php\/wp-json\/wp\/v2\/users\/1"}],"replies":[{"embeddable":true,"href":"http:\/\/site.zile.bel.tr\/index.php\/wp-json\/wp\/v2\/comments?post=7197"}],"version-history":[{"count":1,"href":"http:\/\/site.zile.bel.tr\/index.php\/wp-json\/wp\/v2\/posts\/7197\/revisions"}],"predecessor-version":[{"id":7201,"href":"http:\/\/site.zile.bel.tr\/index.php\/wp-json\/wp\/v2\/posts\/7197\/revisions\/7201"}],"wp:featuredmedia":[{"embeddable":true,"href":"http:\/\/site.zile.bel.tr\/index.php\/wp-json\/wp\/v2\/media\/7198"}],"wp:attachment":[{"href":"http:\/\/site.zile.bel.tr\/index.php\/wp-json\/wp\/v2\/media?parent=7197"}],"wp:term":[{"taxonomy":"category","embeddable":true,"href":"http:\/\/site.zile.bel.tr\/index.php\/wp-json\/wp\/v2\/categories?post=7197"},{"taxonomy":"post_tag","embeddable":true,"href":"http:\/\/site.zile.bel.tr\/index.php\/wp-json\/wp\/v2\/tags?post=7197"}],"curies":[{"name":"wp","href":"https:\/\/api.w.org\/{rel}","templated":true}]}}