{"id":7202,"date":"2024-04-22T15:20:50","date_gmt":"2024-04-22T12:20:50","guid":{"rendered":"https:\/\/site.zile.bel.tr\/?p=7202"},"modified":"2024-04-22T15:20:50","modified_gmt":"2024-04-22T12:20:50","slug":"milletimizin-basi-sag-olsun","status":"publish","type":"post","link":"http:\/\/site.zile.bel.tr\/index.php\/2024\/04\/22\/milletimizin-basi-sag-olsun\/","title":{"rendered":"M\u0130LLET\u0130M\u0130Z\u0130N BA\u015eI SA\u011e OLSUN"},"content":{"rendered":"<div class=\"xdj266r x11i5rnm xat24cr x1mh8g0r x1vvkbs x126k92a\">\n<div dir=\"auto\">M\u0130LLET\u0130M\u0130Z\u0130N BA\u015eI SA\u011e OLSUN <span class=\"x3nfvp2 x1j61x8r x1fcty0u xdj266r xhhsvwb xat24cr xgzva0m xxymvpz xlup9mm x1kky2od\"><img loading=\"lazy\" decoding=\"async\" class=\"xz74otr\" src=\"https:\/\/static.xx.fbcdn.net\/images\/emoji.php\/v9\/t83\/1.5\/16\/1f1f9_1f1f7.png\" alt=\"\ud83c\uddf9\ud83c\uddf7\" width=\"16\" height=\"16\" \/><\/span><\/div>\n<div dir=\"auto\"><img loading=\"lazy\" decoding=\"async\" class=\"alignnone wp-image-7203\" src=\"http:\/\/site.zile.bel.tr\/wp-content\/uploads\/2024\/04\/sehit-300x300.jpg\" alt=\"\" width=\"800\" height=\"800\" srcset=\"http:\/\/site.zile.bel.tr\/wp-content\/uploads\/2024\/04\/sehit-300x300.jpg 300w, http:\/\/site.zile.bel.tr\/wp-content\/uploads\/2024\/04\/sehit-150x150.jpg 150w, http:\/\/site.zile.bel.tr\/wp-content\/uploads\/2024\/04\/sehit-768x768.jpg 768w, http:\/\/site.zile.bel.tr\/wp-content\/uploads\/2024\/04\/sehit.jpg 1024w\" sizes=\"auto, (max-width: 800px) 100vw, 800px\" \/><\/div>\n<\/div>\n<div class=\"x11i5rnm xat24cr x1mh8g0r x1vvkbs xtlvy1s x126k92a\">\n<div dir=\"auto\">Kuzey Irak b\u00f6lgesinde \u015fehit d\u00fc\u015fen kahraman askerimiz U\u011fur SAZA\u011eAN\u2019a Allah\u2019tan rahmet, ailesine ve sevenlerine ba\u015fsa\u011fl\u0131\u011f\u0131 ve sab\u0131r diliyorum.<\/div>\n<div dir=\"auto\">\u015e\u00fckr\u00fc Sarg\u0131n<\/div>\n<div dir=\"auto\">Zile Belediye Ba\u015fkan\u0131<\/div>\n<\/div>\n","protected":false},"excerpt":{"rendered":"<p>M\u0130LLET\u0130M\u0130Z\u0130N BA\u015eI SA\u011e OLSUN Kuzey Irak b\u00f6lgesinde \u015fehit d\u00fc\u015fen kahraman askerimiz U\u011fur SAZA\u011eAN\u2019a Allah\u2019tan rahmet, ailesine ve sevenlerine ba\u015fsa\u011fl\u0131\u011f\u0131 ve sab\u0131r diliyorum. \u015e\u00fckr\u00fc Sarg\u0131n Zile Belediye Ba\u015fkan\u0131<\/p>\n","protected":false},"author":1,"featured_media":7203,"comment_status":"open","ping_status":"open","sticky":false,"template":"","format":"standard","meta":{"footnotes":""},"categories":[11],"tags":[],"class_list":["post-7202","post","type-post","status-publish","format-standard","has-post-thumbnail","hentry","category-haberler"],"_links":{"self":[{"href":"http:\/\/site.zile.bel.tr\/index.php\/wp-json\/wp\/v2\/posts\/7202","targetHints":{"allow":["GET"]}}],"collection":[{"href":"http:\/\/site.zile.bel.tr\/index.php\/wp-json\/wp\/v2\/posts"}],"about":[{"href":"http:\/\/site.zile.bel.tr\/index.php\/wp-json\/wp\/v2\/types\/post"}],"author":[{"embeddable":true,"href":"http:\/\/site.zile.bel.tr\/index.php\/wp-json\/wp\/v2\/users\/1"}],"replies":[{"embeddable":true,"href":"http:\/\/site.zile.bel.tr\/index.php\/wp-json\/wp\/v2\/comments?post=7202"}],"version-history":[{"count":1,"href":"http:\/\/site.zile.bel.tr\/index.php\/wp-json\/wp\/v2\/posts\/7202\/revisions"}],"predecessor-version":[{"id":7204,"href":"http:\/\/site.zile.bel.tr\/index.php\/wp-json\/wp\/v2\/posts\/7202\/revisions\/7204"}],"wp:featuredmedia":[{"embeddable":true,"href":"http:\/\/site.zile.bel.tr\/index.php\/wp-json\/wp\/v2\/media\/7203"}],"wp:attachment":[{"href":"http:\/\/site.zile.bel.tr\/index.php\/wp-json\/wp\/v2\/media?parent=7202"}],"wp:term":[{"taxonomy":"category","embeddable":true,"href":"http:\/\/site.zile.bel.tr\/index.php\/wp-json\/wp\/v2\/categories?post=7202"},{"taxonomy":"post_tag","embeddable":true,"href":"http:\/\/site.zile.bel.tr\/index.php\/wp-json\/wp\/v2\/tags?post=7202"}],"curies":[{"name":"wp","href":"https:\/\/api.w.org\/{rel}","templated":true}]}}