{"id":7205,"date":"2024-04-22T15:23:02","date_gmt":"2024-04-22T12:23:02","guid":{"rendered":"https:\/\/site.zile.bel.tr\/?p=7205"},"modified":"2024-04-22T15:23:02","modified_gmt":"2024-04-22T12:23:02","slug":"baskan-sarginin-23-nisan-ulusal-egemenlik-ve-cocuk-bayrami-mesaji","status":"publish","type":"post","link":"http:\/\/site.zile.bel.tr\/index.php\/2024\/04\/22\/baskan-sarginin-23-nisan-ulusal-egemenlik-ve-cocuk-bayrami-mesaji\/","title":{"rendered":"Ba\u015fkan Sarg\u0131n&#8217;\u0131n 23 Nisan Ulusal Egemenlik ve \u00c7ocuk Bayram\u0131 Mesaj\u0131"},"content":{"rendered":"<p>Zile Belediye Ba\u015fkan\u0131 \u015e\u00fckr\u00fc Sarg\u0131n, 23 Nisan Ulusal Egemenlik ve \u00c7ocuk Bayram\u0131 dolay\u0131s\u0131yla bir kutlama mesaj\u0131 yay\u0131nlad\u0131.<\/p>\n<p><img loading=\"lazy\" decoding=\"async\" class=\"alignnone wp-image-7206\" src=\"http:\/\/site.zile.bel.tr\/wp-content\/uploads\/2024\/04\/2d52ea9f-8c3a-4bc4-9c7f-86092cb190dc-300x180.jpg\" alt=\"\" width=\"800\" height=\"480\" srcset=\"http:\/\/site.zile.bel.tr\/wp-content\/uploads\/2024\/04\/2d52ea9f-8c3a-4bc4-9c7f-86092cb190dc-300x180.jpg 300w, http:\/\/site.zile.bel.tr\/wp-content\/uploads\/2024\/04\/2d52ea9f-8c3a-4bc4-9c7f-86092cb190dc-1024x614.jpg 1024w, http:\/\/site.zile.bel.tr\/wp-content\/uploads\/2024\/04\/2d52ea9f-8c3a-4bc4-9c7f-86092cb190dc-768x461.jpg 768w, http:\/\/site.zile.bel.tr\/wp-content\/uploads\/2024\/04\/2d52ea9f-8c3a-4bc4-9c7f-86092cb190dc-1536x922.jpg 1536w, http:\/\/site.zile.bel.tr\/wp-content\/uploads\/2024\/04\/2d52ea9f-8c3a-4bc4-9c7f-86092cb190dc.jpg 1600w\" sizes=\"auto, (max-width: 800px) 100vw, 800px\" \/><\/p>\n<p>&#8220;Bug\u00fcn T\u00fcrkiye B\u00fcy\u00fck Millet Meclisi&#8217;nin a\u00e7\u0131l\u0131\u015f\u0131n\u0131n 104\u2019\u00fcnc\u00fc y\u0131l\u0131. Gazi Mustafa Kemal Atat\u00fcrk, T\u00fcrkiye B\u00fcy\u00fck Millet Meclisi\u2019nin kurulu\u015f g\u00fcn\u00fc olan 23 Nisan&#8217;\u0131 23 Nisan Ulusal Egemenlik ve \u00c7ocuk Bayram\u0131 olarak ilan etmi\u015f ve bir anlamda \u00fclkemizin gelece\u011finin \u00e7ocuklar\u0131n ellerinde b\u00fcy\u00fcyece\u011fini teyit etmi\u015ftir.<br \/>\nBizlerde Zile Belediyesi olarak, gelece\u011fimizin teminat\u0131 \u00e7ocuklar\u0131m\u0131z\u0131n daha mutlu, daha g\u00fczel yar\u0131nlar\u0131 i\u00e7in var g\u00fcc\u00fcm\u00fczle \u00e7al\u0131\u015faca\u011f\u0131z. Ulusal Egemenlik ve \u00c7ocuk Bayram\u0131m\u0131z\u0131n 104. y\u0131l\u0131n\u0131n kutluyor, t\u00fcm \u00e7ocuklar\u0131m\u0131z\u0131 sevgiyle kucakl\u0131yorum\u201d dedi.<\/p>\n","protected":false},"excerpt":{"rendered":"<p>Zile Belediye Ba\u015fkan\u0131 \u015e\u00fckr\u00fc Sarg\u0131n, 23 Nisan Ulusal Egemenlik ve \u00c7ocuk Bayram\u0131 dolay\u0131s\u0131yla bir kutlama mesaj\u0131 yay\u0131nlad\u0131. &#8220;Bug\u00fcn T\u00fcrkiye B\u00fcy\u00fck Millet Meclisi&#8217;nin a\u00e7\u0131l\u0131\u015f\u0131n\u0131n 104\u2019\u00fcnc\u00fc y\u0131l\u0131. Gazi Mustafa Kemal Atat\u00fcrk, T\u00fcrkiye B\u00fcy\u00fck Millet Meclisi\u2019nin kurulu\u015f g\u00fcn\u00fc olan 23 Nisan&#8217;\u0131 23 Nisan Ulusal Egemenlik ve \u00c7ocuk Bayram\u0131 olarak ilan etmi\u015f ve bir anlamda \u00fclkemizin gelece\u011finin \u00e7ocuklar\u0131n ellerinde [&hellip;]<\/p>\n","protected":false},"author":1,"featured_media":7206,"comment_status":"open","ping_status":"open","sticky":false,"template":"","format":"standard","meta":{"footnotes":""},"categories":[11],"tags":[],"class_list":["post-7205","post","type-post","status-publish","format-standard","has-post-thumbnail","hentry","category-haberler"],"_links":{"self":[{"href":"http:\/\/site.zile.bel.tr\/index.php\/wp-json\/wp\/v2\/posts\/7205","targetHints":{"allow":["GET"]}}],"collection":[{"href":"http:\/\/site.zile.bel.tr\/index.php\/wp-json\/wp\/v2\/posts"}],"about":[{"href":"http:\/\/site.zile.bel.tr\/index.php\/wp-json\/wp\/v2\/types\/post"}],"author":[{"embeddable":true,"href":"http:\/\/site.zile.bel.tr\/index.php\/wp-json\/wp\/v2\/users\/1"}],"replies":[{"embeddable":true,"href":"http:\/\/site.zile.bel.tr\/index.php\/wp-json\/wp\/v2\/comments?post=7205"}],"version-history":[{"count":1,"href":"http:\/\/site.zile.bel.tr\/index.php\/wp-json\/wp\/v2\/posts\/7205\/revisions"}],"predecessor-version":[{"id":7207,"href":"http:\/\/site.zile.bel.tr\/index.php\/wp-json\/wp\/v2\/posts\/7205\/revisions\/7207"}],"wp:featuredmedia":[{"embeddable":true,"href":"http:\/\/site.zile.bel.tr\/index.php\/wp-json\/wp\/v2\/media\/7206"}],"wp:attachment":[{"href":"http:\/\/site.zile.bel.tr\/index.php\/wp-json\/wp\/v2\/media?parent=7205"}],"wp:term":[{"taxonomy":"category","embeddable":true,"href":"http:\/\/site.zile.bel.tr\/index.php\/wp-json\/wp\/v2\/categories?post=7205"},{"taxonomy":"post_tag","embeddable":true,"href":"http:\/\/site.zile.bel.tr\/index.php\/wp-json\/wp\/v2\/tags?post=7205"}],"curies":[{"name":"wp","href":"https:\/\/api.w.org\/{rel}","templated":true}]}}