{"id":7213,"date":"2024-04-23T10:38:59","date_gmt":"2024-04-23T07:38:59","guid":{"rendered":"https:\/\/site.zile.bel.tr\/?p=7213"},"modified":"2024-04-29T10:41:41","modified_gmt":"2024-04-29T07:41:41","slug":"baskan-caglanin-ilk-icraati","status":"publish","type":"post","link":"http:\/\/site.zile.bel.tr\/index.php\/2024\/04\/23\/baskan-caglanin-ilk-icraati\/","title":{"rendered":"BA\u015eKAN \u00c7A\u011eLA&#8217;NIN \u0130LK \u0130CRAATI"},"content":{"rendered":"<div class=\"xdj266r x11i5rnm xat24cr x1mh8g0r x1vvkbs x126k92a\">\n<div dir=\"auto\">BA\u015eKAN \u00c7A\u011eLA&#8217;NIN \u0130LK \u0130CRAATI<\/div>\n<div dir=\"auto\"><img loading=\"lazy\" decoding=\"async\" class=\"alignnone wp-image-7214\" src=\"http:\/\/site.zile.bel.tr\/wp-content\/uploads\/2024\/04\/439486956_470579182016503_7676007251573782073_n-300x200.jpg\" alt=\"\" width=\"800\" height=\"533\" srcset=\"http:\/\/site.zile.bel.tr\/wp-content\/uploads\/2024\/04\/439486956_470579182016503_7676007251573782073_n-300x200.jpg 300w, http:\/\/site.zile.bel.tr\/wp-content\/uploads\/2024\/04\/439486956_470579182016503_7676007251573782073_n-1024x682.jpg 1024w, http:\/\/site.zile.bel.tr\/wp-content\/uploads\/2024\/04\/439486956_470579182016503_7676007251573782073_n-768x512.jpg 768w, http:\/\/site.zile.bel.tr\/wp-content\/uploads\/2024\/04\/439486956_470579182016503_7676007251573782073_n-1536x1023.jpg 1536w, http:\/\/site.zile.bel.tr\/wp-content\/uploads\/2024\/04\/439486956_470579182016503_7676007251573782073_n.jpg 1600w\" sizes=\"auto, (max-width: 800px) 100vw, 800px\" \/><\/div>\n<\/div>\n<div class=\"x11i5rnm xat24cr x1mh8g0r x1vvkbs xtlvy1s x126k92a\">\n<div dir=\"auto\">23 Nisan Ulusal Egemenlik Bayram\u0131 nedeni ile Zile Belediye Ba\u015fkan\u0131 \u015e\u00fckr\u00fc Sarg\u0131n makam\u0131 Mehmet Akif \u0130lkokulu 2\/B s\u0131n\u0131f\u0131 \u00f6\u011frencisi \u00c7a\u011fla U\u00c7AR&#8217;A devretti.<\/div>\n<div dir=\"auto\"><img loading=\"lazy\" decoding=\"async\" class=\"alignnone wp-image-7215\" src=\"http:\/\/site.zile.bel.tr\/wp-content\/uploads\/2024\/04\/439620036_470579258683162_1585173987155654772_n-300x200.jpg\" alt=\"\" width=\"800\" height=\"533\" srcset=\"http:\/\/site.zile.bel.tr\/wp-content\/uploads\/2024\/04\/439620036_470579258683162_1585173987155654772_n-300x200.jpg 300w, http:\/\/site.zile.bel.tr\/wp-content\/uploads\/2024\/04\/439620036_470579258683162_1585173987155654772_n-1024x682.jpg 1024w, http:\/\/site.zile.bel.tr\/wp-content\/uploads\/2024\/04\/439620036_470579258683162_1585173987155654772_n-768x512.jpg 768w, http:\/\/site.zile.bel.tr\/wp-content\/uploads\/2024\/04\/439620036_470579258683162_1585173987155654772_n-1536x1023.jpg 1536w, http:\/\/site.zile.bel.tr\/wp-content\/uploads\/2024\/04\/439620036_470579258683162_1585173987155654772_n.jpg 1600w\" sizes=\"auto, (max-width: 800px) 100vw, 800px\" \/><\/div>\n<\/div>\n<div class=\"x11i5rnm xat24cr x1mh8g0r x1vvkbs xtlvy1s x126k92a\">\n<div dir=\"auto\">G\u00f6revi devralan \u00c7a\u011fla Ba\u015fkan ilk icraat olarak Zile&#8217;de ki park, bah\u00e7e ve t\u00fcm bo\u015f alanlara fidan dikilmesi talimat\u0131n\u0131 verdi.<\/div>\n<\/div>\n<div class=\"x11i5rnm xat24cr x1mh8g0r x1vvkbs xtlvy1s x126k92a\">\n<div dir=\"auto\">Ba\u015fkan \u00c7a\u011fla U\u00e7ar&#8221; D\u00fcnya ye\u015fil iken daha g\u00fczel. Ye\u015fil bir Zile i\u00e7in hep birlikte \u00e7al\u0131\u015faca\u011f\u0131z&#8221; dedi.<\/div>\n<div dir=\"auto\"><img loading=\"lazy\" decoding=\"async\" class=\"alignnone wp-image-7216\" src=\"http:\/\/site.zile.bel.tr\/wp-content\/uploads\/2024\/04\/439461340_470579115349843_9044771904538219773_n-300x200.jpg\" alt=\"\" width=\"800\" height=\"533\" srcset=\"http:\/\/site.zile.bel.tr\/wp-content\/uploads\/2024\/04\/439461340_470579115349843_9044771904538219773_n-300x200.jpg 300w, http:\/\/site.zile.bel.tr\/wp-content\/uploads\/2024\/04\/439461340_470579115349843_9044771904538219773_n-1024x682.jpg 1024w, http:\/\/site.zile.bel.tr\/wp-content\/uploads\/2024\/04\/439461340_470579115349843_9044771904538219773_n-768x512.jpg 768w, http:\/\/site.zile.bel.tr\/wp-content\/uploads\/2024\/04\/439461340_470579115349843_9044771904538219773_n-1536x1023.jpg 1536w, http:\/\/site.zile.bel.tr\/wp-content\/uploads\/2024\/04\/439461340_470579115349843_9044771904538219773_n.jpg 1600w\" sizes=\"auto, (max-width: 800px) 100vw, 800px\" \/><\/div>\n<div dir=\"auto\"><img loading=\"lazy\" decoding=\"async\" class=\"alignnone wp-image-7217\" src=\"http:\/\/site.zile.bel.tr\/wp-content\/uploads\/2024\/04\/439456798_470579288683159_1850226717138671064_n-300x200.jpg\" alt=\"\" width=\"800\" height=\"533\" srcset=\"http:\/\/site.zile.bel.tr\/wp-content\/uploads\/2024\/04\/439456798_470579288683159_1850226717138671064_n-300x200.jpg 300w, http:\/\/site.zile.bel.tr\/wp-content\/uploads\/2024\/04\/439456798_470579288683159_1850226717138671064_n-1024x682.jpg 1024w, http:\/\/site.zile.bel.tr\/wp-content\/uploads\/2024\/04\/439456798_470579288683159_1850226717138671064_n-768x512.jpg 768w, http:\/\/site.zile.bel.tr\/wp-content\/uploads\/2024\/04\/439456798_470579288683159_1850226717138671064_n-1536x1023.jpg 1536w, http:\/\/site.zile.bel.tr\/wp-content\/uploads\/2024\/04\/439456798_470579288683159_1850226717138671064_n.jpg 1600w\" sizes=\"auto, (max-width: 800px) 100vw, 800px\" \/><\/div>\n<\/div>\n","protected":false},"excerpt":{"rendered":"<p>BA\u015eKAN \u00c7A\u011eLA&#8217;NIN \u0130LK \u0130CRAATI 23 Nisan Ulusal Egemenlik Bayram\u0131 nedeni ile Zile Belediye Ba\u015fkan\u0131 \u015e\u00fckr\u00fc Sarg\u0131n makam\u0131 Mehmet Akif \u0130lkokulu 2\/B s\u0131n\u0131f\u0131 \u00f6\u011frencisi \u00c7a\u011fla U\u00c7AR&#8217;A devretti. G\u00f6revi devralan \u00c7a\u011fla Ba\u015fkan ilk icraat olarak Zile&#8217;de ki park, bah\u00e7e ve t\u00fcm bo\u015f alanlara fidan dikilmesi talimat\u0131n\u0131 verdi. Ba\u015fkan \u00c7a\u011fla U\u00e7ar&#8221; D\u00fcnya ye\u015fil iken daha g\u00fczel. Ye\u015fil bir [&hellip;]<\/p>\n","protected":false},"author":1,"featured_media":7216,"comment_status":"open","ping_status":"open","sticky":false,"template":"","format":"standard","meta":{"footnotes":""},"categories":[11],"tags":[],"class_list":["post-7213","post","type-post","status-publish","format-standard","has-post-thumbnail","hentry","category-haberler"],"_links":{"self":[{"href":"http:\/\/site.zile.bel.tr\/index.php\/wp-json\/wp\/v2\/posts\/7213","targetHints":{"allow":["GET"]}}],"collection":[{"href":"http:\/\/site.zile.bel.tr\/index.php\/wp-json\/wp\/v2\/posts"}],"about":[{"href":"http:\/\/site.zile.bel.tr\/index.php\/wp-json\/wp\/v2\/types\/post"}],"author":[{"embeddable":true,"href":"http:\/\/site.zile.bel.tr\/index.php\/wp-json\/wp\/v2\/users\/1"}],"replies":[{"embeddable":true,"href":"http:\/\/site.zile.bel.tr\/index.php\/wp-json\/wp\/v2\/comments?post=7213"}],"version-history":[{"count":1,"href":"http:\/\/site.zile.bel.tr\/index.php\/wp-json\/wp\/v2\/posts\/7213\/revisions"}],"predecessor-version":[{"id":7218,"href":"http:\/\/site.zile.bel.tr\/index.php\/wp-json\/wp\/v2\/posts\/7213\/revisions\/7218"}],"wp:featuredmedia":[{"embeddable":true,"href":"http:\/\/site.zile.bel.tr\/index.php\/wp-json\/wp\/v2\/media\/7216"}],"wp:attachment":[{"href":"http:\/\/site.zile.bel.tr\/index.php\/wp-json\/wp\/v2\/media?parent=7213"}],"wp:term":[{"taxonomy":"category","embeddable":true,"href":"http:\/\/site.zile.bel.tr\/index.php\/wp-json\/wp\/v2\/categories?post=7213"},{"taxonomy":"post_tag","embeddable":true,"href":"http:\/\/site.zile.bel.tr\/index.php\/wp-json\/wp\/v2\/tags?post=7213"}],"curies":[{"name":"wp","href":"https:\/\/api.w.org\/{rel}","templated":true}]}}