{"id":7237,"date":"2024-04-25T10:49:46","date_gmt":"2024-04-25T07:49:46","guid":{"rendered":"https:\/\/site.zile.bel.tr\/?p=7237"},"modified":"2024-04-29T10:52:25","modified_gmt":"2024-04-29T07:52:25","slug":"temur-prefabrikin-yeni-fabrikasinin-acilisi-yapildi","status":"publish","type":"post","link":"http:\/\/site.zile.bel.tr\/index.php\/2024\/04\/25\/temur-prefabrikin-yeni-fabrikasinin-acilisi-yapildi\/","title":{"rendered":"TEMUR PREFABR\u0130K&#8217;\u0130N YEN\u0130 FABR\u0130KASININ A\u00c7ILI\u015eI YAPILDI"},"content":{"rendered":"<div class=\"xdj266r x11i5rnm xat24cr x1mh8g0r x1vvkbs x126k92a\">\n<div dir=\"auto\">TEMUR PREFABR\u0130K&#8217;\u0130N YEN\u0130 FABR\u0130KASININ A\u00c7ILI\u015eI YAPILDI<\/div>\n<div dir=\"auto\"><img loading=\"lazy\" decoding=\"async\" class=\"alignnone wp-image-7238\" src=\"http:\/\/site.zile.bel.tr\/wp-content\/uploads\/2024\/04\/439713484_472070678534020_5377436393214108209_n-300x200.jpg\" alt=\"\" width=\"800\" height=\"533\" srcset=\"http:\/\/site.zile.bel.tr\/wp-content\/uploads\/2024\/04\/439713484_472070678534020_5377436393214108209_n-300x200.jpg 300w, http:\/\/site.zile.bel.tr\/wp-content\/uploads\/2024\/04\/439713484_472070678534020_5377436393214108209_n-1024x683.jpg 1024w, http:\/\/site.zile.bel.tr\/wp-content\/uploads\/2024\/04\/439713484_472070678534020_5377436393214108209_n-768x512.jpg 768w, http:\/\/site.zile.bel.tr\/wp-content\/uploads\/2024\/04\/439713484_472070678534020_5377436393214108209_n.jpg 1440w\" sizes=\"auto, (max-width: 800px) 100vw, 800px\" \/><\/div>\n<\/div>\n<div class=\"x11i5rnm xat24cr x1mh8g0r x1vvkbs xtlvy1s x126k92a\">\n<div dir=\"auto\">B\u00f6lgemizin en kapsaml\u0131 prefabrik yap\u0131 elemanlar\u0131 ve ekipmanlar\u0131 \u00fcreten Temur Prefabrik&#8217;in yeni fabrikas\u0131n\u0131n bug\u00fcn a\u00e7\u0131l\u0131\u015f\u0131 yap\u0131ld\u0131.<\/div>\n<div dir=\"auto\"><img loading=\"lazy\" decoding=\"async\" class=\"alignnone wp-image-7239\" src=\"http:\/\/site.zile.bel.tr\/wp-content\/uploads\/2024\/04\/438773667_471869408554147_8181025311226149392_n-300x200.jpg\" alt=\"\" width=\"800\" height=\"533\" srcset=\"http:\/\/site.zile.bel.tr\/wp-content\/uploads\/2024\/04\/438773667_471869408554147_8181025311226149392_n-300x200.jpg 300w, http:\/\/site.zile.bel.tr\/wp-content\/uploads\/2024\/04\/438773667_471869408554147_8181025311226149392_n-1024x683.jpg 1024w, http:\/\/site.zile.bel.tr\/wp-content\/uploads\/2024\/04\/438773667_471869408554147_8181025311226149392_n-768x512.jpg 768w, http:\/\/site.zile.bel.tr\/wp-content\/uploads\/2024\/04\/438773667_471869408554147_8181025311226149392_n-1536x1024.jpg 1536w, http:\/\/site.zile.bel.tr\/wp-content\/uploads\/2024\/04\/438773667_471869408554147_8181025311226149392_n.jpg 2048w\" sizes=\"auto, (max-width: 800px) 100vw, 800px\" \/><\/div>\n<\/div>\n<div class=\"x11i5rnm xat24cr x1mh8g0r x1vvkbs xtlvy1s x126k92a\">\n<div dir=\"auto\">\u00d6mer, Adem ve Ahmet Temur Karde\u015fler taraf\u0131ndan Zile -Turhal yolu, Zile \u00e7\u0131k\u0131\u015f\u0131na yap\u0131lan fabrika da prefabrik her t\u00fcrl\u00fc donat\u0131n\u0131n imalat\u0131 yap\u0131l\u0131yor.<\/div>\n<div dir=\"auto\"><img loading=\"lazy\" decoding=\"async\" class=\"alignnone wp-image-7240\" src=\"http:\/\/site.zile.bel.tr\/wp-content\/uploads\/2024\/04\/438742828_471869431887478_6179414233037025820_n-300x200.jpg\" alt=\"\" width=\"800\" height=\"533\" srcset=\"http:\/\/site.zile.bel.tr\/wp-content\/uploads\/2024\/04\/438742828_471869431887478_6179414233037025820_n-300x200.jpg 300w, http:\/\/site.zile.bel.tr\/wp-content\/uploads\/2024\/04\/438742828_471869431887478_6179414233037025820_n-1024x683.jpg 1024w, http:\/\/site.zile.bel.tr\/wp-content\/uploads\/2024\/04\/438742828_471869431887478_6179414233037025820_n-768x512.jpg 768w, http:\/\/site.zile.bel.tr\/wp-content\/uploads\/2024\/04\/438742828_471869431887478_6179414233037025820_n-1536x1024.jpg 1536w, http:\/\/site.zile.bel.tr\/wp-content\/uploads\/2024\/04\/438742828_471869431887478_6179414233037025820_n.jpg 2048w\" sizes=\"auto, (max-width: 800px) 100vw, 800px\" \/><\/div>\n<\/div>\n<div class=\"x11i5rnm xat24cr x1mh8g0r x1vvkbs xtlvy1s x126k92a\">\n<div dir=\"auto\">Zile Belediye Ba\u015fkan\u0131 \u015e\u00fckr\u00fc Sarg\u0131n &#8220;Temur Karde\u015fleri kutluyor,<\/div>\n<div dir=\"auto\">yat\u0131r\u0131m yaparak istihdam sa\u011flayan, t\u00fcm Anadolu Aslanlar\u0131na \u015f\u00fckranlar\u0131m\u0131z\u0131 sunuyoruz. Zile ekonomisine katk\u0131 sa\u011flayan elini de\u011fil ba\u015f\u0131n\u0131 ta\u015f\u0131n alt\u0131na koyan yat\u0131r\u0131mc\u0131lara belediye olarak elimizden gelen t\u00fcm deste\u011fi vermeye devam edece\u011fiz&#8221; dedi.<\/div>\n<\/div>\n<div class=\"x11i5rnm xat24cr x1mh8g0r x1vvkbs xtlvy1s x126k92a\">\n<div dir=\"auto\">Merzifon&#8217;da da bir fabrikalar\u0131 daha bulunan Temur Karde\u015fler, T\u00fcrkiye&#8217;nin her yerine prefabrik villa, ba\u011f evi, tekerlekli mobil konteyner, in\u015faat konteynerleri, deprem evleri, k\u00f6y evleri, kamp evleri, hayvan bar\u0131naklar\u0131, \u00e7elik evler yap\u0131yorlar.<\/div>\n<\/div>\n","protected":false},"excerpt":{"rendered":"<p>TEMUR PREFABR\u0130K&#8217;\u0130N YEN\u0130 FABR\u0130KASININ A\u00c7ILI\u015eI YAPILDI B\u00f6lgemizin en kapsaml\u0131 prefabrik yap\u0131 elemanlar\u0131 ve ekipmanlar\u0131 \u00fcreten Temur Prefabrik&#8217;in yeni fabrikas\u0131n\u0131n bug\u00fcn a\u00e7\u0131l\u0131\u015f\u0131 yap\u0131ld\u0131. \u00d6mer, Adem ve Ahmet Temur Karde\u015fler taraf\u0131ndan Zile -Turhal yolu, Zile \u00e7\u0131k\u0131\u015f\u0131na yap\u0131lan fabrika da prefabrik her t\u00fcrl\u00fc donat\u0131n\u0131n imalat\u0131 yap\u0131l\u0131yor. Zile Belediye Ba\u015fkan\u0131 \u015e\u00fckr\u00fc Sarg\u0131n &#8220;Temur Karde\u015fleri kutluyor, yat\u0131r\u0131m yaparak istihdam sa\u011flayan, [&hellip;]<\/p>\n","protected":false},"author":1,"featured_media":7238,"comment_status":"open","ping_status":"open","sticky":false,"template":"","format":"standard","meta":{"footnotes":""},"categories":[11],"tags":[],"class_list":["post-7237","post","type-post","status-publish","format-standard","has-post-thumbnail","hentry","category-haberler"],"_links":{"self":[{"href":"http:\/\/site.zile.bel.tr\/index.php\/wp-json\/wp\/v2\/posts\/7237","targetHints":{"allow":["GET"]}}],"collection":[{"href":"http:\/\/site.zile.bel.tr\/index.php\/wp-json\/wp\/v2\/posts"}],"about":[{"href":"http:\/\/site.zile.bel.tr\/index.php\/wp-json\/wp\/v2\/types\/post"}],"author":[{"embeddable":true,"href":"http:\/\/site.zile.bel.tr\/index.php\/wp-json\/wp\/v2\/users\/1"}],"replies":[{"embeddable":true,"href":"http:\/\/site.zile.bel.tr\/index.php\/wp-json\/wp\/v2\/comments?post=7237"}],"version-history":[{"count":1,"href":"http:\/\/site.zile.bel.tr\/index.php\/wp-json\/wp\/v2\/posts\/7237\/revisions"}],"predecessor-version":[{"id":7241,"href":"http:\/\/site.zile.bel.tr\/index.php\/wp-json\/wp\/v2\/posts\/7237\/revisions\/7241"}],"wp:featuredmedia":[{"embeddable":true,"href":"http:\/\/site.zile.bel.tr\/index.php\/wp-json\/wp\/v2\/media\/7238"}],"wp:attachment":[{"href":"http:\/\/site.zile.bel.tr\/index.php\/wp-json\/wp\/v2\/media?parent=7237"}],"wp:term":[{"taxonomy":"category","embeddable":true,"href":"http:\/\/site.zile.bel.tr\/index.php\/wp-json\/wp\/v2\/categories?post=7237"},{"taxonomy":"post_tag","embeddable":true,"href":"http:\/\/site.zile.bel.tr\/index.php\/wp-json\/wp\/v2\/tags?post=7237"}],"curies":[{"name":"wp","href":"https:\/\/api.w.org\/{rel}","templated":true}]}}