{"id":7242,"date":"2024-04-25T10:49:50","date_gmt":"2024-04-25T07:49:50","guid":{"rendered":"https:\/\/site.zile.bel.tr\/?p=7242"},"modified":"2024-04-29T10:52:11","modified_gmt":"2024-04-29T07:52:11","slug":"tubitak-bilim-senligi","status":"publish","type":"post","link":"http:\/\/site.zile.bel.tr\/index.php\/2024\/04\/25\/tubitak-bilim-senligi\/","title":{"rendered":"T\u00dcB\u0130TAK B\u0130L\u0130M \u015eENL\u0130\u011e\u0130"},"content":{"rendered":"<div class=\"xdj266r x11i5rnm xat24cr x1mh8g0r x1vvkbs x126k92a\">\n<div dir=\"auto\">T\u00dcB\u0130TAK B\u0130L\u0130M \u015eENL\u0130\u011e\u0130<\/div>\n<div dir=\"auto\"><img loading=\"lazy\" decoding=\"async\" class=\"alignnone wp-image-7243\" src=\"http:\/\/site.zile.bel.tr\/wp-content\/uploads\/2024\/04\/438082303_471926911881730_2773767057394824032_n-300x215.jpg\" alt=\"\" width=\"800\" height=\"575\" srcset=\"http:\/\/site.zile.bel.tr\/wp-content\/uploads\/2024\/04\/438082303_471926911881730_2773767057394824032_n-300x215.jpg 300w, http:\/\/site.zile.bel.tr\/wp-content\/uploads\/2024\/04\/438082303_471926911881730_2773767057394824032_n-1024x735.jpg 1024w, http:\/\/site.zile.bel.tr\/wp-content\/uploads\/2024\/04\/438082303_471926911881730_2773767057394824032_n-768x552.jpg 768w, http:\/\/site.zile.bel.tr\/wp-content\/uploads\/2024\/04\/438082303_471926911881730_2773767057394824032_n-1536x1103.jpg 1536w, http:\/\/site.zile.bel.tr\/wp-content\/uploads\/2024\/04\/438082303_471926911881730_2773767057394824032_n.jpg 1572w\" sizes=\"auto, (max-width: 800px) 100vw, 800px\" \/><\/div>\n<\/div>\n<div class=\"x11i5rnm xat24cr x1mh8g0r x1vvkbs xtlvy1s x126k92a\">\n<div dir=\"auto\">Zile Fevzi \u00c7akmak Ortaokulu \u00f6\u011frencileri taraf\u0131ndan d\u00fczenlenen bilim \u015fenli\u011fi olduk\u00e7a ilgi g\u00f6rd\u00fc.<\/div>\n<div dir=\"auto\"><img loading=\"lazy\" decoding=\"async\" class=\"alignnone wp-image-7244\" src=\"http:\/\/site.zile.bel.tr\/wp-content\/uploads\/2024\/04\/438095612_471926901881731_6333078298630713391_n-300x225.jpg\" alt=\"\" width=\"800\" height=\"600\" srcset=\"http:\/\/site.zile.bel.tr\/wp-content\/uploads\/2024\/04\/438095612_471926901881731_6333078298630713391_n-300x225.jpg 300w, http:\/\/site.zile.bel.tr\/wp-content\/uploads\/2024\/04\/438095612_471926901881731_6333078298630713391_n-1024x768.jpg 1024w, http:\/\/site.zile.bel.tr\/wp-content\/uploads\/2024\/04\/438095612_471926901881731_6333078298630713391_n-768x576.jpg 768w, http:\/\/site.zile.bel.tr\/wp-content\/uploads\/2024\/04\/438095612_471926901881731_6333078298630713391_n-1536x1152.jpg 1536w, http:\/\/site.zile.bel.tr\/wp-content\/uploads\/2024\/04\/438095612_471926901881731_6333078298630713391_n.jpg 1600w\" sizes=\"auto, (max-width: 800px) 100vw, 800px\" \/><\/div>\n<\/div>\n<div class=\"x11i5rnm xat24cr x1mh8g0r x1vvkbs xtlvy1s x126k92a\">\n<div dir=\"auto\">Okul \u00f6\u011frencilerinin yan\u0131 s\u0131ra velilerin de kat\u0131l\u0131m\u0131 ile ger\u00e7ekle\u015ftirilen bilim \u015fenli\u011finde \u00f6\u011frencilerin yapt\u0131\u011f\u0131 yenilik\u00e7i inovatif projeler kat\u0131l\u0131mc\u0131lara sunuldu.<\/div>\n<\/div>\n<div class=\"x11i5rnm xat24cr x1mh8g0r x1vvkbs xtlvy1s x126k92a\">\n<div dir=\"auto\">Bilim \u015fenli\u011finin a\u00e7\u0131l\u0131\u015f\u0131na kat\u0131lan Zile Belediye Ba\u015fkan\u0131 \u015e\u00fckr\u00fc SARGIN minik \u00f6\u011frencilerin proje sunumlar\u0131n\u0131 ilgili ile dinledi.<\/div>\n<div dir=\"auto\"><img loading=\"lazy\" decoding=\"async\" class=\"alignnone wp-image-7245\" src=\"http:\/\/site.zile.bel.tr\/wp-content\/uploads\/2024\/04\/438159439_471926825215072_6342108632962404287_n-300x146.jpg\" alt=\"\" width=\"800\" height=\"389\" srcset=\"http:\/\/site.zile.bel.tr\/wp-content\/uploads\/2024\/04\/438159439_471926825215072_6342108632962404287_n-300x146.jpg 300w, http:\/\/site.zile.bel.tr\/wp-content\/uploads\/2024\/04\/438159439_471926825215072_6342108632962404287_n-1024x497.jpg 1024w, http:\/\/site.zile.bel.tr\/wp-content\/uploads\/2024\/04\/438159439_471926825215072_6342108632962404287_n-768x373.jpg 768w, http:\/\/site.zile.bel.tr\/wp-content\/uploads\/2024\/04\/438159439_471926825215072_6342108632962404287_n-1536x746.jpg 1536w, http:\/\/site.zile.bel.tr\/wp-content\/uploads\/2024\/04\/438159439_471926825215072_6342108632962404287_n.jpg 1600w\" sizes=\"auto, (max-width: 800px) 100vw, 800px\" \/><\/div>\n<\/div>\n<div class=\"x11i5rnm xat24cr x1mh8g0r x1vvkbs xtlvy1s x126k92a\">\n<div dir=\"auto\">Ba\u015fkan SARGIN &#8221; Gen\u00e7lerimizin k\u00fc\u00e7\u00fck ya\u015fta bilimle fenle ilgilenmeleri, projeler yapmalar\u0131 olduk\u00e7a heyecan verici. Hayallerini proje format\u0131na d\u00f6n\u00fc\u015ft\u00fcrebilen bir nesil yeti\u015fiyor. Ulu \u00f6nder Atat\u00fcrk&#8217;\u00fcn dedi\u011fi gibi &#8220;Ey y\u00fckselen yeni nesil! \u0130stikbal sizsiniz. Cumhuriyeti biz kurduk, onu ila ve idame edecek sizsiniz.&#8221; dedi<\/div>\n<\/div>\n","protected":false},"excerpt":{"rendered":"<p>T\u00dcB\u0130TAK B\u0130L\u0130M \u015eENL\u0130\u011e\u0130 Zile Fevzi \u00c7akmak Ortaokulu \u00f6\u011frencileri taraf\u0131ndan d\u00fczenlenen bilim \u015fenli\u011fi olduk\u00e7a ilgi g\u00f6rd\u00fc. Okul \u00f6\u011frencilerinin yan\u0131 s\u0131ra velilerin de kat\u0131l\u0131m\u0131 ile ger\u00e7ekle\u015ftirilen bilim \u015fenli\u011finde \u00f6\u011frencilerin yapt\u0131\u011f\u0131 yenilik\u00e7i inovatif projeler kat\u0131l\u0131mc\u0131lara sunuldu. Bilim \u015fenli\u011finin a\u00e7\u0131l\u0131\u015f\u0131na kat\u0131lan Zile Belediye Ba\u015fkan\u0131 \u015e\u00fckr\u00fc SARGIN minik \u00f6\u011frencilerin proje sunumlar\u0131n\u0131 ilgili ile dinledi. Ba\u015fkan SARGIN &#8221; Gen\u00e7lerimizin k\u00fc\u00e7\u00fck ya\u015fta [&hellip;]<\/p>\n","protected":false},"author":1,"featured_media":7243,"comment_status":"open","ping_status":"open","sticky":false,"template":"","format":"standard","meta":{"footnotes":""},"categories":[11],"tags":[],"class_list":["post-7242","post","type-post","status-publish","format-standard","has-post-thumbnail","hentry","category-haberler"],"_links":{"self":[{"href":"http:\/\/site.zile.bel.tr\/index.php\/wp-json\/wp\/v2\/posts\/7242","targetHints":{"allow":["GET"]}}],"collection":[{"href":"http:\/\/site.zile.bel.tr\/index.php\/wp-json\/wp\/v2\/posts"}],"about":[{"href":"http:\/\/site.zile.bel.tr\/index.php\/wp-json\/wp\/v2\/types\/post"}],"author":[{"embeddable":true,"href":"http:\/\/site.zile.bel.tr\/index.php\/wp-json\/wp\/v2\/users\/1"}],"replies":[{"embeddable":true,"href":"http:\/\/site.zile.bel.tr\/index.php\/wp-json\/wp\/v2\/comments?post=7242"}],"version-history":[{"count":1,"href":"http:\/\/site.zile.bel.tr\/index.php\/wp-json\/wp\/v2\/posts\/7242\/revisions"}],"predecessor-version":[{"id":7246,"href":"http:\/\/site.zile.bel.tr\/index.php\/wp-json\/wp\/v2\/posts\/7242\/revisions\/7246"}],"wp:featuredmedia":[{"embeddable":true,"href":"http:\/\/site.zile.bel.tr\/index.php\/wp-json\/wp\/v2\/media\/7243"}],"wp:attachment":[{"href":"http:\/\/site.zile.bel.tr\/index.php\/wp-json\/wp\/v2\/media?parent=7242"}],"wp:term":[{"taxonomy":"category","embeddable":true,"href":"http:\/\/site.zile.bel.tr\/index.php\/wp-json\/wp\/v2\/categories?post=7242"},{"taxonomy":"post_tag","embeddable":true,"href":"http:\/\/site.zile.bel.tr\/index.php\/wp-json\/wp\/v2\/tags?post=7242"}],"curies":[{"name":"wp","href":"https:\/\/api.w.org\/{rel}","templated":true}]}}