{"id":7348,"date":"2024-05-15T11:06:57","date_gmt":"2024-05-15T08:06:57","guid":{"rendered":"https:\/\/site.zile.bel.tr\/?p=7348"},"modified":"2024-05-16T11:08:12","modified_gmt":"2024-05-16T08:08:12","slug":"sampiyona-odul","status":"publish","type":"post","link":"http:\/\/site.zile.bel.tr\/index.php\/2024\/05\/15\/sampiyona-odul\/","title":{"rendered":"\u015eAMP\u0130YONA \u00d6D\u00dcL"},"content":{"rendered":"<div class=\"xdj266r x11i5rnm xat24cr x1mh8g0r x1vvkbs x126k92a\">\n<div dir=\"auto\">\u015eAMP\u0130YONA \u00d6D\u00dcL<\/div>\n<div dir=\"auto\"><img loading=\"lazy\" decoding=\"async\" class=\"alignnone wp-image-7349\" src=\"http:\/\/site.zile.bel.tr\/wp-content\/uploads\/2024\/05\/441068139_484084140666007_4889646437107134406_n-300x200.jpg\" alt=\"\" width=\"800\" height=\"533\" srcset=\"http:\/\/site.zile.bel.tr\/wp-content\/uploads\/2024\/05\/441068139_484084140666007_4889646437107134406_n-300x200.jpg 300w, http:\/\/site.zile.bel.tr\/wp-content\/uploads\/2024\/05\/441068139_484084140666007_4889646437107134406_n-1024x683.jpg 1024w, http:\/\/site.zile.bel.tr\/wp-content\/uploads\/2024\/05\/441068139_484084140666007_4889646437107134406_n-768x512.jpg 768w, http:\/\/site.zile.bel.tr\/wp-content\/uploads\/2024\/05\/441068139_484084140666007_4889646437107134406_n-1536x1024.jpg 1536w, http:\/\/site.zile.bel.tr\/wp-content\/uploads\/2024\/05\/441068139_484084140666007_4889646437107134406_n.jpg 2048w\" sizes=\"auto, (max-width: 800px) 100vw, 800px\" \/><\/div>\n<\/div>\n<div class=\"x11i5rnm xat24cr x1mh8g0r x1vvkbs xtlvy1s x126k92a\">\n<div dir=\"auto\">Bilek G\u00fcre\u015fi T\u00fcrkiye \u015eampiyonas\u0131&#8217;nda Necmi Muammer Ortaokulu \u00f6\u011frencisi Yusuf Keskin 65 kg sa\u011f-sol kolda T\u00fcrkiye birincisi oldu.<\/div>\n<\/div>\n<div class=\"x11i5rnm xat24cr x1mh8g0r x1vvkbs xtlvy1s x126k92a\">\n<div dir=\"auto\">Zile Belediye Ba\u015fkan\u0131 \u015e\u00fckr\u00fc Sarg\u0131n gen\u00e7 \u015fampiyon ve antren\u00f6r\u00fcn\u00fc makam\u0131nda kabul etti. \u015eampiyonu alt\u0131nla \u00f6d\u00fcllendiren Ba\u015fkan SARGIN&#8221; Yusuf bizim g\u00f6\u011fs\u00fcm\u00fcz\u00fc kabartt\u0131. 76 rakibi hem sa\u011f kol, hem de sol kolda yenerek klasman\u0131nda T\u00fcrkiye \u015eampiyonlu\u011funu kazand\u0131. Okul y\u00f6netimini, antren\u00f6r\u00fcn\u00fc ve \u015fampiyonumuzu can\u0131 g\u00f6n\u00fclden kutluyorum&#8221; dedi.<\/div>\n<\/div>\n","protected":false},"excerpt":{"rendered":"<p>\u015eAMP\u0130YONA \u00d6D\u00dcL Bilek G\u00fcre\u015fi T\u00fcrkiye \u015eampiyonas\u0131&#8217;nda Necmi Muammer Ortaokulu \u00f6\u011frencisi Yusuf Keskin 65 kg sa\u011f-sol kolda T\u00fcrkiye birincisi oldu. Zile Belediye Ba\u015fkan\u0131 \u015e\u00fckr\u00fc Sarg\u0131n gen\u00e7 \u015fampiyon ve antren\u00f6r\u00fcn\u00fc makam\u0131nda kabul etti. \u015eampiyonu alt\u0131nla \u00f6d\u00fcllendiren Ba\u015fkan SARGIN&#8221; Yusuf bizim g\u00f6\u011fs\u00fcm\u00fcz\u00fc kabartt\u0131. 76 rakibi hem sa\u011f kol, hem de sol kolda yenerek klasman\u0131nda T\u00fcrkiye \u015eampiyonlu\u011funu kazand\u0131. Okul [&hellip;]<\/p>\n","protected":false},"author":1,"featured_media":7349,"comment_status":"open","ping_status":"open","sticky":false,"template":"","format":"standard","meta":{"footnotes":""},"categories":[11],"tags":[],"class_list":["post-7348","post","type-post","status-publish","format-standard","has-post-thumbnail","hentry","category-haberler"],"_links":{"self":[{"href":"http:\/\/site.zile.bel.tr\/index.php\/wp-json\/wp\/v2\/posts\/7348","targetHints":{"allow":["GET"]}}],"collection":[{"href":"http:\/\/site.zile.bel.tr\/index.php\/wp-json\/wp\/v2\/posts"}],"about":[{"href":"http:\/\/site.zile.bel.tr\/index.php\/wp-json\/wp\/v2\/types\/post"}],"author":[{"embeddable":true,"href":"http:\/\/site.zile.bel.tr\/index.php\/wp-json\/wp\/v2\/users\/1"}],"replies":[{"embeddable":true,"href":"http:\/\/site.zile.bel.tr\/index.php\/wp-json\/wp\/v2\/comments?post=7348"}],"version-history":[{"count":1,"href":"http:\/\/site.zile.bel.tr\/index.php\/wp-json\/wp\/v2\/posts\/7348\/revisions"}],"predecessor-version":[{"id":7350,"href":"http:\/\/site.zile.bel.tr\/index.php\/wp-json\/wp\/v2\/posts\/7348\/revisions\/7350"}],"wp:featuredmedia":[{"embeddable":true,"href":"http:\/\/site.zile.bel.tr\/index.php\/wp-json\/wp\/v2\/media\/7349"}],"wp:attachment":[{"href":"http:\/\/site.zile.bel.tr\/index.php\/wp-json\/wp\/v2\/media?parent=7348"}],"wp:term":[{"taxonomy":"category","embeddable":true,"href":"http:\/\/site.zile.bel.tr\/index.php\/wp-json\/wp\/v2\/categories?post=7348"},{"taxonomy":"post_tag","embeddable":true,"href":"http:\/\/site.zile.bel.tr\/index.php\/wp-json\/wp\/v2\/tags?post=7348"}],"curies":[{"name":"wp","href":"https:\/\/api.w.org\/{rel}","templated":true}]}}