{"id":7357,"date":"2024-05-17T10:21:26","date_gmt":"2024-05-17T07:21:26","guid":{"rendered":"https:\/\/site.zile.bel.tr\/?p=7357"},"modified":"2024-05-17T10:23:53","modified_gmt":"2024-05-17T07:23:53","slug":"biraz-empati-birazcik-anlayis","status":"publish","type":"post","link":"http:\/\/site.zile.bel.tr\/index.php\/2024\/05\/17\/biraz-empati-birazcik-anlayis\/","title":{"rendered":"B\u0130RAZ EMPAT\u0130, B\u0130RAZCIK ANLAYI\u015e"},"content":{"rendered":"<div class=\"xdj266r x11i5rnm xat24cr x1mh8g0r x1vvkbs x126k92a\">\n<div dir=\"auto\">B\u0130RAZ EMPAT\u0130, B\u0130RAZCIK ANLAYI\u015e<\/div>\n<div dir=\"auto\"><img loading=\"lazy\" decoding=\"async\" class=\"alignnone wp-image-7358\" src=\"http:\/\/site.zile.bel.tr\/wp-content\/uploads\/2024\/05\/442485896_485354600538961_804712621668191065_n-300x200.jpg\" alt=\"\" width=\"800\" height=\"533\" srcset=\"http:\/\/site.zile.bel.tr\/wp-content\/uploads\/2024\/05\/442485896_485354600538961_804712621668191065_n-300x200.jpg 300w, http:\/\/site.zile.bel.tr\/wp-content\/uploads\/2024\/05\/442485896_485354600538961_804712621668191065_n-1024x682.jpg 1024w, http:\/\/site.zile.bel.tr\/wp-content\/uploads\/2024\/05\/442485896_485354600538961_804712621668191065_n-768x512.jpg 768w, http:\/\/site.zile.bel.tr\/wp-content\/uploads\/2024\/05\/442485896_485354600538961_804712621668191065_n-1536x1023.jpg 1536w, http:\/\/site.zile.bel.tr\/wp-content\/uploads\/2024\/05\/442485896_485354600538961_804712621668191065_n.jpg 1600w\" sizes=\"auto, (max-width: 800px) 100vw, 800px\" \/><\/div>\n<\/div>\n<div class=\"x11i5rnm xat24cr x1mh8g0r x1vvkbs xtlvy1s x126k92a\">\n<div dir=\"auto\">Engeller haftas\u0131 nedeni ile Zile Engelliler Derne\u011fi taraf\u0131ndan bir hafta dolu dolu etkinlik d\u00fczenlendi.<\/div>\n<div dir=\"auto\"><img loading=\"lazy\" decoding=\"async\" class=\"alignnone wp-image-7359\" src=\"http:\/\/site.zile.bel.tr\/wp-content\/uploads\/2024\/05\/442466761_485355253872229_252323074096468181_n-300x200.jpg\" alt=\"\" width=\"800\" height=\"533\" srcset=\"http:\/\/site.zile.bel.tr\/wp-content\/uploads\/2024\/05\/442466761_485355253872229_252323074096468181_n-300x200.jpg 300w, http:\/\/site.zile.bel.tr\/wp-content\/uploads\/2024\/05\/442466761_485355253872229_252323074096468181_n-1024x682.jpg 1024w, http:\/\/site.zile.bel.tr\/wp-content\/uploads\/2024\/05\/442466761_485355253872229_252323074096468181_n-768x512.jpg 768w, http:\/\/site.zile.bel.tr\/wp-content\/uploads\/2024\/05\/442466761_485355253872229_252323074096468181_n-1536x1023.jpg 1536w, http:\/\/site.zile.bel.tr\/wp-content\/uploads\/2024\/05\/442466761_485355253872229_252323074096468181_n.jpg 1600w\" sizes=\"auto, (max-width: 800px) 100vw, 800px\" \/><\/div>\n<\/div>\n<div class=\"x11i5rnm xat24cr x1mh8g0r x1vvkbs xtlvy1s x126k92a\">\n<div dir=\"auto\">Etkinliklere hem\u015ferilerimizin ve il\u00e7e protokol\u00fc n\u00fcn kat\u0131l\u0131m\u0131 olduk\u00e7a fazlayd\u0131.<\/div>\n<div dir=\"auto\"><img loading=\"lazy\" decoding=\"async\" class=\"alignnone wp-image-7360\" src=\"http:\/\/site.zile.bel.tr\/wp-content\/uploads\/2024\/05\/442472153_485354710538950_6177159809262610907_n-300x200.jpg\" alt=\"\" width=\"800\" height=\"533\" srcset=\"http:\/\/site.zile.bel.tr\/wp-content\/uploads\/2024\/05\/442472153_485354710538950_6177159809262610907_n-300x200.jpg 300w, http:\/\/site.zile.bel.tr\/wp-content\/uploads\/2024\/05\/442472153_485354710538950_6177159809262610907_n-1024x682.jpg 1024w, http:\/\/site.zile.bel.tr\/wp-content\/uploads\/2024\/05\/442472153_485354710538950_6177159809262610907_n-768x512.jpg 768w, http:\/\/site.zile.bel.tr\/wp-content\/uploads\/2024\/05\/442472153_485354710538950_6177159809262610907_n-1536x1023.jpg 1536w, http:\/\/site.zile.bel.tr\/wp-content\/uploads\/2024\/05\/442472153_485354710538950_6177159809262610907_n.jpg 1600w\" sizes=\"auto, (max-width: 800px) 100vw, 800px\" \/><\/div>\n<\/div>\n<div class=\"x11i5rnm xat24cr x1mh8g0r x1vvkbs xtlvy1s x126k92a\">\n<div dir=\"auto\">Ak\u015fam Saray Sinema Salonunda ki son TSM konserine \u0130l\u00e7e Kaymakam\u0131 \u00c7a\u011flar Tekin, Belediye Ba\u015fkan\u0131 \u015e\u00fckr\u00fc Sarg\u0131n, siyasi parti temsilcileri, STK y\u00f6neticileri, engelli aileleri ve \u00e7ok say\u0131da hem\u015ferimiz kat\u0131ld\u0131.<\/div>\n<div dir=\"auto\"><img loading=\"lazy\" decoding=\"async\" class=\"alignnone wp-image-7361\" src=\"http:\/\/site.zile.bel.tr\/wp-content\/uploads\/2024\/05\/442471981_485355357205552_861894231824227017_n-300x200.jpg\" alt=\"\" width=\"800\" height=\"533\" srcset=\"http:\/\/site.zile.bel.tr\/wp-content\/uploads\/2024\/05\/442471981_485355357205552_861894231824227017_n-300x200.jpg 300w, http:\/\/site.zile.bel.tr\/wp-content\/uploads\/2024\/05\/442471981_485355357205552_861894231824227017_n-1024x682.jpg 1024w, http:\/\/site.zile.bel.tr\/wp-content\/uploads\/2024\/05\/442471981_485355357205552_861894231824227017_n-768x512.jpg 768w, http:\/\/site.zile.bel.tr\/wp-content\/uploads\/2024\/05\/442471981_485355357205552_861894231824227017_n-1536x1023.jpg 1536w, http:\/\/site.zile.bel.tr\/wp-content\/uploads\/2024\/05\/442471981_485355357205552_861894231824227017_n.jpg 1600w\" sizes=\"auto, (max-width: 800px) 100vw, 800px\" \/><\/div>\n<\/div>\n<div class=\"x11i5rnm xat24cr x1mh8g0r x1vvkbs xtlvy1s x126k92a\">\n<div dir=\"auto\">Kaymakam \u00c7a\u011flar ve Belediye Ba\u015fkan\u0131 Sarg\u0131n organizasyonlar\u0131n mimari Zile Engelliler Derne\u011fi Ba\u015fkan\u0131 Halil \u0130\u00e7can&#8217;\u0131 t\u00fcm engelliler ad\u0131na tebrik ettiler.<\/div>\n<\/div>\n<div class=\"x11i5rnm xat24cr x1mh8g0r x1vvkbs xtlvy1s x126k92a\">\n<div dir=\"auto\">TSM sanat\u00e7\u0131s\u0131 hem\u015ferimiz Ay\u015feg\u00fcl Alt\u0131nsar\u0131 da g\u00fczel bir konser icra etti.<\/div>\n<div dir=\"auto\"><img loading=\"lazy\" decoding=\"async\" class=\"alignnone wp-image-7362\" src=\"http:\/\/site.zile.bel.tr\/wp-content\/uploads\/2024\/05\/442491011_485355070538914_5681074369542336219_n-300x200.jpg\" alt=\"\" width=\"800\" height=\"533\" srcset=\"http:\/\/site.zile.bel.tr\/wp-content\/uploads\/2024\/05\/442491011_485355070538914_5681074369542336219_n-300x200.jpg 300w, http:\/\/site.zile.bel.tr\/wp-content\/uploads\/2024\/05\/442491011_485355070538914_5681074369542336219_n-1024x682.jpg 1024w, http:\/\/site.zile.bel.tr\/wp-content\/uploads\/2024\/05\/442491011_485355070538914_5681074369542336219_n-768x512.jpg 768w, http:\/\/site.zile.bel.tr\/wp-content\/uploads\/2024\/05\/442491011_485355070538914_5681074369542336219_n-1536x1023.jpg 1536w, http:\/\/site.zile.bel.tr\/wp-content\/uploads\/2024\/05\/442491011_485355070538914_5681074369542336219_n.jpg 1600w\" sizes=\"auto, (max-width: 800px) 100vw, 800px\" \/><\/div>\n<div dir=\"auto\"><img loading=\"lazy\" decoding=\"async\" class=\"alignnone wp-image-7364\" src=\"http:\/\/site.zile.bel.tr\/wp-content\/uploads\/2024\/05\/442475653_485355103872244_5389782128031352436_n-300x200.jpg\" alt=\"\" width=\"800\" height=\"533\" srcset=\"http:\/\/site.zile.bel.tr\/wp-content\/uploads\/2024\/05\/442475653_485355103872244_5389782128031352436_n-300x200.jpg 300w, http:\/\/site.zile.bel.tr\/wp-content\/uploads\/2024\/05\/442475653_485355103872244_5389782128031352436_n-1024x682.jpg 1024w, http:\/\/site.zile.bel.tr\/wp-content\/uploads\/2024\/05\/442475653_485355103872244_5389782128031352436_n-768x512.jpg 768w, http:\/\/site.zile.bel.tr\/wp-content\/uploads\/2024\/05\/442475653_485355103872244_5389782128031352436_n-1536x1023.jpg 1536w, http:\/\/site.zile.bel.tr\/wp-content\/uploads\/2024\/05\/442475653_485355103872244_5389782128031352436_n.jpg 1600w\" sizes=\"auto, (max-width: 800px) 100vw, 800px\" \/><\/div>\n<div dir=\"auto\"><img loading=\"lazy\" decoding=\"async\" class=\"alignnone wp-image-7366\" src=\"http:\/\/site.zile.bel.tr\/wp-content\/uploads\/2024\/05\/442484122_485355130538908_4420595496557968216_n-300x200.jpg\" alt=\"\" width=\"800\" height=\"533\" srcset=\"http:\/\/site.zile.bel.tr\/wp-content\/uploads\/2024\/05\/442484122_485355130538908_4420595496557968216_n-300x200.jpg 300w, http:\/\/site.zile.bel.tr\/wp-content\/uploads\/2024\/05\/442484122_485355130538908_4420595496557968216_n-1024x682.jpg 1024w, http:\/\/site.zile.bel.tr\/wp-content\/uploads\/2024\/05\/442484122_485355130538908_4420595496557968216_n-768x512.jpg 768w, http:\/\/site.zile.bel.tr\/wp-content\/uploads\/2024\/05\/442484122_485355130538908_4420595496557968216_n-1536x1023.jpg 1536w, http:\/\/site.zile.bel.tr\/wp-content\/uploads\/2024\/05\/442484122_485355130538908_4420595496557968216_n.jpg 1600w\" sizes=\"auto, (max-width: 800px) 100vw, 800px\" \/><\/div>\n<div dir=\"auto\"><img loading=\"lazy\" decoding=\"async\" class=\"alignnone wp-image-7368\" src=\"http:\/\/site.zile.bel.tr\/wp-content\/uploads\/2024\/05\/440788899_485355227205565_1832935390936498205_n-300x200.jpg\" alt=\"\" width=\"800\" height=\"533\" srcset=\"http:\/\/site.zile.bel.tr\/wp-content\/uploads\/2024\/05\/440788899_485355227205565_1832935390936498205_n-300x200.jpg 300w, http:\/\/site.zile.bel.tr\/wp-content\/uploads\/2024\/05\/440788899_485355227205565_1832935390936498205_n-1024x682.jpg 1024w, http:\/\/site.zile.bel.tr\/wp-content\/uploads\/2024\/05\/440788899_485355227205565_1832935390936498205_n-768x512.jpg 768w, http:\/\/site.zile.bel.tr\/wp-content\/uploads\/2024\/05\/440788899_485355227205565_1832935390936498205_n-1536x1023.jpg 1536w, http:\/\/site.zile.bel.tr\/wp-content\/uploads\/2024\/05\/440788899_485355227205565_1832935390936498205_n.jpg 1600w\" sizes=\"auto, (max-width: 800px) 100vw, 800px\" \/><\/div>\n<\/div>\n","protected":false},"excerpt":{"rendered":"<p>B\u0130RAZ EMPAT\u0130, B\u0130RAZCIK ANLAYI\u015e Engeller haftas\u0131 nedeni ile Zile Engelliler Derne\u011fi taraf\u0131ndan bir hafta dolu dolu etkinlik d\u00fczenlendi. Etkinliklere hem\u015ferilerimizin ve il\u00e7e protokol\u00fc n\u00fcn kat\u0131l\u0131m\u0131 olduk\u00e7a fazlayd\u0131. Ak\u015fam Saray Sinema Salonunda ki son TSM konserine \u0130l\u00e7e Kaymakam\u0131 \u00c7a\u011flar Tekin, Belediye Ba\u015fkan\u0131 \u015e\u00fckr\u00fc Sarg\u0131n, siyasi parti temsilcileri, STK y\u00f6neticileri, engelli aileleri ve \u00e7ok say\u0131da hem\u015ferimiz kat\u0131ld\u0131. [&hellip;]<\/p>\n","protected":false},"author":1,"featured_media":7362,"comment_status":"open","ping_status":"open","sticky":false,"template":"","format":"standard","meta":{"footnotes":""},"categories":[11],"tags":[],"class_list":["post-7357","post","type-post","status-publish","format-standard","has-post-thumbnail","hentry","category-haberler"],"_links":{"self":[{"href":"http:\/\/site.zile.bel.tr\/index.php\/wp-json\/wp\/v2\/posts\/7357","targetHints":{"allow":["GET"]}}],"collection":[{"href":"http:\/\/site.zile.bel.tr\/index.php\/wp-json\/wp\/v2\/posts"}],"about":[{"href":"http:\/\/site.zile.bel.tr\/index.php\/wp-json\/wp\/v2\/types\/post"}],"author":[{"embeddable":true,"href":"http:\/\/site.zile.bel.tr\/index.php\/wp-json\/wp\/v2\/users\/1"}],"replies":[{"embeddable":true,"href":"http:\/\/site.zile.bel.tr\/index.php\/wp-json\/wp\/v2\/comments?post=7357"}],"version-history":[{"count":4,"href":"http:\/\/site.zile.bel.tr\/index.php\/wp-json\/wp\/v2\/posts\/7357\/revisions"}],"predecessor-version":[{"id":7369,"href":"http:\/\/site.zile.bel.tr\/index.php\/wp-json\/wp\/v2\/posts\/7357\/revisions\/7369"}],"wp:featuredmedia":[{"embeddable":true,"href":"http:\/\/site.zile.bel.tr\/index.php\/wp-json\/wp\/v2\/media\/7362"}],"wp:attachment":[{"href":"http:\/\/site.zile.bel.tr\/index.php\/wp-json\/wp\/v2\/media?parent=7357"}],"wp:term":[{"taxonomy":"category","embeddable":true,"href":"http:\/\/site.zile.bel.tr\/index.php\/wp-json\/wp\/v2\/categories?post=7357"},{"taxonomy":"post_tag","embeddable":true,"href":"http:\/\/site.zile.bel.tr\/index.php\/wp-json\/wp\/v2\/tags?post=7357"}],"curies":[{"name":"wp","href":"https:\/\/api.w.org\/{rel}","templated":true}]}}