{"id":7421,"date":"2024-05-22T13:34:34","date_gmt":"2024-05-22T10:34:34","guid":{"rendered":"https:\/\/site.zile.bel.tr\/?p=7421"},"modified":"2024-05-22T13:34:34","modified_gmt":"2024-05-22T10:34:34","slug":"zile-dernekler-federasyonundan-baskan-sargina-ziyaret","status":"publish","type":"post","link":"http:\/\/site.zile.bel.tr\/index.php\/2024\/05\/22\/zile-dernekler-federasyonundan-baskan-sargina-ziyaret\/","title":{"rendered":"Zile Dernekler Federasyonu&#8217;ndan Ba\u015fkan Sarg\u0131n&#8217;a Ziyaret"},"content":{"rendered":"<div class=\"xdj266r x11i5rnm xat24cr x1mh8g0r x1vvkbs x126k92a\">\n<div dir=\"auto\">Zile Dernekler Federasyonu Ba\u015fkan\u0131 \u0130smail Bekta\u015f ile y\u00f6netimi kurulu \u00fcyeleri Arif Akba\u015f ve R\u0131za Kurnaz, Zile Belediye Ba\u015fkan\u0131 \u015e\u00fckr\u00fc Sarg\u0131n\u2019\u0131 makam\u0131nda ziyaret ederek hay\u0131rl\u0131 olsun ziyaretinde bulundular.<\/div>\n<div dir=\"auto\"><img loading=\"lazy\" decoding=\"async\" class=\"alignnone wp-image-7423\" src=\"http:\/\/site.zile.bel.tr\/wp-content\/uploads\/2024\/05\/442481027_488557730218648_5123876557074980884_n-300x200.jpg\" alt=\"\" width=\"800\" height=\"533\" srcset=\"http:\/\/site.zile.bel.tr\/wp-content\/uploads\/2024\/05\/442481027_488557730218648_5123876557074980884_n-300x200.jpg 300w, http:\/\/site.zile.bel.tr\/wp-content\/uploads\/2024\/05\/442481027_488557730218648_5123876557074980884_n-1024x682.jpg 1024w, http:\/\/site.zile.bel.tr\/wp-content\/uploads\/2024\/05\/442481027_488557730218648_5123876557074980884_n-768x512.jpg 768w, http:\/\/site.zile.bel.tr\/wp-content\/uploads\/2024\/05\/442481027_488557730218648_5123876557074980884_n-1536x1023.jpg 1536w, http:\/\/site.zile.bel.tr\/wp-content\/uploads\/2024\/05\/442481027_488557730218648_5123876557074980884_n.jpg 1600w\" sizes=\"auto, (max-width: 800px) 100vw, 800px\" \/><\/div>\n<\/div>\n<div class=\"x11i5rnm xat24cr x1mh8g0r x1vvkbs xtlvy1s x126k92a\">\n<div dir=\"auto\">Dernek Ba\u015fkan\u0131 \u0130smail Bekta\u015f, &#8220;Biz her ne kadar \u0130stanbul&#8217;da ya\u015fasak da, kalbimiz her zaman Zile&#8217;de. Belediyemiz ile in\u015fallah ortak projelere imza ataca\u011f\u0131z&#8221; dedi.<\/div>\n<div dir=\"auto\"><img loading=\"lazy\" decoding=\"async\" class=\"alignnone wp-image-7424\" src=\"http:\/\/site.zile.bel.tr\/wp-content\/uploads\/2024\/05\/442487911_488557810218640_5656315845932666481_n-300x195.jpg\" alt=\"\" width=\"800\" height=\"521\" srcset=\"http:\/\/site.zile.bel.tr\/wp-content\/uploads\/2024\/05\/442487911_488557810218640_5656315845932666481_n-300x195.jpg 300w, http:\/\/site.zile.bel.tr\/wp-content\/uploads\/2024\/05\/442487911_488557810218640_5656315845932666481_n-1024x667.jpg 1024w, http:\/\/site.zile.bel.tr\/wp-content\/uploads\/2024\/05\/442487911_488557810218640_5656315845932666481_n-768x500.jpg 768w, http:\/\/site.zile.bel.tr\/wp-content\/uploads\/2024\/05\/442487911_488557810218640_5656315845932666481_n-1536x1000.jpg 1536w, http:\/\/site.zile.bel.tr\/wp-content\/uploads\/2024\/05\/442487911_488557810218640_5656315845932666481_n.jpg 1600w\" sizes=\"auto, (max-width: 800px) 100vw, 800px\" \/><\/div>\n<\/div>\n<div class=\"x11i5rnm xat24cr x1mh8g0r x1vvkbs xtlvy1s x126k92a\">\n<div dir=\"auto\">Zile Belediye Ba\u015fkan\u0131 \u015e\u00fckr\u00fc Sarg\u0131n&#8217;da, &#8220;Zile&#8217; de ya\u015fayan hem\u015ferilerimizin say\u0131s\u0131 34 bin civar\u0131nda. Zile d\u0131\u015f\u0131nda ya\u015fayan yakla\u015f\u0131k 400 bin Zileli var. Bu hem\u015ferimizin en yo\u011fun ya\u015fad\u0131\u011f\u0131 yer \u0130stanbul. Dolay\u0131s\u0131 ile bu hem\u015fehrilerimiz ile ili\u015fkilerimizi STK\u2019lar arac\u0131l\u0131\u011f\u0131 ile yap\u0131yoruz. Federasyonumuz ile s\u00fcrekli ileti\u015fim halindeyiz\u201d<\/div>\n<\/div>\n","protected":false},"excerpt":{"rendered":"<p>Zile Dernekler Federasyonu Ba\u015fkan\u0131 \u0130smail Bekta\u015f ile y\u00f6netimi kurulu \u00fcyeleri Arif Akba\u015f ve R\u0131za Kurnaz, Zile Belediye Ba\u015fkan\u0131 \u015e\u00fckr\u00fc Sarg\u0131n\u2019\u0131 makam\u0131nda ziyaret ederek hay\u0131rl\u0131 olsun ziyaretinde bulundular. Dernek Ba\u015fkan\u0131 \u0130smail Bekta\u015f, &#8220;Biz her ne kadar \u0130stanbul&#8217;da ya\u015fasak da, kalbimiz her zaman Zile&#8217;de. Belediyemiz ile in\u015fallah ortak projelere imza ataca\u011f\u0131z&#8221; dedi. Zile Belediye Ba\u015fkan\u0131 \u015e\u00fckr\u00fc Sarg\u0131n&#8217;da, [&hellip;]<\/p>\n","protected":false},"author":1,"featured_media":7423,"comment_status":"open","ping_status":"open","sticky":false,"template":"","format":"standard","meta":{"footnotes":""},"categories":[11],"tags":[],"class_list":["post-7421","post","type-post","status-publish","format-standard","has-post-thumbnail","hentry","category-haberler"],"_links":{"self":[{"href":"http:\/\/site.zile.bel.tr\/index.php\/wp-json\/wp\/v2\/posts\/7421","targetHints":{"allow":["GET"]}}],"collection":[{"href":"http:\/\/site.zile.bel.tr\/index.php\/wp-json\/wp\/v2\/posts"}],"about":[{"href":"http:\/\/site.zile.bel.tr\/index.php\/wp-json\/wp\/v2\/types\/post"}],"author":[{"embeddable":true,"href":"http:\/\/site.zile.bel.tr\/index.php\/wp-json\/wp\/v2\/users\/1"}],"replies":[{"embeddable":true,"href":"http:\/\/site.zile.bel.tr\/index.php\/wp-json\/wp\/v2\/comments?post=7421"}],"version-history":[{"count":1,"href":"http:\/\/site.zile.bel.tr\/index.php\/wp-json\/wp\/v2\/posts\/7421\/revisions"}],"predecessor-version":[{"id":7425,"href":"http:\/\/site.zile.bel.tr\/index.php\/wp-json\/wp\/v2\/posts\/7421\/revisions\/7425"}],"wp:featuredmedia":[{"embeddable":true,"href":"http:\/\/site.zile.bel.tr\/index.php\/wp-json\/wp\/v2\/media\/7423"}],"wp:attachment":[{"href":"http:\/\/site.zile.bel.tr\/index.php\/wp-json\/wp\/v2\/media?parent=7421"}],"wp:term":[{"taxonomy":"category","embeddable":true,"href":"http:\/\/site.zile.bel.tr\/index.php\/wp-json\/wp\/v2\/categories?post=7421"},{"taxonomy":"post_tag","embeddable":true,"href":"http:\/\/site.zile.bel.tr\/index.php\/wp-json\/wp\/v2\/tags?post=7421"}],"curies":[{"name":"wp","href":"https:\/\/api.w.org\/{rel}","templated":true}]}}