{"id":7428,"date":"2024-05-23T11:10:40","date_gmt":"2024-05-23T08:10:40","guid":{"rendered":"https:\/\/site.zile.bel.tr\/?p=7428"},"modified":"2024-05-23T11:10:40","modified_gmt":"2024-05-23T08:10:40","slug":"aziz-sehidimize-allahtan-rahmet-kederli-ailesine-turk-silahli-kuvvetleri-ile-asil-milletimize-bassagligi-ve-sabir-dilerim","status":"publish","type":"post","link":"http:\/\/site.zile.bel.tr\/index.php\/2024\/05\/23\/aziz-sehidimize-allahtan-rahmet-kederli-ailesine-turk-silahli-kuvvetleri-ile-asil-milletimize-bassagligi-ve-sabir-dilerim\/","title":{"rendered":"Aziz \u015fehidimize Allah&#8217;tan rahmet, kederli ailesine, T\u00fcrk Silahl\u0131 Kuvvetleri ile asil milletimize ba\u015fsa\u011fl\u0131\u011f\u0131 ve sab\u0131r dilerim."},"content":{"rendered":"<p><img loading=\"lazy\" decoding=\"async\" class=\"alignnone wp-image-7429\" src=\"http:\/\/site.zile.bel.tr\/wp-content\/uploads\/2024\/05\/sehit-300x300.jpg\" alt=\"\" width=\"800\" height=\"800\" srcset=\"http:\/\/site.zile.bel.tr\/wp-content\/uploads\/2024\/05\/sehit-300x300.jpg 300w, http:\/\/site.zile.bel.tr\/wp-content\/uploads\/2024\/05\/sehit-150x150.jpg 150w, http:\/\/site.zile.bel.tr\/wp-content\/uploads\/2024\/05\/sehit-768x768.jpg 768w, http:\/\/site.zile.bel.tr\/wp-content\/uploads\/2024\/05\/sehit.jpg 1024w\" sizes=\"auto, (max-width: 800px) 100vw, 800px\" \/><\/p>\n<div dir=\"auto\">Pen\u00e7e-Kilit operasyonu b\u00f6lgesinde, Piyade S\u00f6zle\u015fmeli Er Vedat Zorba, b\u00f6l\u00fcc\u00fc ter\u00f6r \u00f6rg\u00fct\u00fc mensuplar\u0131 taraf\u0131ndan \u00f6nceden yerle\u015ftirilen el yap\u0131m\u0131 patlay\u0131c\u0131 maddenin patlamas\u0131 sonucu \u015fehit olmu\u015ftur. Hayat\u0131n\u0131 kaybeden aziz \u015fehidimize Allah&#8217;tan rahmet, kederli ailesine, T\u00fcrk Silahl\u0131 Kuvvetleri ile asil milletimize ba\u015fsa\u011fl\u0131\u011f\u0131 ve sab\u0131r dilerim.<\/div>\n<div dir=\"auto\">\u015e\u00fckr\u00fc Sarg\u0131n<\/div>\n<div dir=\"auto\">Zile Belediye Ba\u015fkan\u0131<\/div>\n","protected":false},"excerpt":{"rendered":"<p>Pen\u00e7e-Kilit operasyonu b\u00f6lgesinde, Piyade S\u00f6zle\u015fmeli Er Vedat Zorba, b\u00f6l\u00fcc\u00fc ter\u00f6r \u00f6rg\u00fct\u00fc mensuplar\u0131 taraf\u0131ndan \u00f6nceden yerle\u015ftirilen el yap\u0131m\u0131 patlay\u0131c\u0131 maddenin patlamas\u0131 sonucu \u015fehit olmu\u015ftur. Hayat\u0131n\u0131 kaybeden aziz \u015fehidimize Allah&#8217;tan rahmet, kederli ailesine, T\u00fcrk Silahl\u0131 Kuvvetleri ile asil milletimize ba\u015fsa\u011fl\u0131\u011f\u0131 ve sab\u0131r dilerim. \u015e\u00fckr\u00fc Sarg\u0131n Zile Belediye Ba\u015fkan\u0131<\/p>\n","protected":false},"author":1,"featured_media":7429,"comment_status":"open","ping_status":"open","sticky":false,"template":"","format":"standard","meta":{"footnotes":""},"categories":[11],"tags":[],"class_list":["post-7428","post","type-post","status-publish","format-standard","has-post-thumbnail","hentry","category-haberler"],"_links":{"self":[{"href":"http:\/\/site.zile.bel.tr\/index.php\/wp-json\/wp\/v2\/posts\/7428","targetHints":{"allow":["GET"]}}],"collection":[{"href":"http:\/\/site.zile.bel.tr\/index.php\/wp-json\/wp\/v2\/posts"}],"about":[{"href":"http:\/\/site.zile.bel.tr\/index.php\/wp-json\/wp\/v2\/types\/post"}],"author":[{"embeddable":true,"href":"http:\/\/site.zile.bel.tr\/index.php\/wp-json\/wp\/v2\/users\/1"}],"replies":[{"embeddable":true,"href":"http:\/\/site.zile.bel.tr\/index.php\/wp-json\/wp\/v2\/comments?post=7428"}],"version-history":[{"count":1,"href":"http:\/\/site.zile.bel.tr\/index.php\/wp-json\/wp\/v2\/posts\/7428\/revisions"}],"predecessor-version":[{"id":7430,"href":"http:\/\/site.zile.bel.tr\/index.php\/wp-json\/wp\/v2\/posts\/7428\/revisions\/7430"}],"wp:featuredmedia":[{"embeddable":true,"href":"http:\/\/site.zile.bel.tr\/index.php\/wp-json\/wp\/v2\/media\/7429"}],"wp:attachment":[{"href":"http:\/\/site.zile.bel.tr\/index.php\/wp-json\/wp\/v2\/media?parent=7428"}],"wp:term":[{"taxonomy":"category","embeddable":true,"href":"http:\/\/site.zile.bel.tr\/index.php\/wp-json\/wp\/v2\/categories?post=7428"},{"taxonomy":"post_tag","embeddable":true,"href":"http:\/\/site.zile.bel.tr\/index.php\/wp-json\/wp\/v2\/tags?post=7428"}],"curies":[{"name":"wp","href":"https:\/\/api.w.org\/{rel}","templated":true}]}}