{"id":7471,"date":"2024-06-11T16:33:57","date_gmt":"2024-06-11T13:33:57","guid":{"rendered":"https:\/\/site.zile.bel.tr\/?p=7471"},"modified":"2024-06-11T16:33:57","modified_gmt":"2024-06-11T13:33:57","slug":"pazar-belediye-baskani-pervanlardan-baskan-sargina-ziyaret","status":"publish","type":"post","link":"http:\/\/site.zile.bel.tr\/index.php\/2024\/06\/11\/pazar-belediye-baskani-pervanlardan-baskan-sargina-ziyaret\/","title":{"rendered":"Pazar Belediye Ba\u015fkan\u0131 Pervanlar&#8217;dan Ba\u015fkan Sarg\u0131n&#8217;a Ziyaret"},"content":{"rendered":"<div dir=\"auto\"><img loading=\"lazy\" decoding=\"async\" class=\"alignnone wp-image-7472\" src=\"http:\/\/site.zile.bel.tr\/wp-content\/uploads\/2024\/06\/447969953_500263109048110_6935654267159046186_n-300x222.jpg\" alt=\"\" width=\"800\" height=\"591\" srcset=\"http:\/\/site.zile.bel.tr\/wp-content\/uploads\/2024\/06\/447969953_500263109048110_6935654267159046186_n-300x222.jpg 300w, http:\/\/site.zile.bel.tr\/wp-content\/uploads\/2024\/06\/447969953_500263109048110_6935654267159046186_n-1024x756.jpg 1024w, http:\/\/site.zile.bel.tr\/wp-content\/uploads\/2024\/06\/447969953_500263109048110_6935654267159046186_n-768x567.jpg 768w, http:\/\/site.zile.bel.tr\/wp-content\/uploads\/2024\/06\/447969953_500263109048110_6935654267159046186_n-1536x1135.jpg 1536w, http:\/\/site.zile.bel.tr\/wp-content\/uploads\/2024\/06\/447969953_500263109048110_6935654267159046186_n.jpg 1600w\" sizes=\"auto, (max-width: 800px) 100vw, 800px\" \/><\/div>\n<div dir=\"auto\">Pazar Belediye Ba\u015fkan\u0131 \u015eerafettin Pervanlar ve belediye meclis \u00fcyeleri, Zile Belediye Ba\u015fkan\u0131 \u015e\u00fckr\u00fc Sarg\u0131n\u2019\u0131 makam\u0131nda ziyaret ederek hay\u0131rl\u0131 olsun ziyaretinde bulundular.<\/div>\n<div dir=\"auto\">Nazik ziyaretleri i\u00e7in kendilerine te\u015fekk\u00fcr ederiz.<\/div>\n","protected":false},"excerpt":{"rendered":"<p>Pazar Belediye Ba\u015fkan\u0131 \u015eerafettin Pervanlar ve belediye meclis \u00fcyeleri, Zile Belediye Ba\u015fkan\u0131 \u015e\u00fckr\u00fc Sarg\u0131n\u2019\u0131 makam\u0131nda ziyaret ederek hay\u0131rl\u0131 olsun ziyaretinde bulundular. Nazik ziyaretleri i\u00e7in kendilerine te\u015fekk\u00fcr ederiz.<\/p>\n","protected":false},"author":1,"featured_media":7472,"comment_status":"open","ping_status":"open","sticky":false,"template":"","format":"standard","meta":{"footnotes":""},"categories":[11],"tags":[],"class_list":["post-7471","post","type-post","status-publish","format-standard","has-post-thumbnail","hentry","category-haberler"],"_links":{"self":[{"href":"http:\/\/site.zile.bel.tr\/index.php\/wp-json\/wp\/v2\/posts\/7471","targetHints":{"allow":["GET"]}}],"collection":[{"href":"http:\/\/site.zile.bel.tr\/index.php\/wp-json\/wp\/v2\/posts"}],"about":[{"href":"http:\/\/site.zile.bel.tr\/index.php\/wp-json\/wp\/v2\/types\/post"}],"author":[{"embeddable":true,"href":"http:\/\/site.zile.bel.tr\/index.php\/wp-json\/wp\/v2\/users\/1"}],"replies":[{"embeddable":true,"href":"http:\/\/site.zile.bel.tr\/index.php\/wp-json\/wp\/v2\/comments?post=7471"}],"version-history":[{"count":1,"href":"http:\/\/site.zile.bel.tr\/index.php\/wp-json\/wp\/v2\/posts\/7471\/revisions"}],"predecessor-version":[{"id":7473,"href":"http:\/\/site.zile.bel.tr\/index.php\/wp-json\/wp\/v2\/posts\/7471\/revisions\/7473"}],"wp:featuredmedia":[{"embeddable":true,"href":"http:\/\/site.zile.bel.tr\/index.php\/wp-json\/wp\/v2\/media\/7472"}],"wp:attachment":[{"href":"http:\/\/site.zile.bel.tr\/index.php\/wp-json\/wp\/v2\/media?parent=7471"}],"wp:term":[{"taxonomy":"category","embeddable":true,"href":"http:\/\/site.zile.bel.tr\/index.php\/wp-json\/wp\/v2\/categories?post=7471"},{"taxonomy":"post_tag","embeddable":true,"href":"http:\/\/site.zile.bel.tr\/index.php\/wp-json\/wp\/v2\/tags?post=7471"}],"curies":[{"name":"wp","href":"https:\/\/api.w.org\/{rel}","templated":true}]}}