{"id":7475,"date":"2024-06-12T13:13:59","date_gmt":"2024-06-12T10:13:59","guid":{"rendered":"https:\/\/site.zile.bel.tr\/?p=7475"},"modified":"2024-06-12T15:16:10","modified_gmt":"2024-06-12T12:16:10","slug":"sehide-son-gorev","status":"publish","type":"post","link":"http:\/\/site.zile.bel.tr\/index.php\/2024\/06\/12\/sehide-son-gorev\/","title":{"rendered":"\u015eEH\u0130DE SON G\u00d6REV"},"content":{"rendered":"<div class=\"xdj266r x11i5rnm xat24cr x1mh8g0r x1vvkbs x126k92a\">\n<div dir=\"auto\">\u015eEH\u0130DE SON G\u00d6REV<\/div>\n<div dir=\"auto\"><img loading=\"lazy\" decoding=\"async\" class=\"alignnone wp-image-7476\" src=\"http:\/\/site.zile.bel.tr\/wp-content\/uploads\/2024\/06\/448108883_500817868992634_8883746580110455144_n-300x200.jpg\" alt=\"\" width=\"800\" height=\"533\" srcset=\"http:\/\/site.zile.bel.tr\/wp-content\/uploads\/2024\/06\/448108883_500817868992634_8883746580110455144_n-300x200.jpg 300w, http:\/\/site.zile.bel.tr\/wp-content\/uploads\/2024\/06\/448108883_500817868992634_8883746580110455144_n-1024x682.jpg 1024w, http:\/\/site.zile.bel.tr\/wp-content\/uploads\/2024\/06\/448108883_500817868992634_8883746580110455144_n-768x512.jpg 768w, http:\/\/site.zile.bel.tr\/wp-content\/uploads\/2024\/06\/448108883_500817868992634_8883746580110455144_n-1536x1023.jpg 1536w, http:\/\/site.zile.bel.tr\/wp-content\/uploads\/2024\/06\/448108883_500817868992634_8883746580110455144_n.jpg 1600w\" sizes=\"auto, (max-width: 800px) 100vw, 800px\" \/><\/div>\n<\/div>\n<div class=\"x11i5rnm xat24cr x1mh8g0r x1vvkbs xtlvy1s x126k92a\">\n<div dir=\"auto\">Sinop&#8217;ta g\u00f6reve giderken ge\u00e7irdi\u011fi trafik kazas\u0131nda \u015fehit olan Dr. Mehmet Turan Yazlak memleketi olan Zile&#8217;de yap\u0131lan resmi t\u00f6renle topra\u011fa verildi.<\/div>\n<div dir=\"auto\"><img loading=\"lazy\" decoding=\"async\" class=\"alignnone wp-image-7478\" src=\"http:\/\/site.zile.bel.tr\/wp-content\/uploads\/2024\/06\/448048401_500817452326009_6877959179701552869_n-1-300x200.jpg\" alt=\"\" width=\"800\" height=\"533\" srcset=\"http:\/\/site.zile.bel.tr\/wp-content\/uploads\/2024\/06\/448048401_500817452326009_6877959179701552869_n-1-300x200.jpg 300w, http:\/\/site.zile.bel.tr\/wp-content\/uploads\/2024\/06\/448048401_500817452326009_6877959179701552869_n-1-1024x682.jpg 1024w, http:\/\/site.zile.bel.tr\/wp-content\/uploads\/2024\/06\/448048401_500817452326009_6877959179701552869_n-1-768x512.jpg 768w, http:\/\/site.zile.bel.tr\/wp-content\/uploads\/2024\/06\/448048401_500817452326009_6877959179701552869_n-1-1536x1023.jpg 1536w, http:\/\/site.zile.bel.tr\/wp-content\/uploads\/2024\/06\/448048401_500817452326009_6877959179701552869_n-1.jpg 1600w\" sizes=\"auto, (max-width: 800px) 100vw, 800px\" \/><\/div>\n<div dir=\"auto\">T\u00f6rene Tokat Valisi Numan Hatipo\u011flu, CHP Tokat Milletvekili kadim Durmaz, Zile \u0130l\u00e7e Kaymakam\u0131 \u00c7a\u011flar Tekin, Zile Belediye Ba\u015fkan\u0131 \u015e\u00fckr\u00fc Sarg\u0131n, il ve il\u00e7e protokol\u00fc ve \u00e7ok say\u0131da vatanda\u015f kat\u0131ld\u0131.<\/div>\n<div dir=\"auto\">\u015eehidimize Allah&#8217;tan rahmet yak\u0131nlar\u0131na ve sevenlerine ba\u015fsa\u011fl\u0131\u011f\u0131 diliyoruz.<\/div>\n<div dir=\"auto\">Ruhu \u015faad olsun<\/div>\n<div dir=\"auto\"><img loading=\"lazy\" decoding=\"async\" class=\"alignnone wp-image-7479\" src=\"http:\/\/site.zile.bel.tr\/wp-content\/uploads\/2024\/06\/447905993_500817748992646_7866343337692758031_n-300x200.jpg\" alt=\"\" width=\"800\" height=\"533\" srcset=\"http:\/\/site.zile.bel.tr\/wp-content\/uploads\/2024\/06\/447905993_500817748992646_7866343337692758031_n-300x200.jpg 300w, http:\/\/site.zile.bel.tr\/wp-content\/uploads\/2024\/06\/447905993_500817748992646_7866343337692758031_n-1024x682.jpg 1024w, http:\/\/site.zile.bel.tr\/wp-content\/uploads\/2024\/06\/447905993_500817748992646_7866343337692758031_n-768x512.jpg 768w, http:\/\/site.zile.bel.tr\/wp-content\/uploads\/2024\/06\/447905993_500817748992646_7866343337692758031_n-1536x1023.jpg 1536w, http:\/\/site.zile.bel.tr\/wp-content\/uploads\/2024\/06\/447905993_500817748992646_7866343337692758031_n.jpg 1600w\" sizes=\"auto, (max-width: 800px) 100vw, 800px\" \/><\/div>\n<\/div>\n","protected":false},"excerpt":{"rendered":"<p>\u015eEH\u0130DE SON G\u00d6REV Sinop&#8217;ta g\u00f6reve giderken ge\u00e7irdi\u011fi trafik kazas\u0131nda \u015fehit olan Dr. Mehmet Turan Yazlak memleketi olan Zile&#8217;de yap\u0131lan resmi t\u00f6renle topra\u011fa verildi. T\u00f6rene Tokat Valisi Numan Hatipo\u011flu, CHP Tokat Milletvekili kadim Durmaz, Zile \u0130l\u00e7e Kaymakam\u0131 \u00c7a\u011flar Tekin, Zile Belediye Ba\u015fkan\u0131 \u015e\u00fckr\u00fc Sarg\u0131n, il ve il\u00e7e protokol\u00fc ve \u00e7ok say\u0131da vatanda\u015f kat\u0131ld\u0131. \u015eehidimize Allah&#8217;tan rahmet [&hellip;]<\/p>\n","protected":false},"author":1,"featured_media":7479,"comment_status":"open","ping_status":"open","sticky":false,"template":"","format":"standard","meta":{"footnotes":""},"categories":[11],"tags":[],"class_list":["post-7475","post","type-post","status-publish","format-standard","has-post-thumbnail","hentry","category-haberler"],"_links":{"self":[{"href":"http:\/\/site.zile.bel.tr\/index.php\/wp-json\/wp\/v2\/posts\/7475","targetHints":{"allow":["GET"]}}],"collection":[{"href":"http:\/\/site.zile.bel.tr\/index.php\/wp-json\/wp\/v2\/posts"}],"about":[{"href":"http:\/\/site.zile.bel.tr\/index.php\/wp-json\/wp\/v2\/types\/post"}],"author":[{"embeddable":true,"href":"http:\/\/site.zile.bel.tr\/index.php\/wp-json\/wp\/v2\/users\/1"}],"replies":[{"embeddable":true,"href":"http:\/\/site.zile.bel.tr\/index.php\/wp-json\/wp\/v2\/comments?post=7475"}],"version-history":[{"count":1,"href":"http:\/\/site.zile.bel.tr\/index.php\/wp-json\/wp\/v2\/posts\/7475\/revisions"}],"predecessor-version":[{"id":7480,"href":"http:\/\/site.zile.bel.tr\/index.php\/wp-json\/wp\/v2\/posts\/7475\/revisions\/7480"}],"wp:featuredmedia":[{"embeddable":true,"href":"http:\/\/site.zile.bel.tr\/index.php\/wp-json\/wp\/v2\/media\/7479"}],"wp:attachment":[{"href":"http:\/\/site.zile.bel.tr\/index.php\/wp-json\/wp\/v2\/media?parent=7475"}],"wp:term":[{"taxonomy":"category","embeddable":true,"href":"http:\/\/site.zile.bel.tr\/index.php\/wp-json\/wp\/v2\/categories?post=7475"},{"taxonomy":"post_tag","embeddable":true,"href":"http:\/\/site.zile.bel.tr\/index.php\/wp-json\/wp\/v2\/tags?post=7475"}],"curies":[{"name":"wp","href":"https:\/\/api.w.org\/{rel}","templated":true}]}}