{"id":7518,"date":"2024-06-14T16:36:46","date_gmt":"2024-06-14T13:36:46","guid":{"rendered":"https:\/\/site.zile.bel.tr\/?p=7518"},"modified":"2024-06-14T16:36:46","modified_gmt":"2024-06-14T13:36:46","slug":"haserelere-karsi-yogun-mucadele","status":"publish","type":"post","link":"http:\/\/site.zile.bel.tr\/index.php\/2024\/06\/14\/haserelere-karsi-yogun-mucadele\/","title":{"rendered":"HA\u015eERELERE KAR\u015eI YO\u011eUN M\u00dcCADELE"},"content":{"rendered":"<div class=\"xdj266r x11i5rnm xat24cr x1mh8g0r x1vvkbs x126k92a\">\n<div dir=\"auto\">HA\u015eERELERE KAR\u015eI YO\u011eUN M\u00dcCADELE<\/div>\n<div dir=\"auto\"><img loading=\"lazy\" decoding=\"async\" class=\"alignnone wp-image-7519\" src=\"http:\/\/site.zile.bel.tr\/wp-content\/uploads\/2024\/06\/448104487_502068215534266_6670886454443069455_n-300x200.jpg\" alt=\"\" width=\"800\" height=\"533\" srcset=\"http:\/\/site.zile.bel.tr\/wp-content\/uploads\/2024\/06\/448104487_502068215534266_6670886454443069455_n-300x200.jpg 300w, http:\/\/site.zile.bel.tr\/wp-content\/uploads\/2024\/06\/448104487_502068215534266_6670886454443069455_n-1024x682.jpg 1024w, http:\/\/site.zile.bel.tr\/wp-content\/uploads\/2024\/06\/448104487_502068215534266_6670886454443069455_n-768x512.jpg 768w, http:\/\/site.zile.bel.tr\/wp-content\/uploads\/2024\/06\/448104487_502068215534266_6670886454443069455_n-1536x1023.jpg 1536w, http:\/\/site.zile.bel.tr\/wp-content\/uploads\/2024\/06\/448104487_502068215534266_6670886454443069455_n.jpg 1600w\" sizes=\"auto, (max-width: 800px) 100vw, 800px\" \/><\/div>\n<\/div>\n<div class=\"x11i5rnm xat24cr x1mh8g0r x1vvkbs xtlvy1s x126k92a\">\n<div dir=\"auto\">Mevsim normalleri \u00fczerinde seyreden a\u015f\u0131r\u0131 s\u0131caklar nedeni ile sinek ve ha\u015ferelere kar\u015f\u0131 ila\u00e7lama yap\u0131l\u0131yor.<\/div>\n<div dir=\"auto\"><img loading=\"lazy\" decoding=\"async\" class=\"alignnone wp-image-7520\" src=\"http:\/\/site.zile.bel.tr\/wp-content\/uploads\/2024\/06\/448353762_502068148867606_8013836022885834489_n-300x200.jpg\" alt=\"\" width=\"800\" height=\"533\" srcset=\"http:\/\/site.zile.bel.tr\/wp-content\/uploads\/2024\/06\/448353762_502068148867606_8013836022885834489_n-300x200.jpg 300w, http:\/\/site.zile.bel.tr\/wp-content\/uploads\/2024\/06\/448353762_502068148867606_8013836022885834489_n-1024x682.jpg 1024w, http:\/\/site.zile.bel.tr\/wp-content\/uploads\/2024\/06\/448353762_502068148867606_8013836022885834489_n-768x512.jpg 768w, http:\/\/site.zile.bel.tr\/wp-content\/uploads\/2024\/06\/448353762_502068148867606_8013836022885834489_n-1536x1023.jpg 1536w, http:\/\/site.zile.bel.tr\/wp-content\/uploads\/2024\/06\/448353762_502068148867606_8013836022885834489_n.jpg 1600w\" sizes=\"auto, (max-width: 800px) 100vw, 800px\" \/><\/div>\n<div dir=\"auto\">Bayram \u00f6ncesi hem\u015ferilerimizin rahat bir bayram ge\u00e7irebilmeleri i\u00e7in bir program dahilinde ha\u015ferelere kar\u015f\u0131 m\u00fccadele yap\u0131ld\u0131\u011f\u0131 belirtildi.<\/div>\n<div dir=\"auto\"><img loading=\"lazy\" decoding=\"async\" class=\"alignnone wp-image-7521\" src=\"http:\/\/site.zile.bel.tr\/wp-content\/uploads\/2024\/06\/448170796_502067965534291_2411767960493315454_n-300x200.jpg\" alt=\"\" width=\"800\" height=\"533\" srcset=\"http:\/\/site.zile.bel.tr\/wp-content\/uploads\/2024\/06\/448170796_502067965534291_2411767960493315454_n-300x200.jpg 300w, http:\/\/site.zile.bel.tr\/wp-content\/uploads\/2024\/06\/448170796_502067965534291_2411767960493315454_n-1024x682.jpg 1024w, http:\/\/site.zile.bel.tr\/wp-content\/uploads\/2024\/06\/448170796_502067965534291_2411767960493315454_n-768x512.jpg 768w, http:\/\/site.zile.bel.tr\/wp-content\/uploads\/2024\/06\/448170796_502067965534291_2411767960493315454_n-1536x1023.jpg 1536w, http:\/\/site.zile.bel.tr\/wp-content\/uploads\/2024\/06\/448170796_502067965534291_2411767960493315454_n.jpg 1600w\" sizes=\"auto, (max-width: 800px) 100vw, 800px\" \/><\/div>\n<\/div>\n","protected":false},"excerpt":{"rendered":"<p>HA\u015eERELERE KAR\u015eI YO\u011eUN M\u00dcCADELE Mevsim normalleri \u00fczerinde seyreden a\u015f\u0131r\u0131 s\u0131caklar nedeni ile sinek ve ha\u015ferelere kar\u015f\u0131 ila\u00e7lama yap\u0131l\u0131yor. Bayram \u00f6ncesi hem\u015ferilerimizin rahat bir bayram ge\u00e7irebilmeleri i\u00e7in bir program dahilinde ha\u015ferelere kar\u015f\u0131 m\u00fccadele yap\u0131ld\u0131\u011f\u0131 belirtildi.<\/p>\n","protected":false},"author":1,"featured_media":7521,"comment_status":"open","ping_status":"open","sticky":false,"template":"","format":"standard","meta":{"footnotes":""},"categories":[11],"tags":[],"class_list":["post-7518","post","type-post","status-publish","format-standard","has-post-thumbnail","hentry","category-haberler"],"_links":{"self":[{"href":"http:\/\/site.zile.bel.tr\/index.php\/wp-json\/wp\/v2\/posts\/7518","targetHints":{"allow":["GET"]}}],"collection":[{"href":"http:\/\/site.zile.bel.tr\/index.php\/wp-json\/wp\/v2\/posts"}],"about":[{"href":"http:\/\/site.zile.bel.tr\/index.php\/wp-json\/wp\/v2\/types\/post"}],"author":[{"embeddable":true,"href":"http:\/\/site.zile.bel.tr\/index.php\/wp-json\/wp\/v2\/users\/1"}],"replies":[{"embeddable":true,"href":"http:\/\/site.zile.bel.tr\/index.php\/wp-json\/wp\/v2\/comments?post=7518"}],"version-history":[{"count":1,"href":"http:\/\/site.zile.bel.tr\/index.php\/wp-json\/wp\/v2\/posts\/7518\/revisions"}],"predecessor-version":[{"id":7522,"href":"http:\/\/site.zile.bel.tr\/index.php\/wp-json\/wp\/v2\/posts\/7518\/revisions\/7522"}],"wp:featuredmedia":[{"embeddable":true,"href":"http:\/\/site.zile.bel.tr\/index.php\/wp-json\/wp\/v2\/media\/7521"}],"wp:attachment":[{"href":"http:\/\/site.zile.bel.tr\/index.php\/wp-json\/wp\/v2\/media?parent=7518"}],"wp:term":[{"taxonomy":"category","embeddable":true,"href":"http:\/\/site.zile.bel.tr\/index.php\/wp-json\/wp\/v2\/categories?post=7518"},{"taxonomy":"post_tag","embeddable":true,"href":"http:\/\/site.zile.bel.tr\/index.php\/wp-json\/wp\/v2\/tags?post=7518"}],"curies":[{"name":"wp","href":"https:\/\/api.w.org\/{rel}","templated":true}]}}