{"id":7544,"date":"2024-06-23T18:37:13","date_gmt":"2024-06-23T15:37:13","guid":{"rendered":"https:\/\/site.zile.bel.tr\/?p=7544"},"modified":"2024-06-24T08:42:46","modified_gmt":"2024-06-24T05:42:46","slug":"zile-kirazla-costu","status":"publish","type":"post","link":"http:\/\/site.zile.bel.tr\/index.php\/2024\/06\/23\/zile-kirazla-costu\/","title":{"rendered":"Z\u0130LE K\u0130RAZLA COSTU"},"content":{"rendered":"<div class=\"xdj266r x11i5rnm xat24cr x1mh8g0r x1vvkbs x126k92a\">\n<div dir=\"auto\">Z\u0130LE K\u0130RAZLA COSTU<\/div>\n<div dir=\"auto\"><img loading=\"lazy\" decoding=\"async\" class=\"alignnone wp-image-7545\" src=\"http:\/\/site.zile.bel.tr\/wp-content\/uploads\/2024\/06\/449135052_507653548309066_4134936137614048025_n-300x200.jpg\" alt=\"\" width=\"800\" height=\"533\" srcset=\"http:\/\/site.zile.bel.tr\/wp-content\/uploads\/2024\/06\/449135052_507653548309066_4134936137614048025_n-300x200.jpg 300w, http:\/\/site.zile.bel.tr\/wp-content\/uploads\/2024\/06\/449135052_507653548309066_4134936137614048025_n.jpg 593w\" sizes=\"auto, (max-width: 800px) 100vw, 800px\" \/><\/div>\n<\/div>\n<div class=\"x11i5rnm xat24cr x1mh8g0r x1vvkbs xtlvy1s x126k92a\">\n<div dir=\"auto\">1968 y\u0131l\u0131na kadar Kiraz Seyri, Kiraz Bayram\u0131, daha sonra festivale d\u00f6n\u00fc\u015fen Zile Kiraz Festivali coskulu ge\u00e7ti.<\/div>\n<div dir=\"auto\"><img loading=\"lazy\" decoding=\"async\" class=\"alignnone wp-image-7546\" src=\"http:\/\/site.zile.bel.tr\/wp-content\/uploads\/2024\/06\/448765333_507654431642311_6844730238158024440_n-300x168.jpg\" alt=\"\" width=\"800\" height=\"449\" srcset=\"http:\/\/site.zile.bel.tr\/wp-content\/uploads\/2024\/06\/448765333_507654431642311_6844730238158024440_n-300x168.jpg 300w, http:\/\/site.zile.bel.tr\/wp-content\/uploads\/2024\/06\/448765333_507654431642311_6844730238158024440_n-1024x575.jpg 1024w, http:\/\/site.zile.bel.tr\/wp-content\/uploads\/2024\/06\/448765333_507654431642311_6844730238158024440_n-768x431.jpg 768w, http:\/\/site.zile.bel.tr\/wp-content\/uploads\/2024\/06\/448765333_507654431642311_6844730238158024440_n-1536x862.jpg 1536w, http:\/\/site.zile.bel.tr\/wp-content\/uploads\/2024\/06\/448765333_507654431642311_6844730238158024440_n.jpg 1600w\" sizes=\"auto, (max-width: 800px) 100vw, 800px\" \/><\/div>\n<\/div>\n<div class=\"x11i5rnm xat24cr x1mh8g0r x1vvkbs xtlvy1s x126k92a\">\n<div dir=\"auto\">Belediye Ba\u011f\u0131nda ki etkinlikler de \u00e7ok say\u0131da mahalli sanat\u00e7\u0131lar binlerce izleyiciyi co\u015fturdu.<\/div>\n<div dir=\"auto\"><img loading=\"lazy\" decoding=\"async\" class=\"alignnone wp-image-7547\" src=\"http:\/\/site.zile.bel.tr\/wp-content\/uploads\/2024\/06\/448719290_507654468308974_8656402152765428183_n-300x200.jpg\" alt=\"\" width=\"800\" height=\"533\" srcset=\"http:\/\/site.zile.bel.tr\/wp-content\/uploads\/2024\/06\/448719290_507654468308974_8656402152765428183_n-300x200.jpg 300w, http:\/\/site.zile.bel.tr\/wp-content\/uploads\/2024\/06\/448719290_507654468308974_8656402152765428183_n-1024x682.jpg 1024w, http:\/\/site.zile.bel.tr\/wp-content\/uploads\/2024\/06\/448719290_507654468308974_8656402152765428183_n-768x512.jpg 768w, http:\/\/site.zile.bel.tr\/wp-content\/uploads\/2024\/06\/448719290_507654468308974_8656402152765428183_n-1536x1023.jpg 1536w, http:\/\/site.zile.bel.tr\/wp-content\/uploads\/2024\/06\/448719290_507654468308974_8656402152765428183_n.jpg 1600w\" sizes=\"auto, (max-width: 800px) 100vw, 800px\" \/><\/div>\n<\/div>\n<div class=\"x11i5rnm xat24cr x1mh8g0r x1vvkbs xtlvy1s x126k92a\">\n<div dir=\"auto\">Festival de ayr\u0131ca G\u00fcre\u015f ve Tekvando g\u00f6sterileri izleyicilerden tam not ald\u0131.<\/div>\n<div dir=\"auto\"><img loading=\"lazy\" decoding=\"async\" class=\"alignnone wp-image-7548\" src=\"http:\/\/site.zile.bel.tr\/wp-content\/uploads\/2024\/06\/449144571_507654508308970_5385950524145839110_n-300x200.jpg\" alt=\"\" width=\"800\" height=\"533\" srcset=\"http:\/\/site.zile.bel.tr\/wp-content\/uploads\/2024\/06\/449144571_507654508308970_5385950524145839110_n-300x200.jpg 300w, http:\/\/site.zile.bel.tr\/wp-content\/uploads\/2024\/06\/449144571_507654508308970_5385950524145839110_n-1024x682.jpg 1024w, http:\/\/site.zile.bel.tr\/wp-content\/uploads\/2024\/06\/449144571_507654508308970_5385950524145839110_n-768x512.jpg 768w, http:\/\/site.zile.bel.tr\/wp-content\/uploads\/2024\/06\/449144571_507654508308970_5385950524145839110_n-1536x1023.jpg 1536w, http:\/\/site.zile.bel.tr\/wp-content\/uploads\/2024\/06\/449144571_507654508308970_5385950524145839110_n.jpg 1600w\" sizes=\"auto, (max-width: 800px) 100vw, 800px\" \/><\/div>\n<\/div>\n<div class=\"x11i5rnm xat24cr x1mh8g0r x1vvkbs xtlvy1s x126k92a\">\n<div dir=\"auto\">Ayr\u0131ca festivale kat\u0131lanlara bir ton kiraz ikram edildi. Belediye Ba\u015fkan\u0131 \u015e\u00fckr\u00fc Sarg\u0131n kamuda tasarruf kararnamesinden dolay\u0131, festivali mahalli yapt\u0131klar\u0131n\u0131 belirterek &#8220;Festivalimiz bayram tatiline gelmesi nedeniyle olduk\u00e7a kalabal\u0131kt\u0131. Ba\u011f yollar\u0131m\u0131z da maalesef yo\u011funluktan dolay\u0131 kilitlendi. Bu sene protokol dahil hi\u00e7 kimseyi davet etmedik. Tasarruf genelgesi nedeniyle sadece bir g\u00fcn ba\u011f \u015fenlikleri yapt\u0131k&#8221; dedi.<\/div>\n<div dir=\"auto\"><img loading=\"lazy\" decoding=\"async\" class=\"alignnone wp-image-7549\" src=\"http:\/\/site.zile.bel.tr\/wp-content\/uploads\/2024\/06\/448706670_507653598309061_1199568320424783165_n-300x200.jpg\" alt=\"\" width=\"800\" height=\"533\" srcset=\"http:\/\/site.zile.bel.tr\/wp-content\/uploads\/2024\/06\/448706670_507653598309061_1199568320424783165_n-300x200.jpg 300w, http:\/\/site.zile.bel.tr\/wp-content\/uploads\/2024\/06\/448706670_507653598309061_1199568320424783165_n-1024x682.jpg 1024w, http:\/\/site.zile.bel.tr\/wp-content\/uploads\/2024\/06\/448706670_507653598309061_1199568320424783165_n-768x512.jpg 768w, http:\/\/site.zile.bel.tr\/wp-content\/uploads\/2024\/06\/448706670_507653598309061_1199568320424783165_n-1536x1023.jpg 1536w, http:\/\/site.zile.bel.tr\/wp-content\/uploads\/2024\/06\/448706670_507653598309061_1199568320424783165_n.jpg 1600w\" sizes=\"auto, (max-width: 800px) 100vw, 800px\" \/><\/div>\n<\/div>\n<div class=\"x11i5rnm xat24cr x1mh8g0r x1vvkbs xtlvy1s x126k92a\">\n<div dir=\"auto\">Tokat Milletvekili Kadim Durmaz da yapt\u0131\u011f\u0131 konu\u015fmada &#8221; Zile kadim bir il\u00e7emiz. Festivali, panay\u0131r\u0131, ba\u011f bozumu gibi k\u00fclt\u00fcrel etkinlikler geleneksel olarak d\u00fczenleniyor. Bu organizasyonlar dostlu\u011fu karde\u015fli\u011fi peki\u015ftiriyor. \u00dcmit ediyorum ki ileriki y\u0131llarda \u00fcreticiyi destekleyen \u00f6zendiren programlarda yap\u0131l\u0131r&#8221; dedi<\/div>\n<div dir=\"auto\"><img loading=\"lazy\" decoding=\"async\" class=\"alignnone wp-image-7550\" src=\"http:\/\/site.zile.bel.tr\/wp-content\/uploads\/2024\/06\/448966012_507654304975657_5878357988847939023_n-300x200.jpg\" alt=\"\" width=\"800\" height=\"533\" srcset=\"http:\/\/site.zile.bel.tr\/wp-content\/uploads\/2024\/06\/448966012_507654304975657_5878357988847939023_n-300x200.jpg 300w, http:\/\/site.zile.bel.tr\/wp-content\/uploads\/2024\/06\/448966012_507654304975657_5878357988847939023_n-1024x682.jpg 1024w, http:\/\/site.zile.bel.tr\/wp-content\/uploads\/2024\/06\/448966012_507654304975657_5878357988847939023_n-768x512.jpg 768w, http:\/\/site.zile.bel.tr\/wp-content\/uploads\/2024\/06\/448966012_507654304975657_5878357988847939023_n-1536x1023.jpg 1536w, http:\/\/site.zile.bel.tr\/wp-content\/uploads\/2024\/06\/448966012_507654304975657_5878357988847939023_n.jpg 1600w\" sizes=\"auto, (max-width: 800px) 100vw, 800px\" \/><\/div>\n<\/div>\n<div dir=\"auto\">\n\n\t\t<style type=\"text\/css\">\n\t\t\t#gallery-1 {\n\t\t\t\tmargin: auto;\n\t\t\t}\n\t\t\t#gallery-1 .gallery-item {\n\t\t\t\tfloat: left;\n\t\t\t\tmargin-top: 10px;\n\t\t\t\ttext-align: center;\n\t\t\t\twidth: 33%;\n\t\t\t}\n\t\t\t#gallery-1 img {\n\t\t\t\tborder: 2px solid #cfcfcf;\n\t\t\t}\n\t\t\t#gallery-1 .gallery-caption {\n\t\t\t\tmargin-left: 0;\n\t\t\t}\n\t\t\t\/* see gallery_shortcode() in wp-includes\/media.php *\/\n\t\t<\/style>\n\t\t<div id='gallery-1' class='gallery galleryid-7544 gallery-columns-3 gallery-size-thumbnail'><dl class='gallery-item'>\n\t\t\t<dt class='gallery-icon landscape'>\n\t\t\t\t<a href='http:\/\/site.zile.bel.tr\/wp-content\/uploads\/2024\/06\/448706670_507653598309061_1199568320424783165_n-1.jpg'><img loading=\"lazy\" decoding=\"async\" width=\"150\" height=\"150\" src=\"http:\/\/site.zile.bel.tr\/wp-content\/uploads\/2024\/06\/448706670_507653598309061_1199568320424783165_n-1-150x150.jpg\" class=\"attachment-thumbnail size-thumbnail\" alt=\"\" \/><\/a>\n\t\t\t<\/dt><\/dl><dl class='gallery-item'>\n\t\t\t<dt class='gallery-icon landscape'>\n\t\t\t\t<a href='http:\/\/site.zile.bel.tr\/wp-content\/uploads\/2024\/06\/448719290_507654468308974_8656402152765428183_n-1.jpg'><img loading=\"lazy\" decoding=\"async\" width=\"150\" height=\"150\" src=\"http:\/\/site.zile.bel.tr\/wp-content\/uploads\/2024\/06\/448719290_507654468308974_8656402152765428183_n-1-150x150.jpg\" class=\"attachment-thumbnail size-thumbnail\" alt=\"\" \/><\/a>\n\t\t\t<\/dt><\/dl><dl class='gallery-item'>\n\t\t\t<dt class='gallery-icon landscape'>\n\t\t\t\t<a href='http:\/\/site.zile.bel.tr\/wp-content\/uploads\/2024\/06\/448765333_507654431642311_6844730238158024440_n-1.jpg'><img loading=\"lazy\" decoding=\"async\" width=\"150\" height=\"150\" src=\"http:\/\/site.zile.bel.tr\/wp-content\/uploads\/2024\/06\/448765333_507654431642311_6844730238158024440_n-1-150x150.jpg\" class=\"attachment-thumbnail size-thumbnail\" alt=\"\" \/><\/a>\n\t\t\t<\/dt><\/dl><br style=\"clear: both\" \/><dl class='gallery-item'>\n\t\t\t<dt class='gallery-icon landscape'>\n\t\t\t\t<a href='http:\/\/site.zile.bel.tr\/wp-content\/uploads\/2024\/06\/448773433_507654398308981_3881329050900394630_n.jpg'><img loading=\"lazy\" decoding=\"async\" width=\"150\" height=\"150\" src=\"http:\/\/site.zile.bel.tr\/wp-content\/uploads\/2024\/06\/448773433_507654398308981_3881329050900394630_n-150x150.jpg\" class=\"attachment-thumbnail size-thumbnail\" alt=\"\" \/><\/a>\n\t\t\t<\/dt><\/dl><dl class='gallery-item'>\n\t\t\t<dt class='gallery-icon landscape'>\n\t\t\t\t<a href='http:\/\/site.zile.bel.tr\/wp-content\/uploads\/2024\/06\/448826035_507654218308999_8623970397781173979_n.jpg'><img loading=\"lazy\" decoding=\"async\" width=\"150\" height=\"150\" src=\"http:\/\/site.zile.bel.tr\/wp-content\/uploads\/2024\/06\/448826035_507654218308999_8623970397781173979_n-150x150.jpg\" class=\"attachment-thumbnail size-thumbnail\" alt=\"\" \/><\/a>\n\t\t\t<\/dt><\/dl><dl class='gallery-item'>\n\t\t\t<dt class='gallery-icon landscape'>\n\t\t\t\t<a href='http:\/\/site.zile.bel.tr\/wp-content\/uploads\/2024\/06\/448966012_507654304975657_5878357988847939023_n-1.jpg'><img loading=\"lazy\" decoding=\"async\" width=\"150\" height=\"150\" src=\"http:\/\/site.zile.bel.tr\/wp-content\/uploads\/2024\/06\/448966012_507654304975657_5878357988847939023_n-1-150x150.jpg\" class=\"attachment-thumbnail size-thumbnail\" alt=\"\" \/><\/a>\n\t\t\t<\/dt><\/dl><br style=\"clear: both\" \/><dl class='gallery-item'>\n\t\t\t<dt class='gallery-icon landscape'>\n\t\t\t\t<a href='http:\/\/site.zile.bel.tr\/wp-content\/uploads\/2024\/06\/449135052_507653548309066_4134936137614048025_n-1.jpg'><img loading=\"lazy\" decoding=\"async\" width=\"150\" height=\"150\" src=\"http:\/\/site.zile.bel.tr\/wp-content\/uploads\/2024\/06\/449135052_507653548309066_4134936137614048025_n-1-150x150.jpg\" class=\"attachment-thumbnail size-thumbnail\" alt=\"\" \/><\/a>\n\t\t\t<\/dt><\/dl><dl class='gallery-item'>\n\t\t\t<dt class='gallery-icon landscape'>\n\t\t\t\t<a href='http:\/\/site.zile.bel.tr\/wp-content\/uploads\/2024\/06\/449144571_507654508308970_5385950524145839110_n-1.jpg'><img loading=\"lazy\" decoding=\"async\" width=\"150\" height=\"150\" src=\"http:\/\/site.zile.bel.tr\/wp-content\/uploads\/2024\/06\/449144571_507654508308970_5385950524145839110_n-1-150x150.jpg\" class=\"attachment-thumbnail size-thumbnail\" alt=\"\" \/><\/a>\n\t\t\t<\/dt><\/dl>\n\t\t\t<br style='clear: both' \/>\n\t\t<\/div>\n\n<\/div>\n","protected":false},"excerpt":{"rendered":"<p>Z\u0130LE K\u0130RAZLA COSTU 1968 y\u0131l\u0131na kadar Kiraz Seyri, Kiraz Bayram\u0131, daha sonra festivale d\u00f6n\u00fc\u015fen Zile Kiraz Festivali coskulu ge\u00e7ti. Belediye Ba\u011f\u0131nda ki etkinlikler de \u00e7ok say\u0131da mahalli sanat\u00e7\u0131lar binlerce izleyiciyi co\u015fturdu. Festival de ayr\u0131ca G\u00fcre\u015f ve Tekvando g\u00f6sterileri izleyicilerden tam not ald\u0131. Ayr\u0131ca festivale kat\u0131lanlara bir ton kiraz ikram edildi. Belediye Ba\u015fkan\u0131 \u015e\u00fckr\u00fc Sarg\u0131n kamuda [&hellip;]<\/p>\n","protected":false},"author":1,"featured_media":7557,"comment_status":"open","ping_status":"open","sticky":false,"template":"","format":"standard","meta":{"footnotes":""},"categories":[11],"tags":[],"class_list":["post-7544","post","type-post","status-publish","format-standard","has-post-thumbnail","hentry","category-haberler"],"_links":{"self":[{"href":"http:\/\/site.zile.bel.tr\/index.php\/wp-json\/wp\/v2\/posts\/7544","targetHints":{"allow":["GET"]}}],"collection":[{"href":"http:\/\/site.zile.bel.tr\/index.php\/wp-json\/wp\/v2\/posts"}],"about":[{"href":"http:\/\/site.zile.bel.tr\/index.php\/wp-json\/wp\/v2\/types\/post"}],"author":[{"embeddable":true,"href":"http:\/\/site.zile.bel.tr\/index.php\/wp-json\/wp\/v2\/users\/1"}],"replies":[{"embeddable":true,"href":"http:\/\/site.zile.bel.tr\/index.php\/wp-json\/wp\/v2\/comments?post=7544"}],"version-history":[{"count":1,"href":"http:\/\/site.zile.bel.tr\/index.php\/wp-json\/wp\/v2\/posts\/7544\/revisions"}],"predecessor-version":[{"id":7559,"href":"http:\/\/site.zile.bel.tr\/index.php\/wp-json\/wp\/v2\/posts\/7544\/revisions\/7559"}],"wp:featuredmedia":[{"embeddable":true,"href":"http:\/\/site.zile.bel.tr\/index.php\/wp-json\/wp\/v2\/media\/7557"}],"wp:attachment":[{"href":"http:\/\/site.zile.bel.tr\/index.php\/wp-json\/wp\/v2\/media?parent=7544"}],"wp:term":[{"taxonomy":"category","embeddable":true,"href":"http:\/\/site.zile.bel.tr\/index.php\/wp-json\/wp\/v2\/categories?post=7544"},{"taxonomy":"post_tag","embeddable":true,"href":"http:\/\/site.zile.bel.tr\/index.php\/wp-json\/wp\/v2\/tags?post=7544"}],"curies":[{"name":"wp","href":"https:\/\/api.w.org\/{rel}","templated":true}]}}