{"id":7684,"date":"2024-07-08T21:18:28","date_gmt":"2024-07-08T18:18:28","guid":{"rendered":"https:\/\/site.zile.bel.tr\/?p=7684"},"modified":"2024-07-08T21:19:08","modified_gmt":"2024-07-08T18:19:08","slug":"kirkpinarin-aslanlarini-karsiliyoruz","status":"publish","type":"post","link":"http:\/\/site.zile.bel.tr\/index.php\/2024\/07\/08\/kirkpinarin-aslanlarini-karsiliyoruz\/","title":{"rendered":"KIRKPINAR&#8217;IN ASLANLARINI KAR\u015eILIYORUZ"},"content":{"rendered":"<div class=\"xdj266r x11i5rnm xat24cr x1mh8g0r x1vvkbs x126k92a\">\n<div dir=\"auto\">KIRKPINAR&#8217;IN ASLANLARINI KAR\u015eILIYORUZ<\/div>\n<div dir=\"auto\"><img loading=\"lazy\" decoding=\"async\" class=\"alignnone wp-image-7685\" src=\"http:\/\/site.zile.bel.tr\/wp-content\/uploads\/2024\/07\/450401415_516809470726807_7759527829621018545_n-300x254.jpg\" alt=\"\" width=\"800\" height=\"678\" srcset=\"http:\/\/site.zile.bel.tr\/wp-content\/uploads\/2024\/07\/450401415_516809470726807_7759527829621018545_n-300x254.jpg 300w, http:\/\/site.zile.bel.tr\/wp-content\/uploads\/2024\/07\/450401415_516809470726807_7759527829621018545_n-768x650.jpg 768w, http:\/\/site.zile.bel.tr\/wp-content\/uploads\/2024\/07\/450401415_516809470726807_7759527829621018545_n.jpg 960w\" sizes=\"auto, (max-width: 800px) 100vw, 800px\" \/><\/div>\n<\/div>\n<div class=\"x11i5rnm xat24cr x1mh8g0r x1vvkbs xtlvy1s x126k92a\">\n<div dir=\"auto\">663. Tarihi K\u0131rkp\u0131nar Ya\u011fl\u0131 G\u00fcre\u015flerinde b\u00fcy\u00fck bir ba\u015far\u0131 g\u00f6stererek 3 madalyay\u0131 Zile&#8217;ye getiren Pehlivanlar\u0131 yar\u0131n t\u00f6renle kar\u015f\u0131l\u0131yoruz.<\/div>\n<\/div>\n<div class=\"x11i5rnm xat24cr x1mh8g0r x1vvkbs xtlvy1s x126k92a\">\n<div dir=\"auto\">Yar\u0131n saat 11 de Adliye \u00f6n\u00fcnden davul zurna ve cazg\u0131r e\u015fli\u011finde pe\u015frev \u00e7ekerek eski H\u00fck\u00fcmet Kona\u011f\u0131 \u00f6n\u00fcne kadar getirece\u011fiz.<\/div>\n<div dir=\"auto\"><img loading=\"lazy\" decoding=\"async\" class=\"alignnone wp-image-7686\" src=\"http:\/\/site.zile.bel.tr\/wp-content\/uploads\/2024\/07\/450405208_516809424060145_8116518567318161042_n-223x300.jpg\" alt=\"\" width=\"800\" height=\"1079\" srcset=\"http:\/\/site.zile.bel.tr\/wp-content\/uploads\/2024\/07\/450405208_516809424060145_8116518567318161042_n-223x300.jpg 223w, http:\/\/site.zile.bel.tr\/wp-content\/uploads\/2024\/07\/450405208_516809424060145_8116518567318161042_n.jpg 712w\" sizes=\"auto, (max-width: 800px) 100vw, 800px\" \/><\/div>\n<\/div>\n<div class=\"x11i5rnm xat24cr x1mh8g0r x1vvkbs xtlvy1s x126k92a\">\n<div dir=\"auto\">Pehlivan\u0131m\u0131z Volkan Bilgin m\u00fcsabakalarda yaralanarak kafas\u0131nda 9 diki\u015f olmas\u0131na ra\u011fmen, g\u00fcre\u015fi terketmeyerek \u015fampiyonlu\u011fu kazand\u0131. Volkan Pehlivan\u0131n bu azmi K\u0131rkp\u0131nar tir\u00fcb\u00fcnlerinde ayakta alk\u0131\u015fland\u0131.<\/div>\n<div dir=\"auto\"><img loading=\"lazy\" decoding=\"async\" class=\"alignnone wp-image-7687\" src=\"http:\/\/site.zile.bel.tr\/wp-content\/uploads\/2024\/07\/450402118_516809450726809_7018647425170995656_n-201x300.jpg\" alt=\"\" width=\"800\" height=\"1194\" srcset=\"http:\/\/site.zile.bel.tr\/wp-content\/uploads\/2024\/07\/450402118_516809450726809_7018647425170995656_n-201x300.jpg 201w, http:\/\/site.zile.bel.tr\/wp-content\/uploads\/2024\/07\/450402118_516809450726809_7018647425170995656_n.jpg 643w\" sizes=\"auto, (max-width: 800px) 100vw, 800px\" \/><\/div>\n<\/div>\n<div class=\"x11i5rnm xat24cr x1mh8g0r x1vvkbs xtlvy1s x126k92a\">\n<div dir=\"auto\">Bu gururu bizlere ya\u015fatan bu Zile&#8217;nin aslanlar\u0131n\u0131 yar\u0131n yaln\u0131z b\u0131rakmayal\u0131m.<\/div>\n<\/div>\n<div class=\"x11i5rnm xat24cr x1mh8g0r x1vvkbs xtlvy1s x126k92a\">\n<div dir=\"auto\">Kisbetlerini giyip ya\u011flanan K\u0131rkp\u0131nar \u015fampiyonlar\u0131 Cumhuriyet Caddesii \u00fczerinden di\u011fer pehlivan arkada\u015flar\u0131, vatanda\u015flar, g\u00fcre\u015fseverler ve protokol e\u015fli\u011finde eski H\u00fck\u00fcmet Kona\u011f\u0131 \u00f6n\u00fcne gelecekler.<\/div>\n<div dir=\"auto\"><img loading=\"lazy\" decoding=\"async\" class=\"alignnone wp-image-7688\" src=\"http:\/\/site.zile.bel.tr\/wp-content\/uploads\/2024\/07\/450541159_516809544060133_8295069535794233263_n-190x300.jpg\" alt=\"\" width=\"800\" height=\"1265\" srcset=\"http:\/\/site.zile.bel.tr\/wp-content\/uploads\/2024\/07\/450541159_516809544060133_8295069535794233263_n-190x300.jpg 190w, http:\/\/site.zile.bel.tr\/wp-content\/uploads\/2024\/07\/450541159_516809544060133_8295069535794233263_n.jpg 607w\" sizes=\"auto, (max-width: 800px) 100vw, 800px\" \/><\/div>\n<\/div>\n<div class=\"x11i5rnm xat24cr x1mh8g0r x1vvkbs xtlvy1s x126k92a\">\n<div dir=\"auto\">Orada hediye takdiminden sonra yine bir K\u0131rkp\u0131nar gelene\u011fi olan PEHLIVAN HAMAMINA g\u00f6nderilecekler.<\/div>\n<\/div>\n<div class=\"x11i5rnm xat24cr x1mh8g0r x1vvkbs xtlvy1s x126k92a\">\n<div dir=\"auto\">Bu kutlu t\u00f6rene t\u00fcm hem\u015ferilerimizi davet ediyoruz<\/div>\n<\/div>\n<div class=\"x11i5rnm xat24cr x1mh8g0r x1vvkbs xtlvy1s x126k92a\">\n<div dir=\"auto\">Yar\u0131n Saat 11 de Adliye \u00f6n\u00fcnde bulu\u015fuyoruz.<\/div>\n<\/div>\n","protected":false},"excerpt":{"rendered":"<p>KIRKPINAR&#8217;IN ASLANLARINI KAR\u015eILIYORUZ 663. Tarihi K\u0131rkp\u0131nar Ya\u011fl\u0131 G\u00fcre\u015flerinde b\u00fcy\u00fck bir ba\u015far\u0131 g\u00f6stererek 3 madalyay\u0131 Zile&#8217;ye getiren Pehlivanlar\u0131 yar\u0131n t\u00f6renle kar\u015f\u0131l\u0131yoruz. Yar\u0131n saat 11 de Adliye \u00f6n\u00fcnden davul zurna ve cazg\u0131r e\u015fli\u011finde pe\u015frev \u00e7ekerek eski H\u00fck\u00fcmet Kona\u011f\u0131 \u00f6n\u00fcne kadar getirece\u011fiz. Pehlivan\u0131m\u0131z Volkan Bilgin m\u00fcsabakalarda yaralanarak kafas\u0131nda 9 diki\u015f olmas\u0131na ra\u011fmen, g\u00fcre\u015fi terketmeyerek \u015fampiyonlu\u011fu kazand\u0131. Volkan Pehlivan\u0131n [&hellip;]<\/p>\n","protected":false},"author":1,"featured_media":7687,"comment_status":"open","ping_status":"open","sticky":false,"template":"","format":"standard","meta":{"footnotes":""},"categories":[11],"tags":[],"class_list":["post-7684","post","type-post","status-publish","format-standard","has-post-thumbnail","hentry","category-haberler"],"_links":{"self":[{"href":"http:\/\/site.zile.bel.tr\/index.php\/wp-json\/wp\/v2\/posts\/7684","targetHints":{"allow":["GET"]}}],"collection":[{"href":"http:\/\/site.zile.bel.tr\/index.php\/wp-json\/wp\/v2\/posts"}],"about":[{"href":"http:\/\/site.zile.bel.tr\/index.php\/wp-json\/wp\/v2\/types\/post"}],"author":[{"embeddable":true,"href":"http:\/\/site.zile.bel.tr\/index.php\/wp-json\/wp\/v2\/users\/1"}],"replies":[{"embeddable":true,"href":"http:\/\/site.zile.bel.tr\/index.php\/wp-json\/wp\/v2\/comments?post=7684"}],"version-history":[{"count":1,"href":"http:\/\/site.zile.bel.tr\/index.php\/wp-json\/wp\/v2\/posts\/7684\/revisions"}],"predecessor-version":[{"id":7689,"href":"http:\/\/site.zile.bel.tr\/index.php\/wp-json\/wp\/v2\/posts\/7684\/revisions\/7689"}],"wp:featuredmedia":[{"embeddable":true,"href":"http:\/\/site.zile.bel.tr\/index.php\/wp-json\/wp\/v2\/media\/7687"}],"wp:attachment":[{"href":"http:\/\/site.zile.bel.tr\/index.php\/wp-json\/wp\/v2\/media?parent=7684"}],"wp:term":[{"taxonomy":"category","embeddable":true,"href":"http:\/\/site.zile.bel.tr\/index.php\/wp-json\/wp\/v2\/categories?post=7684"},{"taxonomy":"post_tag","embeddable":true,"href":"http:\/\/site.zile.bel.tr\/index.php\/wp-json\/wp\/v2\/tags?post=7684"}],"curies":[{"name":"wp","href":"https:\/\/api.w.org\/{rel}","templated":true}]}}