{"id":7690,"date":"2024-07-09T14:48:48","date_gmt":"2024-07-09T11:48:48","guid":{"rendered":"https:\/\/site.zile.bel.tr\/?p=7690"},"modified":"2024-07-09T14:48:48","modified_gmt":"2024-07-09T11:48:48","slug":"kirpinar-sampiyon-pehlivanlarini-karsilama","status":"publish","type":"post","link":"http:\/\/site.zile.bel.tr\/index.php\/2024\/07\/09\/kirpinar-sampiyon-pehlivanlarini-karsilama\/","title":{"rendered":"KIRPINAR \u015eAMP\u0130YON PEHL\u0130VANLARINI KAR\u015eILAMA"},"content":{"rendered":"<div class=\"xdj266r x11i5rnm xat24cr x1mh8g0r x1vvkbs x126k92a\">\n<div dir=\"auto\">KIRPINAR \u015eAMP\u0130YON PEHL\u0130VANLARINI KAR\u015eILAMA<\/div>\n<div dir=\"auto\"><img loading=\"lazy\" decoding=\"async\" class=\"alignnone wp-image-7691\" src=\"http:\/\/site.zile.bel.tr\/wp-content\/uploads\/2024\/07\/450221534_517196554021432_6250438914959585006_n-300x200.jpg\" alt=\"\" width=\"800\" height=\"533\" srcset=\"http:\/\/site.zile.bel.tr\/wp-content\/uploads\/2024\/07\/450221534_517196554021432_6250438914959585006_n-300x200.jpg 300w, http:\/\/site.zile.bel.tr\/wp-content\/uploads\/2024\/07\/450221534_517196554021432_6250438914959585006_n-1024x682.jpg 1024w, http:\/\/site.zile.bel.tr\/wp-content\/uploads\/2024\/07\/450221534_517196554021432_6250438914959585006_n-768x512.jpg 768w, http:\/\/site.zile.bel.tr\/wp-content\/uploads\/2024\/07\/450221534_517196554021432_6250438914959585006_n-1536x1023.jpg 1536w, http:\/\/site.zile.bel.tr\/wp-content\/uploads\/2024\/07\/450221534_517196554021432_6250438914959585006_n.jpg 1600w\" sizes=\"auto, (max-width: 800px) 100vw, 800px\" \/><\/div>\n<\/div>\n<div class=\"x11i5rnm xat24cr x1mh8g0r x1vvkbs xtlvy1s x126k92a\">\n<div dir=\"auto\">663.&#8217;c\u00fc yap\u0131lan Geleneksel K\u0131rkp\u0131nar Ya\u011fl\u0131 Pehlivan G\u00fcre\u015flerinde \u00fc\u00e7 madalya ile il\u00e7elerine d\u00f6nen g\u00fcre\u015f\u00e7iler Zile\u2019de t\u00f6renle kar\u015f\u0131land\u0131.<\/div>\n<div dir=\"auto\"><img loading=\"lazy\" decoding=\"async\" class=\"alignnone wp-image-7692\" src=\"http:\/\/site.zile.bel.tr\/wp-content\/uploads\/2024\/07\/449850040_517196974021390_281238690021584171_n-300x169.jpg\" alt=\"\" width=\"800\" height=\"450\" srcset=\"http:\/\/site.zile.bel.tr\/wp-content\/uploads\/2024\/07\/449850040_517196974021390_281238690021584171_n-300x169.jpg 300w, http:\/\/site.zile.bel.tr\/wp-content\/uploads\/2024\/07\/449850040_517196974021390_281238690021584171_n-1024x576.jpg 1024w, http:\/\/site.zile.bel.tr\/wp-content\/uploads\/2024\/07\/449850040_517196974021390_281238690021584171_n-768x432.jpg 768w, http:\/\/site.zile.bel.tr\/wp-content\/uploads\/2024\/07\/449850040_517196974021390_281238690021584171_n-1536x864.jpg 1536w, http:\/\/site.zile.bel.tr\/wp-content\/uploads\/2024\/07\/449850040_517196974021390_281238690021584171_n.jpg 2048w\" sizes=\"auto, (max-width: 800px) 100vw, 800px\" \/><\/div>\n<div dir=\"auto\">Zile\u2019de davul zurna ile kar\u015f\u0131lanan pehlivanlar Cumhuriyet Caddesinden Belediye \u00f6n\u00fcne kadar protokol ve vatanda\u015flarla birlikte y\u00fcr\u00fcy\u00fc\u015f yapt\u0131lar. \u015eampiyon Pehlivanlar\u0131 Zile Belediye Ba\u015fkan\u0131 \u015e\u00fckr\u00fc SARGIN alt\u0131n ile \u00f6d\u00fcllendirdi. \u00d6d\u00fcl t\u00f6reninden sonra eski bir K\u0131rkp\u0131nar Gelene\u011fi olan Pehlivan Hamam\u0131na kortej halinde gidildi.<\/div>\n<div dir=\"auto\"><img loading=\"lazy\" decoding=\"async\" class=\"alignnone wp-image-7693\" src=\"http:\/\/site.zile.bel.tr\/wp-content\/uploads\/2024\/07\/450094615_517196604021427_177821590582227088_n-300x200.jpg\" alt=\"\" width=\"800\" height=\"533\" srcset=\"http:\/\/site.zile.bel.tr\/wp-content\/uploads\/2024\/07\/450094615_517196604021427_177821590582227088_n-300x200.jpg 300w, http:\/\/site.zile.bel.tr\/wp-content\/uploads\/2024\/07\/450094615_517196604021427_177821590582227088_n-1024x682.jpg 1024w, http:\/\/site.zile.bel.tr\/wp-content\/uploads\/2024\/07\/450094615_517196604021427_177821590582227088_n-768x512.jpg 768w, http:\/\/site.zile.bel.tr\/wp-content\/uploads\/2024\/07\/450094615_517196604021427_177821590582227088_n-1536x1023.jpg 1536w, http:\/\/site.zile.bel.tr\/wp-content\/uploads\/2024\/07\/450094615_517196604021427_177821590582227088_n.jpg 1600w\" sizes=\"auto, (max-width: 800px) 100vw, 800px\" \/><\/div>\n<div dir=\"auto\">Zile Belediye G\u00fcre\u015f Tak\u0131m\u0131ndan<\/div>\n<div dir=\"auto\">Poyraz Bilgin Alt\u0131n, Volkan Bilgin Alt\u0131n, M\u00fccteba Bera Ko\u00e7 Bronz madalya kazand\u0131lar.<\/div>\n<div dir=\"auto\"><img loading=\"lazy\" decoding=\"async\" class=\"alignnone wp-image-7694\" src=\"http:\/\/site.zile.bel.tr\/wp-content\/uploads\/2024\/07\/450211794_517197047354716_7065444223507554537_n-300x169.jpg\" alt=\"\" width=\"800\" height=\"450\" srcset=\"http:\/\/site.zile.bel.tr\/wp-content\/uploads\/2024\/07\/450211794_517197047354716_7065444223507554537_n-300x169.jpg 300w, http:\/\/site.zile.bel.tr\/wp-content\/uploads\/2024\/07\/450211794_517197047354716_7065444223507554537_n-1024x576.jpg 1024w, http:\/\/site.zile.bel.tr\/wp-content\/uploads\/2024\/07\/450211794_517197047354716_7065444223507554537_n-768x432.jpg 768w, http:\/\/site.zile.bel.tr\/wp-content\/uploads\/2024\/07\/450211794_517197047354716_7065444223507554537_n-1536x864.jpg 1536w, http:\/\/site.zile.bel.tr\/wp-content\/uploads\/2024\/07\/450211794_517197047354716_7065444223507554537_n.jpg 1600w\" sizes=\"auto, (max-width: 800px) 100vw, 800px\" \/><\/div>\n<\/div>\n","protected":false},"excerpt":{"rendered":"<p>KIRPINAR \u015eAMP\u0130YON PEHL\u0130VANLARINI KAR\u015eILAMA 663.&#8217;c\u00fc yap\u0131lan Geleneksel K\u0131rkp\u0131nar Ya\u011fl\u0131 Pehlivan G\u00fcre\u015flerinde \u00fc\u00e7 madalya ile il\u00e7elerine d\u00f6nen g\u00fcre\u015f\u00e7iler Zile\u2019de t\u00f6renle kar\u015f\u0131land\u0131. Zile\u2019de davul zurna ile kar\u015f\u0131lanan pehlivanlar Cumhuriyet Caddesinden Belediye \u00f6n\u00fcne kadar protokol ve vatanda\u015flarla birlikte y\u00fcr\u00fcy\u00fc\u015f yapt\u0131lar. \u015eampiyon Pehlivanlar\u0131 Zile Belediye Ba\u015fkan\u0131 \u015e\u00fckr\u00fc SARGIN alt\u0131n ile \u00f6d\u00fcllendirdi. \u00d6d\u00fcl t\u00f6reninden sonra eski bir K\u0131rkp\u0131nar Gelene\u011fi olan [&hellip;]<\/p>\n","protected":false},"author":1,"featured_media":7695,"comment_status":"open","ping_status":"open","sticky":false,"template":"","format":"standard","meta":{"footnotes":""},"categories":[11],"tags":[],"class_list":["post-7690","post","type-post","status-publish","format-standard","has-post-thumbnail","hentry","category-haberler"],"_links":{"self":[{"href":"http:\/\/site.zile.bel.tr\/index.php\/wp-json\/wp\/v2\/posts\/7690","targetHints":{"allow":["GET"]}}],"collection":[{"href":"http:\/\/site.zile.bel.tr\/index.php\/wp-json\/wp\/v2\/posts"}],"about":[{"href":"http:\/\/site.zile.bel.tr\/index.php\/wp-json\/wp\/v2\/types\/post"}],"author":[{"embeddable":true,"href":"http:\/\/site.zile.bel.tr\/index.php\/wp-json\/wp\/v2\/users\/1"}],"replies":[{"embeddable":true,"href":"http:\/\/site.zile.bel.tr\/index.php\/wp-json\/wp\/v2\/comments?post=7690"}],"version-history":[{"count":1,"href":"http:\/\/site.zile.bel.tr\/index.php\/wp-json\/wp\/v2\/posts\/7690\/revisions"}],"predecessor-version":[{"id":7696,"href":"http:\/\/site.zile.bel.tr\/index.php\/wp-json\/wp\/v2\/posts\/7690\/revisions\/7696"}],"wp:featuredmedia":[{"embeddable":true,"href":"http:\/\/site.zile.bel.tr\/index.php\/wp-json\/wp\/v2\/media\/7695"}],"wp:attachment":[{"href":"http:\/\/site.zile.bel.tr\/index.php\/wp-json\/wp\/v2\/media?parent=7690"}],"wp:term":[{"taxonomy":"category","embeddable":true,"href":"http:\/\/site.zile.bel.tr\/index.php\/wp-json\/wp\/v2\/categories?post=7690"},{"taxonomy":"post_tag","embeddable":true,"href":"http:\/\/site.zile.bel.tr\/index.php\/wp-json\/wp\/v2\/tags?post=7690"}],"curies":[{"name":"wp","href":"https:\/\/api.w.org\/{rel}","templated":true}]}}