{"id":7701,"date":"2024-07-10T11:21:22","date_gmt":"2024-07-10T08:21:22","guid":{"rendered":"https:\/\/site.zile.bel.tr\/?p=7701"},"modified":"2024-07-10T11:21:22","modified_gmt":"2024-07-10T08:21:22","slug":"belediyenin-karakilcik-hasadi","status":"publish","type":"post","link":"http:\/\/site.zile.bel.tr\/index.php\/2024\/07\/10\/belediyenin-karakilcik-hasadi\/","title":{"rendered":"BELED\u0130YEN\u0130N KARAKIL\u00c7IK HASADI"},"content":{"rendered":"<div class=\"xdj266r x11i5rnm xat24cr x1mh8g0r x1vvkbs x126k92a\">\n<div dir=\"auto\">BELED\u0130YEN\u0130N KARAKIL\u00c7IK HASADI<\/div>\n<div dir=\"auto\"><img loading=\"lazy\" decoding=\"async\" class=\"alignnone wp-image-7702\" src=\"http:\/\/site.zile.bel.tr\/wp-content\/uploads\/2024\/07\/1-1024x683-1-300x200.jpg\" alt=\"\" width=\"800\" height=\"534\" srcset=\"http:\/\/site.zile.bel.tr\/wp-content\/uploads\/2024\/07\/1-1024x683-1-300x200.jpg 300w, http:\/\/site.zile.bel.tr\/wp-content\/uploads\/2024\/07\/1-1024x683-1-768x512.jpg 768w, http:\/\/site.zile.bel.tr\/wp-content\/uploads\/2024\/07\/1-1024x683-1.jpg 1024w\" sizes=\"auto, (max-width: 800px) 100vw, 800px\" \/><\/div>\n<\/div>\n<div class=\"x11i5rnm xat24cr x1mh8g0r x1vvkbs xtlvy1s x126k92a\">\n<div dir=\"auto\">Zile\u2019de 1000 y\u0131ll\u0131k Ata tohumu olan &#8220;Karak\u0131l\u00e7\u0131k Bu\u011fday\u0131n\u0131n Yayg\u0131nla\u015ft\u0131r\u0131lmas\u0131 Projesi\u201d kapsam\u0131nda 4 y\u0131ld\u0131r 40 d\u00f6n\u00fcme ekimi yap\u0131lan Karak\u0131l\u00e7\u0131k bu\u011fday\u0131n\u0131n bu y\u0131l da hasad\u0131 yap\u0131ld\u0131.<\/div>\n<div dir=\"auto\"><img loading=\"lazy\" decoding=\"async\" class=\"alignnone wp-image-7703\" src=\"http:\/\/site.zile.bel.tr\/wp-content\/uploads\/2024\/07\/01-2-300x200.jpg\" alt=\"\" width=\"800\" height=\"533\" srcset=\"http:\/\/site.zile.bel.tr\/wp-content\/uploads\/2024\/07\/01-2-300x200.jpg 300w, http:\/\/site.zile.bel.tr\/wp-content\/uploads\/2024\/07\/01-2-768x512.jpg 768w, http:\/\/site.zile.bel.tr\/wp-content\/uploads\/2024\/07\/01-2.jpg 1024w\" sizes=\"auto, (max-width: 800px) 100vw, 800px\" \/><\/div>\n<\/div>\n<div class=\"x11i5rnm xat24cr x1mh8g0r x1vvkbs xtlvy1s x126k92a\">\n<div dir=\"auto\">Zile Belediyesi taraf\u0131ndan \u0130stasyon Mahallesi\u2019ndeki tar\u0131m arazisin de ata tohumunun ekimini yayg\u0131nla\u015ft\u0131r\u0131lmas\u0131 amac\u0131yla 4 d\u00f6rt y\u0131ld\u0131r \u00e7al\u0131\u015fmalar yap\u0131l\u0131yor.<\/div>\n<div dir=\"auto\"><img loading=\"lazy\" decoding=\"async\" class=\"alignnone wp-image-7704\" src=\"http:\/\/site.zile.bel.tr\/wp-content\/uploads\/2024\/07\/1-300x226.jpg\" alt=\"\" width=\"800\" height=\"602\" srcset=\"http:\/\/site.zile.bel.tr\/wp-content\/uploads\/2024\/07\/1-300x226.jpg 300w, http:\/\/site.zile.bel.tr\/wp-content\/uploads\/2024\/07\/1-1024x771.jpg 1024w, http:\/\/site.zile.bel.tr\/wp-content\/uploads\/2024\/07\/1-768x578.jpg 768w, http:\/\/site.zile.bel.tr\/wp-content\/uploads\/2024\/07\/1-1536x1156.jpg 1536w, http:\/\/site.zile.bel.tr\/wp-content\/uploads\/2024\/07\/1.jpg 1600w\" sizes=\"auto, (max-width: 800px) 100vw, 800px\" \/><\/div>\n<\/div>\n<div class=\"x11i5rnm xat24cr x1mh8g0r x1vvkbs xtlvy1s x126k92a\">\n<div dir=\"auto\">Zile Belediye Ba\u015fkan\u0131 \u015e\u00fckr\u00fc Sarg\u0131n, sa\u011fl\u0131kl\u0131 ya\u015fam i\u00e7in sa\u011fl\u0131kl\u0131 g\u0131da, sa\u011fl\u0131kl\u0131 g\u0131da i\u00e7in ata tohumu t\u00fcketilmesi \u00e7ok \u00f6nemli. Bu ama\u00e7la karak\u0131l\u00e7\u0131k \u00fcretip, \u00fcreticiye da\u011f\u0131t\u0131m\u0131m\u0131z devam edecek&#8221; dedi<\/div>\n<div dir=\"auto\"><img loading=\"lazy\" decoding=\"async\" class=\"alignnone wp-image-7705\" src=\"http:\/\/site.zile.bel.tr\/wp-content\/uploads\/2024\/07\/3-300x226.jpg\" alt=\"\" width=\"800\" height=\"602\" srcset=\"http:\/\/site.zile.bel.tr\/wp-content\/uploads\/2024\/07\/3-300x226.jpg 300w, http:\/\/site.zile.bel.tr\/wp-content\/uploads\/2024\/07\/3-1024x771.jpg 1024w, http:\/\/site.zile.bel.tr\/wp-content\/uploads\/2024\/07\/3-768x578.jpg 768w, http:\/\/site.zile.bel.tr\/wp-content\/uploads\/2024\/07\/3-1536x1156.jpg 1536w, http:\/\/site.zile.bel.tr\/wp-content\/uploads\/2024\/07\/3.jpg 1600w\" sizes=\"auto, (max-width: 800px) 100vw, 800px\" \/><\/div>\n<div dir=\"auto\"><img loading=\"lazy\" decoding=\"async\" class=\"alignnone wp-image-7706\" src=\"http:\/\/site.zile.bel.tr\/wp-content\/uploads\/2024\/07\/DSC_5083-1024x682-1-300x200.jpg\" alt=\"\" width=\"800\" height=\"533\" srcset=\"http:\/\/site.zile.bel.tr\/wp-content\/uploads\/2024\/07\/DSC_5083-1024x682-1-300x200.jpg 300w, http:\/\/site.zile.bel.tr\/wp-content\/uploads\/2024\/07\/DSC_5083-1024x682-1-768x512.jpg 768w, http:\/\/site.zile.bel.tr\/wp-content\/uploads\/2024\/07\/DSC_5083-1024x682-1.jpg 1024w\" sizes=\"auto, (max-width: 800px) 100vw, 800px\" \/><\/div>\n<\/div>\n","protected":false},"excerpt":{"rendered":"<p>BELED\u0130YEN\u0130N KARAKIL\u00c7IK HASADI Zile\u2019de 1000 y\u0131ll\u0131k Ata tohumu olan &#8220;Karak\u0131l\u00e7\u0131k Bu\u011fday\u0131n\u0131n Yayg\u0131nla\u015ft\u0131r\u0131lmas\u0131 Projesi\u201d kapsam\u0131nda 4 y\u0131ld\u0131r 40 d\u00f6n\u00fcme ekimi yap\u0131lan Karak\u0131l\u00e7\u0131k bu\u011fday\u0131n\u0131n bu y\u0131l da hasad\u0131 yap\u0131ld\u0131. Zile Belediyesi taraf\u0131ndan \u0130stasyon Mahallesi\u2019ndeki tar\u0131m arazisin de ata tohumunun ekimini yayg\u0131nla\u015ft\u0131r\u0131lmas\u0131 amac\u0131yla 4 d\u00f6rt y\u0131ld\u0131r \u00e7al\u0131\u015fmalar yap\u0131l\u0131yor. Zile Belediye Ba\u015fkan\u0131 \u015e\u00fckr\u00fc Sarg\u0131n, sa\u011fl\u0131kl\u0131 ya\u015fam i\u00e7in sa\u011fl\u0131kl\u0131 g\u0131da, [&hellip;]<\/p>\n","protected":false},"author":1,"featured_media":7702,"comment_status":"open","ping_status":"open","sticky":false,"template":"","format":"standard","meta":{"footnotes":""},"categories":[11],"tags":[],"class_list":["post-7701","post","type-post","status-publish","format-standard","has-post-thumbnail","hentry","category-haberler"],"_links":{"self":[{"href":"http:\/\/site.zile.bel.tr\/index.php\/wp-json\/wp\/v2\/posts\/7701","targetHints":{"allow":["GET"]}}],"collection":[{"href":"http:\/\/site.zile.bel.tr\/index.php\/wp-json\/wp\/v2\/posts"}],"about":[{"href":"http:\/\/site.zile.bel.tr\/index.php\/wp-json\/wp\/v2\/types\/post"}],"author":[{"embeddable":true,"href":"http:\/\/site.zile.bel.tr\/index.php\/wp-json\/wp\/v2\/users\/1"}],"replies":[{"embeddable":true,"href":"http:\/\/site.zile.bel.tr\/index.php\/wp-json\/wp\/v2\/comments?post=7701"}],"version-history":[{"count":1,"href":"http:\/\/site.zile.bel.tr\/index.php\/wp-json\/wp\/v2\/posts\/7701\/revisions"}],"predecessor-version":[{"id":7707,"href":"http:\/\/site.zile.bel.tr\/index.php\/wp-json\/wp\/v2\/posts\/7701\/revisions\/7707"}],"wp:featuredmedia":[{"embeddable":true,"href":"http:\/\/site.zile.bel.tr\/index.php\/wp-json\/wp\/v2\/media\/7702"}],"wp:attachment":[{"href":"http:\/\/site.zile.bel.tr\/index.php\/wp-json\/wp\/v2\/media?parent=7701"}],"wp:term":[{"taxonomy":"category","embeddable":true,"href":"http:\/\/site.zile.bel.tr\/index.php\/wp-json\/wp\/v2\/categories?post=7701"},{"taxonomy":"post_tag","embeddable":true,"href":"http:\/\/site.zile.bel.tr\/index.php\/wp-json\/wp\/v2\/tags?post=7701"}],"curies":[{"name":"wp","href":"https:\/\/api.w.org\/{rel}","templated":true}]}}