{"id":7725,"date":"2024-07-22T14:35:38","date_gmt":"2024-07-22T11:35:38","guid":{"rendered":"https:\/\/site.zile.bel.tr\/?p=7725"},"modified":"2024-07-22T14:35:38","modified_gmt":"2024-07-22T11:35:38","slug":"zile-belediyesinden-asure-lokmasi","status":"publish","type":"post","link":"http:\/\/site.zile.bel.tr\/index.php\/2024\/07\/22\/zile-belediyesinden-asure-lokmasi\/","title":{"rendered":"Z\u0130LE BELED\u0130YES\u0130NDEN A\u015eURE LOKMASI"},"content":{"rendered":"<div class=\"xdj266r x11i5rnm xat24cr x1mh8g0r x1vvkbs x126k92a\">\n<div dir=\"auto\">Z\u0130LE BELED\u0130YES\u0130NDEN A\u015eURE LOKMASI<\/div>\n<div dir=\"auto\"><img loading=\"lazy\" decoding=\"async\" class=\"alignnone wp-image-7726\" src=\"http:\/\/site.zile.bel.tr\/wp-content\/uploads\/2024\/07\/452374736_524683239939430_6782967067516163_n-300x200.jpg\" alt=\"\" width=\"800\" height=\"533\" srcset=\"http:\/\/site.zile.bel.tr\/wp-content\/uploads\/2024\/07\/452374736_524683239939430_6782967067516163_n-300x200.jpg 300w, http:\/\/site.zile.bel.tr\/wp-content\/uploads\/2024\/07\/452374736_524683239939430_6782967067516163_n-1024x682.jpg 1024w, http:\/\/site.zile.bel.tr\/wp-content\/uploads\/2024\/07\/452374736_524683239939430_6782967067516163_n-768x512.jpg 768w, http:\/\/site.zile.bel.tr\/wp-content\/uploads\/2024\/07\/452374736_524683239939430_6782967067516163_n-1536x1023.jpg 1536w, http:\/\/site.zile.bel.tr\/wp-content\/uploads\/2024\/07\/452374736_524683239939430_6782967067516163_n.jpg 1600w\" sizes=\"auto, (max-width: 800px) 100vw, 800px\" \/><\/div>\n<\/div>\n<div class=\"x11i5rnm xat24cr x1mh8g0r x1vvkbs xtlvy1s x126k92a\">\n<div dir=\"auto\">Muharrem ay\u0131 m\u00fcnasebeti ile Zile Belediyesi \u00f6n\u00fcnde belediyemizce a\u015fure ikram\u0131 ger\u00e7ekle\u015ftirildi.<\/div>\n<div dir=\"auto\"><img loading=\"lazy\" decoding=\"async\" class=\"alignnone wp-image-7727\" src=\"http:\/\/site.zile.bel.tr\/wp-content\/uploads\/2024\/07\/452373646_524683279939426_2666448309064443783_n-300x200.jpg\" alt=\"\" width=\"800\" height=\"533\" srcset=\"http:\/\/site.zile.bel.tr\/wp-content\/uploads\/2024\/07\/452373646_524683279939426_2666448309064443783_n-300x200.jpg 300w, http:\/\/site.zile.bel.tr\/wp-content\/uploads\/2024\/07\/452373646_524683279939426_2666448309064443783_n-1024x682.jpg 1024w, http:\/\/site.zile.bel.tr\/wp-content\/uploads\/2024\/07\/452373646_524683279939426_2666448309064443783_n-768x512.jpg 768w, http:\/\/site.zile.bel.tr\/wp-content\/uploads\/2024\/07\/452373646_524683279939426_2666448309064443783_n-1536x1023.jpg 1536w, http:\/\/site.zile.bel.tr\/wp-content\/uploads\/2024\/07\/452373646_524683279939426_2666448309064443783_n.jpg 1600w\" sizes=\"auto, (max-width: 800px) 100vw, 800px\" \/><\/div>\n<div dir=\"auto\">A\u015fure ikram\u0131ndan \u00f6nce Kerbela \u015eehitleri dualar okundu. T\u00f6rende Konu\u015fma yapan Zile Belediye Ba\u015fkan\u0131 \u015e\u00fckr\u00fc SARGIN \u201c Muharrem bir h\u00fcz\u00fcn ay\u0131d\u0131r. Bu ayda \u00e7ok \u00f6nemli hadiseler olmu\u015ftur. Bunlar\u0131n en ac\u0131lar\u0131ndan birisi de Kerbela hadisesidir. Bu g\u00fcn Filistinde ya\u015fanan olaylar Kerbela da masumlara yap\u0131lan katliamdan fars\u0131zd\u0131r. A\u015fure milletimize memleketimize bolluk bereket getirsin\u201d dedi.<\/div>\n<div dir=\"auto\"><img loading=\"lazy\" decoding=\"async\" class=\"alignnone wp-image-7728\" src=\"http:\/\/site.zile.bel.tr\/wp-content\/uploads\/2024\/07\/452381218_524683483272739_7241678507707235098_n-300x200.jpg\" alt=\"\" width=\"800\" height=\"533\" srcset=\"http:\/\/site.zile.bel.tr\/wp-content\/uploads\/2024\/07\/452381218_524683483272739_7241678507707235098_n-300x200.jpg 300w, http:\/\/site.zile.bel.tr\/wp-content\/uploads\/2024\/07\/452381218_524683483272739_7241678507707235098_n-1024x682.jpg 1024w, http:\/\/site.zile.bel.tr\/wp-content\/uploads\/2024\/07\/452381218_524683483272739_7241678507707235098_n-768x512.jpg 768w, http:\/\/site.zile.bel.tr\/wp-content\/uploads\/2024\/07\/452381218_524683483272739_7241678507707235098_n-1536x1023.jpg 1536w, http:\/\/site.zile.bel.tr\/wp-content\/uploads\/2024\/07\/452381218_524683483272739_7241678507707235098_n.jpg 1600w\" sizes=\"auto, (max-width: 800px) 100vw, 800px\" \/><\/div>\n<div dir=\"auto\">A\u015fure ikram\u0131 \u00f6ncesinde Zile \u0130l\u00e7e M\u00fcft\u00fcs\u00fc Yasir Ata\u015f ile Bekta\u015fi Dedesi Kemal Aykul, birlik, beraberlik ve karde\u015flik mesajlar\u0131 vererek, dualar ettiler.<\/div>\n<div dir=\"auto\"><img loading=\"lazy\" decoding=\"async\" class=\"alignnone wp-image-7729\" src=\"http:\/\/site.zile.bel.tr\/wp-content\/uploads\/2024\/07\/452432288_524683443272743_6061036099897052661_n-300x200.jpg\" alt=\"\" width=\"800\" height=\"533\" srcset=\"http:\/\/site.zile.bel.tr\/wp-content\/uploads\/2024\/07\/452432288_524683443272743_6061036099897052661_n-300x200.jpg 300w, http:\/\/site.zile.bel.tr\/wp-content\/uploads\/2024\/07\/452432288_524683443272743_6061036099897052661_n-1024x682.jpg 1024w, http:\/\/site.zile.bel.tr\/wp-content\/uploads\/2024\/07\/452432288_524683443272743_6061036099897052661_n-768x512.jpg 768w, http:\/\/site.zile.bel.tr\/wp-content\/uploads\/2024\/07\/452432288_524683443272743_6061036099897052661_n-1536x1023.jpg 1536w, http:\/\/site.zile.bel.tr\/wp-content\/uploads\/2024\/07\/452432288_524683443272743_6061036099897052661_n.jpg 1600w\" sizes=\"auto, (max-width: 800px) 100vw, 800px\" \/><\/div>\n<div dir=\"auto\"><img loading=\"lazy\" decoding=\"async\" class=\"alignnone wp-image-7730\" src=\"http:\/\/site.zile.bel.tr\/wp-content\/uploads\/2024\/07\/452289600_524683509939403_5664693546867063805_n-300x200.jpg\" alt=\"\" width=\"800\" height=\"533\" srcset=\"http:\/\/site.zile.bel.tr\/wp-content\/uploads\/2024\/07\/452289600_524683509939403_5664693546867063805_n-300x200.jpg 300w, http:\/\/site.zile.bel.tr\/wp-content\/uploads\/2024\/07\/452289600_524683509939403_5664693546867063805_n-1024x682.jpg 1024w, http:\/\/site.zile.bel.tr\/wp-content\/uploads\/2024\/07\/452289600_524683509939403_5664693546867063805_n-768x512.jpg 768w, http:\/\/site.zile.bel.tr\/wp-content\/uploads\/2024\/07\/452289600_524683509939403_5664693546867063805_n-1536x1023.jpg 1536w, http:\/\/site.zile.bel.tr\/wp-content\/uploads\/2024\/07\/452289600_524683509939403_5664693546867063805_n.jpg 1600w\" sizes=\"auto, (max-width: 800px) 100vw, 800px\" \/><\/div>\n<\/div>\n","protected":false},"excerpt":{"rendered":"<p>Z\u0130LE BELED\u0130YES\u0130NDEN A\u015eURE LOKMASI Muharrem ay\u0131 m\u00fcnasebeti ile Zile Belediyesi \u00f6n\u00fcnde belediyemizce a\u015fure ikram\u0131 ger\u00e7ekle\u015ftirildi. A\u015fure ikram\u0131ndan \u00f6nce Kerbela \u015eehitleri dualar okundu. T\u00f6rende Konu\u015fma yapan Zile Belediye Ba\u015fkan\u0131 \u015e\u00fckr\u00fc SARGIN \u201c Muharrem bir h\u00fcz\u00fcn ay\u0131d\u0131r. Bu ayda \u00e7ok \u00f6nemli hadiseler olmu\u015ftur. Bunlar\u0131n en ac\u0131lar\u0131ndan birisi de Kerbela hadisesidir. Bu g\u00fcn Filistinde ya\u015fanan olaylar Kerbela da [&hellip;]<\/p>\n","protected":false},"author":1,"featured_media":7726,"comment_status":"open","ping_status":"open","sticky":false,"template":"","format":"standard","meta":{"footnotes":""},"categories":[11],"tags":[],"class_list":["post-7725","post","type-post","status-publish","format-standard","has-post-thumbnail","hentry","category-haberler"],"_links":{"self":[{"href":"http:\/\/site.zile.bel.tr\/index.php\/wp-json\/wp\/v2\/posts\/7725","targetHints":{"allow":["GET"]}}],"collection":[{"href":"http:\/\/site.zile.bel.tr\/index.php\/wp-json\/wp\/v2\/posts"}],"about":[{"href":"http:\/\/site.zile.bel.tr\/index.php\/wp-json\/wp\/v2\/types\/post"}],"author":[{"embeddable":true,"href":"http:\/\/site.zile.bel.tr\/index.php\/wp-json\/wp\/v2\/users\/1"}],"replies":[{"embeddable":true,"href":"http:\/\/site.zile.bel.tr\/index.php\/wp-json\/wp\/v2\/comments?post=7725"}],"version-history":[{"count":1,"href":"http:\/\/site.zile.bel.tr\/index.php\/wp-json\/wp\/v2\/posts\/7725\/revisions"}],"predecessor-version":[{"id":7731,"href":"http:\/\/site.zile.bel.tr\/index.php\/wp-json\/wp\/v2\/posts\/7725\/revisions\/7731"}],"wp:featuredmedia":[{"embeddable":true,"href":"http:\/\/site.zile.bel.tr\/index.php\/wp-json\/wp\/v2\/media\/7726"}],"wp:attachment":[{"href":"http:\/\/site.zile.bel.tr\/index.php\/wp-json\/wp\/v2\/media?parent=7725"}],"wp:term":[{"taxonomy":"category","embeddable":true,"href":"http:\/\/site.zile.bel.tr\/index.php\/wp-json\/wp\/v2\/categories?post=7725"},{"taxonomy":"post_tag","embeddable":true,"href":"http:\/\/site.zile.bel.tr\/index.php\/wp-json\/wp\/v2\/tags?post=7725"}],"curies":[{"name":"wp","href":"https:\/\/api.w.org\/{rel}","templated":true}]}}