{"id":7733,"date":"2024-07-22T17:26:00","date_gmt":"2024-07-22T14:26:00","guid":{"rendered":"https:\/\/site.zile.bel.tr\/?p=7733"},"modified":"2024-07-31T14:27:09","modified_gmt":"2024-07-31T11:27:09","slug":"hakim-aksoydan-ziyaret","status":"publish","type":"post","link":"http:\/\/site.zile.bel.tr\/index.php\/2024\/07\/22\/hakim-aksoydan-ziyaret\/","title":{"rendered":"HAK\u0130M AKSOY&#8217;,DAN Z\u0130YARET"},"content":{"rendered":"<div class=\"xdj266r x11i5rnm xat24cr x1mh8g0r x1vvkbs x126k92a\">\n<div dir=\"auto\">HAK\u0130M AKSOY&#8217;,DAN Z\u0130YARET<\/div>\n<div dir=\"auto\"><img loading=\"lazy\" decoding=\"async\" class=\"alignnone wp-image-7734\" src=\"http:\/\/site.zile.bel.tr\/wp-content\/uploads\/2024\/07\/452251009_524734709934283_4072101813646673987_n-213x300.jpg\" alt=\"\" width=\"800\" height=\"1127\" srcset=\"http:\/\/site.zile.bel.tr\/wp-content\/uploads\/2024\/07\/452251009_524734709934283_4072101813646673987_n-213x300.jpg 213w, http:\/\/site.zile.bel.tr\/wp-content\/uploads\/2024\/07\/452251009_524734709934283_4072101813646673987_n-727x1024.jpg 727w, http:\/\/site.zile.bel.tr\/wp-content\/uploads\/2024\/07\/452251009_524734709934283_4072101813646673987_n-768x1082.jpg 768w, http:\/\/site.zile.bel.tr\/wp-content\/uploads\/2024\/07\/452251009_524734709934283_4072101813646673987_n-1091x1536.jpg 1091w, http:\/\/site.zile.bel.tr\/wp-content\/uploads\/2024\/07\/452251009_524734709934283_4072101813646673987_n.jpg 1112w\" sizes=\"auto, (max-width: 800px) 100vw, 800px\" \/><\/div>\n<div dir=\"auto\">On be\u015f y\u0131l \u00f6nce Zile A\u011f\u0131r Ceza Mahkemesi Ba\u015fkanl\u0131\u011f\u0131n\u0131 yapan, Trabzon B\u00f6lge Mahkemesi Ba\u015fkan\u0131 Hakim Fatih Aksoy Zile Belediye Ba\u015fkan\u0131 \u015e\u00fckr\u00fc Sarg\u0131n&#8217;\u0131 ziyaret etti<\/div>\n<\/div>\n<div class=\"x11i5rnm xat24cr x1mh8g0r x1vvkbs xtlvy1s x126k92a\">\n<div dir=\"auto\">Belediye Ba\u015fkan\u0131 \u015eARGIN &#8221; Fatih Ba\u015fkan\u0131m Zile&#8217;de iz b\u0131rakan ender hukuk\u00e7ular\u0131m\u0131zdan birisidir. Nazik ziyaretleri i\u00e7in te\u015fekk\u00fcr ederim&#8221; dedi<\/div>\n<\/div>\n","protected":false},"excerpt":{"rendered":"<p>HAK\u0130M AKSOY&#8217;,DAN Z\u0130YARET On be\u015f y\u0131l \u00f6nce Zile A\u011f\u0131r Ceza Mahkemesi Ba\u015fkanl\u0131\u011f\u0131n\u0131 yapan, Trabzon B\u00f6lge Mahkemesi Ba\u015fkan\u0131 Hakim Fatih Aksoy Zile Belediye Ba\u015fkan\u0131 \u015e\u00fckr\u00fc Sarg\u0131n&#8217;\u0131 ziyaret etti Belediye Ba\u015fkan\u0131 \u015eARGIN &#8221; Fatih Ba\u015fkan\u0131m Zile&#8217;de iz b\u0131rakan ender hukuk\u00e7ular\u0131m\u0131zdan birisidir. Nazik ziyaretleri i\u00e7in te\u015fekk\u00fcr ederim&#8221; dedi<\/p>\n","protected":false},"author":1,"featured_media":7734,"comment_status":"open","ping_status":"open","sticky":false,"template":"","format":"standard","meta":{"footnotes":""},"categories":[11],"tags":[],"class_list":["post-7733","post","type-post","status-publish","format-standard","has-post-thumbnail","hentry","category-haberler"],"_links":{"self":[{"href":"http:\/\/site.zile.bel.tr\/index.php\/wp-json\/wp\/v2\/posts\/7733","targetHints":{"allow":["GET"]}}],"collection":[{"href":"http:\/\/site.zile.bel.tr\/index.php\/wp-json\/wp\/v2\/posts"}],"about":[{"href":"http:\/\/site.zile.bel.tr\/index.php\/wp-json\/wp\/v2\/types\/post"}],"author":[{"embeddable":true,"href":"http:\/\/site.zile.bel.tr\/index.php\/wp-json\/wp\/v2\/users\/1"}],"replies":[{"embeddable":true,"href":"http:\/\/site.zile.bel.tr\/index.php\/wp-json\/wp\/v2\/comments?post=7733"}],"version-history":[{"count":1,"href":"http:\/\/site.zile.bel.tr\/index.php\/wp-json\/wp\/v2\/posts\/7733\/revisions"}],"predecessor-version":[{"id":7735,"href":"http:\/\/site.zile.bel.tr\/index.php\/wp-json\/wp\/v2\/posts\/7733\/revisions\/7735"}],"wp:featuredmedia":[{"embeddable":true,"href":"http:\/\/site.zile.bel.tr\/index.php\/wp-json\/wp\/v2\/media\/7734"}],"wp:attachment":[{"href":"http:\/\/site.zile.bel.tr\/index.php\/wp-json\/wp\/v2\/media?parent=7733"}],"wp:term":[{"taxonomy":"category","embeddable":true,"href":"http:\/\/site.zile.bel.tr\/index.php\/wp-json\/wp\/v2\/categories?post=7733"},{"taxonomy":"post_tag","embeddable":true,"href":"http:\/\/site.zile.bel.tr\/index.php\/wp-json\/wp\/v2\/tags?post=7733"}],"curies":[{"name":"wp","href":"https:\/\/api.w.org\/{rel}","templated":true}]}}