{"id":7766,"date":"2024-08-27T21:05:20","date_gmt":"2024-08-27T18:05:20","guid":{"rendered":"https:\/\/site.zile.bel.tr\/?p=7766"},"modified":"2024-08-27T21:05:20","modified_gmt":"2024-08-27T18:05:20","slug":"zafer-bayrami-konseri","status":"publish","type":"post","link":"http:\/\/site.zile.bel.tr\/index.php\/2024\/08\/27\/zafer-bayrami-konseri\/","title":{"rendered":"Zafer Bayram\u0131 Konseri"},"content":{"rendered":"<p><img loading=\"lazy\" decoding=\"async\" class=\"alignnone wp-image-7767\" src=\"http:\/\/site.zile.bel.tr\/wp-content\/uploads\/2024\/08\/konser-300x300.jpg\" alt=\"\" width=\"800\" height=\"800\" srcset=\"http:\/\/site.zile.bel.tr\/wp-content\/uploads\/2024\/08\/konser-300x300.jpg 300w, http:\/\/site.zile.bel.tr\/wp-content\/uploads\/2024\/08\/konser-1024x1024.jpg 1024w, http:\/\/site.zile.bel.tr\/wp-content\/uploads\/2024\/08\/konser-150x150.jpg 150w, http:\/\/site.zile.bel.tr\/wp-content\/uploads\/2024\/08\/konser-768x768.jpg 768w, http:\/\/site.zile.bel.tr\/wp-content\/uploads\/2024\/08\/konser-1536x1536.jpg 1536w, http:\/\/site.zile.bel.tr\/wp-content\/uploads\/2024\/08\/konser-2048x2048.jpg 2048w\" sizes=\"auto, (max-width: 800px) 100vw, 800px\" \/><\/p>\n<p>30 A\u011fustos Zafer Bayram\u0131 etkinlikleri kapsam\u0131nda 30 A\u011fustos 2024 Cuma g\u00fcn\u00fc ak\u015fam saat 20 de, Belediye \u00f6n\u00fcnde \u00e7e\u015fitli sanat\u00e7\u0131lar\u0131n sahne alaca\u011f\u0131 ZAFER KONSER\u0130 d\u00fczenliyoruz.<br \/>\nO SES T\u00dcRK\u0130YE Yar\u0131\u015fmas\u0131 birincisi CAN S\u00d6NMEZOCAK ve pop m\u00fczik sanat\u00e7\u0131s\u0131 HAL\u0130K ERDEM\u2019in sahne alaca\u011f\u0131 Zafer Bayram\u0131 Konserimiz \u00fccretsiz olup t\u00fcm hem\u015ferilerimiz\u00a0davetlidir.<\/p>\n","protected":false},"excerpt":{"rendered":"<p>30 A\u011fustos Zafer Bayram\u0131 etkinlikleri kapsam\u0131nda 30 A\u011fustos 2024 Cuma g\u00fcn\u00fc ak\u015fam saat 20 de, Belediye \u00f6n\u00fcnde \u00e7e\u015fitli sanat\u00e7\u0131lar\u0131n sahne alaca\u011f\u0131 ZAFER KONSER\u0130 d\u00fczenliyoruz. O SES T\u00dcRK\u0130YE Yar\u0131\u015fmas\u0131 birincisi CAN S\u00d6NMEZOCAK ve pop m\u00fczik sanat\u00e7\u0131s\u0131 HAL\u0130K ERDEM\u2019in sahne alaca\u011f\u0131 Zafer Bayram\u0131 Konserimiz \u00fccretsiz olup t\u00fcm hem\u015ferilerimiz\u00a0davetlidir.<\/p>\n","protected":false},"author":1,"featured_media":7767,"comment_status":"open","ping_status":"open","sticky":false,"template":"","format":"standard","meta":{"footnotes":""},"categories":[11],"tags":[],"class_list":["post-7766","post","type-post","status-publish","format-standard","has-post-thumbnail","hentry","category-haberler"],"_links":{"self":[{"href":"http:\/\/site.zile.bel.tr\/index.php\/wp-json\/wp\/v2\/posts\/7766","targetHints":{"allow":["GET"]}}],"collection":[{"href":"http:\/\/site.zile.bel.tr\/index.php\/wp-json\/wp\/v2\/posts"}],"about":[{"href":"http:\/\/site.zile.bel.tr\/index.php\/wp-json\/wp\/v2\/types\/post"}],"author":[{"embeddable":true,"href":"http:\/\/site.zile.bel.tr\/index.php\/wp-json\/wp\/v2\/users\/1"}],"replies":[{"embeddable":true,"href":"http:\/\/site.zile.bel.tr\/index.php\/wp-json\/wp\/v2\/comments?post=7766"}],"version-history":[{"count":1,"href":"http:\/\/site.zile.bel.tr\/index.php\/wp-json\/wp\/v2\/posts\/7766\/revisions"}],"predecessor-version":[{"id":7768,"href":"http:\/\/site.zile.bel.tr\/index.php\/wp-json\/wp\/v2\/posts\/7766\/revisions\/7768"}],"wp:featuredmedia":[{"embeddable":true,"href":"http:\/\/site.zile.bel.tr\/index.php\/wp-json\/wp\/v2\/media\/7767"}],"wp:attachment":[{"href":"http:\/\/site.zile.bel.tr\/index.php\/wp-json\/wp\/v2\/media?parent=7766"}],"wp:term":[{"taxonomy":"category","embeddable":true,"href":"http:\/\/site.zile.bel.tr\/index.php\/wp-json\/wp\/v2\/categories?post=7766"},{"taxonomy":"post_tag","embeddable":true,"href":"http:\/\/site.zile.bel.tr\/index.php\/wp-json\/wp\/v2\/tags?post=7766"}],"curies":[{"name":"wp","href":"https:\/\/api.w.org\/{rel}","templated":true}]}}