{"id":7840,"date":"2024-09-10T16:37:22","date_gmt":"2024-09-10T13:37:22","guid":{"rendered":"https:\/\/site.zile.bel.tr\/?p=7840"},"modified":"2024-09-10T16:37:22","modified_gmt":"2024-09-10T13:37:22","slug":"sanatci-murat-evgin-zilede","status":"publish","type":"post","link":"http:\/\/site.zile.bel.tr\/index.php\/2024\/09\/10\/sanatci-murat-evgin-zilede\/","title":{"rendered":"Sanat\u00e7\u0131 Murat Evgin Zile\u2019de"},"content":{"rendered":"<p>Sanat\u00e7\u0131 Murat Evgin Zile\u2019de<\/p>\n<p><img loading=\"lazy\" decoding=\"async\" class=\"alignnone wp-image-7841\" src=\"http:\/\/site.zile.bel.tr\/wp-content\/uploads\/2024\/09\/WhatsApp-Gorsel-2024-09-10-saat-16.30.09_12b63c25-300x169.jpg\" alt=\"\" width=\"800\" height=\"450\" srcset=\"http:\/\/site.zile.bel.tr\/wp-content\/uploads\/2024\/09\/WhatsApp-Gorsel-2024-09-10-saat-16.30.09_12b63c25-300x169.jpg 300w, http:\/\/site.zile.bel.tr\/wp-content\/uploads\/2024\/09\/WhatsApp-Gorsel-2024-09-10-saat-16.30.09_12b63c25-1024x575.jpg 1024w, http:\/\/site.zile.bel.tr\/wp-content\/uploads\/2024\/09\/WhatsApp-Gorsel-2024-09-10-saat-16.30.09_12b63c25-768x432.jpg 768w, http:\/\/site.zile.bel.tr\/wp-content\/uploads\/2024\/09\/WhatsApp-Gorsel-2024-09-10-saat-16.30.09_12b63c25-1536x863.jpg 1536w, http:\/\/site.zile.bel.tr\/wp-content\/uploads\/2024\/09\/WhatsApp-Gorsel-2024-09-10-saat-16.30.09_12b63c25.jpg 1600w\" sizes=\"auto, (max-width: 800px) 100vw, 800px\" \/><\/p>\n<p>\u00dcnl\u00fc besteci ve s\u00f6z yazar\u0131 Murat Evgin 30 A\u011fustos Zafer Bayram\u0131nda kendisine ait \u015eehit T\u00fcrk\u00fcs\u00fcn\u00fc sokaklarda okuyan Zileli minik yavrularla Zile Kalesinde bulu\u015ftu.<\/p>\n<p><img loading=\"lazy\" decoding=\"async\" class=\"alignnone wp-image-7842\" src=\"http:\/\/site.zile.bel.tr\/wp-content\/uploads\/2024\/09\/WhatsApp-Gorsel-2024-09-10-saat-16.30.11_b579307b-300x225.jpg\" alt=\"\" width=\"800\" height=\"600\" srcset=\"http:\/\/site.zile.bel.tr\/wp-content\/uploads\/2024\/09\/WhatsApp-Gorsel-2024-09-10-saat-16.30.11_b579307b-300x225.jpg 300w, http:\/\/site.zile.bel.tr\/wp-content\/uploads\/2024\/09\/WhatsApp-Gorsel-2024-09-10-saat-16.30.11_b579307b-1024x768.jpg 1024w, http:\/\/site.zile.bel.tr\/wp-content\/uploads\/2024\/09\/WhatsApp-Gorsel-2024-09-10-saat-16.30.11_b579307b-768x576.jpg 768w, http:\/\/site.zile.bel.tr\/wp-content\/uploads\/2024\/09\/WhatsApp-Gorsel-2024-09-10-saat-16.30.11_b579307b-1536x1152.jpg 1536w, http:\/\/site.zile.bel.tr\/wp-content\/uploads\/2024\/09\/WhatsApp-Gorsel-2024-09-10-saat-16.30.11_b579307b.jpg 2048w\" sizes=\"auto, (max-width: 800px) 100vw, 800px\" \/><\/p>\n<p>Zile Belediye Ba\u015fkan\u0131 \u015e\u00fckr\u00fc Sarg\u0131n\u2019\u0131 makam\u0131nda ziyaret eden Sanat\u00e7\u0131 Murat Evgin, ba\u015fkan Sarg\u0131n\u2019a \u00e7al\u0131\u015fmalar\u0131nda ba\u015far\u0131lar diledi.<br \/>\nZile Belediye Ba\u015fkan\u0131 \u015e\u00fckr\u00fc Sarg\u0131n\u2019da Evgin&#8217;e te\u015fekk\u00fcr ederek, &#8220;Bizim i\u00e7in mutluluk verici bir durum.&#8221; ifadesini\u00a0kulland\u0131.<\/p>\n<p><img loading=\"lazy\" decoding=\"async\" class=\"alignnone wp-image-7843\" src=\"http:\/\/site.zile.bel.tr\/wp-content\/uploads\/2024\/09\/WhatsApp-Gorsel-2024-09-10-saat-16.30.11_19660b10-300x169.jpg\" alt=\"\" width=\"800\" height=\"450\" srcset=\"http:\/\/site.zile.bel.tr\/wp-content\/uploads\/2024\/09\/WhatsApp-Gorsel-2024-09-10-saat-16.30.11_19660b10-300x169.jpg 300w, http:\/\/site.zile.bel.tr\/wp-content\/uploads\/2024\/09\/WhatsApp-Gorsel-2024-09-10-saat-16.30.11_19660b10-1024x576.jpg 1024w, http:\/\/site.zile.bel.tr\/wp-content\/uploads\/2024\/09\/WhatsApp-Gorsel-2024-09-10-saat-16.30.11_19660b10-768x432.jpg 768w, http:\/\/site.zile.bel.tr\/wp-content\/uploads\/2024\/09\/WhatsApp-Gorsel-2024-09-10-saat-16.30.11_19660b10-1536x864.jpg 1536w, http:\/\/site.zile.bel.tr\/wp-content\/uploads\/2024\/09\/WhatsApp-Gorsel-2024-09-10-saat-16.30.11_19660b10-2048x1152.jpg 2048w\" sizes=\"auto, (max-width: 800px) 100vw, 800px\" \/><\/p>\n<p><img loading=\"lazy\" decoding=\"async\" class=\"alignnone wp-image-7844\" src=\"http:\/\/site.zile.bel.tr\/wp-content\/uploads\/2024\/09\/WhatsApp-Gorsel-2024-09-10-saat-16.30.09_0e651cad-300x169.jpg\" alt=\"\" width=\"800\" height=\"449\" srcset=\"http:\/\/site.zile.bel.tr\/wp-content\/uploads\/2024\/09\/WhatsApp-Gorsel-2024-09-10-saat-16.30.09_0e651cad-300x169.jpg 300w, http:\/\/site.zile.bel.tr\/wp-content\/uploads\/2024\/09\/WhatsApp-Gorsel-2024-09-10-saat-16.30.09_0e651cad-1024x575.jpg 1024w, http:\/\/site.zile.bel.tr\/wp-content\/uploads\/2024\/09\/WhatsApp-Gorsel-2024-09-10-saat-16.30.09_0e651cad-768x431.jpg 768w, http:\/\/site.zile.bel.tr\/wp-content\/uploads\/2024\/09\/WhatsApp-Gorsel-2024-09-10-saat-16.30.09_0e651cad.jpg 1440w\" sizes=\"auto, (max-width: 800px) 100vw, 800px\" \/><\/p>\n","protected":false},"excerpt":{"rendered":"<p>Sanat\u00e7\u0131 Murat Evgin Zile\u2019de \u00dcnl\u00fc besteci ve s\u00f6z yazar\u0131 Murat Evgin 30 A\u011fustos Zafer Bayram\u0131nda kendisine ait \u015eehit T\u00fcrk\u00fcs\u00fcn\u00fc sokaklarda okuyan Zileli minik yavrularla Zile Kalesinde bulu\u015ftu. Zile Belediye Ba\u015fkan\u0131 \u015e\u00fckr\u00fc Sarg\u0131n\u2019\u0131 makam\u0131nda ziyaret eden Sanat\u00e7\u0131 Murat Evgin, ba\u015fkan Sarg\u0131n\u2019a \u00e7al\u0131\u015fmalar\u0131nda ba\u015far\u0131lar diledi. Zile Belediye Ba\u015fkan\u0131 \u015e\u00fckr\u00fc Sarg\u0131n\u2019da Evgin&#8217;e te\u015fekk\u00fcr ederek, &#8220;Bizim i\u00e7in mutluluk verici [&hellip;]<\/p>\n","protected":false},"author":1,"featured_media":7841,"comment_status":"open","ping_status":"open","sticky":false,"template":"","format":"standard","meta":{"footnotes":""},"categories":[11],"tags":[],"class_list":["post-7840","post","type-post","status-publish","format-standard","has-post-thumbnail","hentry","category-haberler"],"_links":{"self":[{"href":"http:\/\/site.zile.bel.tr\/index.php\/wp-json\/wp\/v2\/posts\/7840","targetHints":{"allow":["GET"]}}],"collection":[{"href":"http:\/\/site.zile.bel.tr\/index.php\/wp-json\/wp\/v2\/posts"}],"about":[{"href":"http:\/\/site.zile.bel.tr\/index.php\/wp-json\/wp\/v2\/types\/post"}],"author":[{"embeddable":true,"href":"http:\/\/site.zile.bel.tr\/index.php\/wp-json\/wp\/v2\/users\/1"}],"replies":[{"embeddable":true,"href":"http:\/\/site.zile.bel.tr\/index.php\/wp-json\/wp\/v2\/comments?post=7840"}],"version-history":[{"count":1,"href":"http:\/\/site.zile.bel.tr\/index.php\/wp-json\/wp\/v2\/posts\/7840\/revisions"}],"predecessor-version":[{"id":7845,"href":"http:\/\/site.zile.bel.tr\/index.php\/wp-json\/wp\/v2\/posts\/7840\/revisions\/7845"}],"wp:featuredmedia":[{"embeddable":true,"href":"http:\/\/site.zile.bel.tr\/index.php\/wp-json\/wp\/v2\/media\/7841"}],"wp:attachment":[{"href":"http:\/\/site.zile.bel.tr\/index.php\/wp-json\/wp\/v2\/media?parent=7840"}],"wp:term":[{"taxonomy":"category","embeddable":true,"href":"http:\/\/site.zile.bel.tr\/index.php\/wp-json\/wp\/v2\/categories?post=7840"},{"taxonomy":"post_tag","embeddable":true,"href":"http:\/\/site.zile.bel.tr\/index.php\/wp-json\/wp\/v2\/tags?post=7840"}],"curies":[{"name":"wp","href":"https:\/\/api.w.org\/{rel}","templated":true}]}}