{"id":7909,"date":"2024-09-23T13:12:51","date_gmt":"2024-09-23T10:12:51","guid":{"rendered":"https:\/\/site.zile.bel.tr\/?p=7909"},"modified":"2024-09-23T13:12:51","modified_gmt":"2024-09-23T10:12:51","slug":"milletimizin-basi-sag-olsun-2","status":"publish","type":"post","link":"http:\/\/site.zile.bel.tr\/index.php\/2024\/09\/23\/milletimizin-basi-sag-olsun-2\/","title":{"rendered":"Milletimizin ba\u015f\u0131 sa\u011f olsun."},"content":{"rendered":"<div class=\"xdj266r x11i5rnm xat24cr x1mh8g0r x1vvkbs x126k92a\">\n<div dir=\"auto\">Milletimizin ba\u015f\u0131 sa\u011f olsun.<\/div>\n<div dir=\"auto\"><img loading=\"lazy\" decoding=\"async\" class=\"alignnone wp-image-7910\" src=\"http:\/\/site.zile.bel.tr\/wp-content\/uploads\/2024\/09\/00001-300x300.jpg\" alt=\"\" width=\"800\" height=\"800\" srcset=\"http:\/\/site.zile.bel.tr\/wp-content\/uploads\/2024\/09\/00001-300x300.jpg 300w, http:\/\/site.zile.bel.tr\/wp-content\/uploads\/2024\/09\/00001-150x150.jpg 150w, http:\/\/site.zile.bel.tr\/wp-content\/uploads\/2024\/09\/00001-768x768.jpg 768w, http:\/\/site.zile.bel.tr\/wp-content\/uploads\/2024\/09\/00001.jpg 900w\" sizes=\"auto, (max-width: 800px) 100vw, 800px\" \/><\/div>\n<\/div>\n<div class=\"x11i5rnm xat24cr x1mh8g0r x1vvkbs xtlvy1s x126k92a\">\n<div dir=\"auto\">\u00dcmraniye il\u00e7e Emniyet M\u00fcd\u00fcrl\u00fc\u011f\u00fc Dudullu Polis Merkezi Amirli\u011fi kadrosunda g\u00f6revli Polis Memuru \u015eeyda YILMAZ g\u00f6rev esnas\u0131nda \u00e7\u0131kan \u00e7at\u0131\u015fmada yaralanm\u0131\u015f kald\u0131r\u0131ld\u0131\u011f\u0131 hastanede yap\u0131lan t\u00fcm m\u00fcdahalelere ra\u011fmen kurtar\u0131lamayarak \u015fehit olmu\u015ftur<span class=\"html-span xexx8yu x4uap5 x18d9i69 xkhd6sd x1hl2dhg x16tdsg8 x1vvkbs x3nfvp2 x1j61x8r x1fcty0u xdj266r xat24cr xgzva0m xhhsvwb xxymvpz xlup9mm x1kky2od\"><img loading=\"lazy\" decoding=\"async\" class=\"xz74otr\" src=\"https:\/\/static.xx.fbcdn.net\/images\/emoji.php\/v9\/tea\/1\/16\/1f1f9_1f1f7.png\" alt=\"\ud83c\uddf9\ud83c\uddf7\" width=\"16\" height=\"16\" \/><\/span><\/div>\n<\/div>\n<div class=\"x11i5rnm xat24cr x1mh8g0r x1vvkbs xtlvy1s x126k92a\">\n<div dir=\"auto\">\u00c7at\u0131\u015fmada Polis Memuru K\u00fcr\u015fat Hakk\u0131 SARITEPE de yaralanm\u0131\u015ft\u0131r.<\/div>\n<\/div>\n<div class=\"x11i5rnm xat24cr x1mh8g0r x1vvkbs xtlvy1s x126k92a\">\n<div dir=\"auto\">\u015eehidimize Allah&#8217;tan rahmet; kederli ailesine, kahraman Emniyet Te\u015fkilat\u0131m\u0131za ve Milletimize ba\u015fsa\u011fl\u0131\u011f\u0131 diliyorum.<\/div>\n<\/div>\n<div class=\"x11i5rnm xat24cr x1mh8g0r x1vvkbs xtlvy1s x126k92a\">\n<div dir=\"auto\">\u00c7at\u0131\u015fmada yaralanan kahraman\u0131m\u0131za da acil \u015fifalar diliyorum.<\/div>\n<div dir=\"auto\">\u015e\u00fckr\u00fc Sarg\u0131n<\/div>\n<div dir=\"auto\">Zile Belediye Ba\u015fkan\u0131<\/div>\n<\/div>\n","protected":false},"excerpt":{"rendered":"<p>Milletimizin ba\u015f\u0131 sa\u011f olsun. \u00dcmraniye il\u00e7e Emniyet M\u00fcd\u00fcrl\u00fc\u011f\u00fc Dudullu Polis Merkezi Amirli\u011fi kadrosunda g\u00f6revli Polis Memuru \u015eeyda YILMAZ g\u00f6rev esnas\u0131nda \u00e7\u0131kan \u00e7at\u0131\u015fmada yaralanm\u0131\u015f kald\u0131r\u0131ld\u0131\u011f\u0131 hastanede yap\u0131lan t\u00fcm m\u00fcdahalelere ra\u011fmen kurtar\u0131lamayarak \u015fehit olmu\u015ftur \u00c7at\u0131\u015fmada Polis Memuru K\u00fcr\u015fat Hakk\u0131 SARITEPE de yaralanm\u0131\u015ft\u0131r. \u015eehidimize Allah&#8217;tan rahmet; kederli ailesine, kahraman Emniyet Te\u015fkilat\u0131m\u0131za ve Milletimize ba\u015fsa\u011fl\u0131\u011f\u0131 diliyorum. \u00c7at\u0131\u015fmada yaralanan kahraman\u0131m\u0131za [&hellip;]<\/p>\n","protected":false},"author":1,"featured_media":7910,"comment_status":"open","ping_status":"open","sticky":false,"template":"","format":"standard","meta":{"footnotes":""},"categories":[11],"tags":[],"class_list":["post-7909","post","type-post","status-publish","format-standard","has-post-thumbnail","hentry","category-haberler"],"_links":{"self":[{"href":"http:\/\/site.zile.bel.tr\/index.php\/wp-json\/wp\/v2\/posts\/7909","targetHints":{"allow":["GET"]}}],"collection":[{"href":"http:\/\/site.zile.bel.tr\/index.php\/wp-json\/wp\/v2\/posts"}],"about":[{"href":"http:\/\/site.zile.bel.tr\/index.php\/wp-json\/wp\/v2\/types\/post"}],"author":[{"embeddable":true,"href":"http:\/\/site.zile.bel.tr\/index.php\/wp-json\/wp\/v2\/users\/1"}],"replies":[{"embeddable":true,"href":"http:\/\/site.zile.bel.tr\/index.php\/wp-json\/wp\/v2\/comments?post=7909"}],"version-history":[{"count":1,"href":"http:\/\/site.zile.bel.tr\/index.php\/wp-json\/wp\/v2\/posts\/7909\/revisions"}],"predecessor-version":[{"id":7911,"href":"http:\/\/site.zile.bel.tr\/index.php\/wp-json\/wp\/v2\/posts\/7909\/revisions\/7911"}],"wp:featuredmedia":[{"embeddable":true,"href":"http:\/\/site.zile.bel.tr\/index.php\/wp-json\/wp\/v2\/media\/7910"}],"wp:attachment":[{"href":"http:\/\/site.zile.bel.tr\/index.php\/wp-json\/wp\/v2\/media?parent=7909"}],"wp:term":[{"taxonomy":"category","embeddable":true,"href":"http:\/\/site.zile.bel.tr\/index.php\/wp-json\/wp\/v2\/categories?post=7909"},{"taxonomy":"post_tag","embeddable":true,"href":"http:\/\/site.zile.bel.tr\/index.php\/wp-json\/wp\/v2\/tags?post=7909"}],"curies":[{"name":"wp","href":"https:\/\/api.w.org\/{rel}","templated":true}]}}