{"id":7920,"date":"2024-09-27T16:23:36","date_gmt":"2024-09-27T13:23:36","guid":{"rendered":"https:\/\/site.zile.bel.tr\/?p=7920"},"modified":"2024-10-10T16:23:54","modified_gmt":"2024-10-10T13:23:54","slug":"itfaiye-haftasi-kutlamlari","status":"publish","type":"post","link":"http:\/\/site.zile.bel.tr\/index.php\/2024\/09\/27\/itfaiye-haftasi-kutlamlari\/","title":{"rendered":"\u0130TFA\u0130YE HAFTASI KUTLAMLARI"},"content":{"rendered":"<div class=\"xdj266r x11i5rnm xat24cr x1mh8g0r x1vvkbs x126k92a\">\n<div dir=\"auto\"><img loading=\"lazy\" decoding=\"async\" class=\"alignnone wp-image-7921\" src=\"http:\/\/site.zile.bel.tr\/wp-content\/uploads\/2024\/10\/461529596_568615832212837_4113497291449732680_n-300x225.jpg\" alt=\"\" width=\"800\" height=\"600\" srcset=\"http:\/\/site.zile.bel.tr\/wp-content\/uploads\/2024\/10\/461529596_568615832212837_4113497291449732680_n-300x225.jpg 300w, http:\/\/site.zile.bel.tr\/wp-content\/uploads\/2024\/10\/461529596_568615832212837_4113497291449732680_n-1024x768.jpg 1024w, http:\/\/site.zile.bel.tr\/wp-content\/uploads\/2024\/10\/461529596_568615832212837_4113497291449732680_n-768x576.jpg 768w, http:\/\/site.zile.bel.tr\/wp-content\/uploads\/2024\/10\/461529596_568615832212837_4113497291449732680_n-1536x1152.jpg 1536w, http:\/\/site.zile.bel.tr\/wp-content\/uploads\/2024\/10\/461529596_568615832212837_4113497291449732680_n.jpg 2048w\" sizes=\"auto, (max-width: 800px) 100vw, 800px\" \/><\/div>\n<\/div>\n<div class=\"x11i5rnm xat24cr x1mh8g0r x1vvkbs xtlvy1s x126k92a\">\n<div dir=\"auto\">\u0130tfaiye Haftas\u0131 nedeniyle Belediye Ba\u015fkan\u0131m\u0131z \u015e\u00fckr\u00fc Sarg\u0131n Zile Belediyesi \u0130tfaiye Personeline Belediye K\u00fclt\u00fcr evinde yemek verdi.<\/div>\n<\/div>\n<div class=\"x11i5rnm xat24cr x1mh8g0r x1vvkbs xtlvy1s x126k92a\">\n<div dir=\"auto\">Hayat\u0131 pahas\u0131na hi\u00e7 d\u00fc\u015f\u00fcnmeden kendilerini ate\u015fe atan t\u00fcm itfaiyeci arkada\u015flar\u0131n g\u00fcn\u00fcn\u00fc kutlad\u0131\u011f\u0131n\u0131 ifade eden Ba\u015fkan Sarg\u0131n &#8221; \u0130tfaiyecilik kutsal bir g\u00f6revdir. T\u00fcm arkada\u015flar\u0131m\u0131z\u0131n itfaiye g\u00fcn\u00fc kutlu olsun&#8221; dedi.<\/div>\n<\/div>\n","protected":false},"excerpt":{"rendered":"<p>\u0130tfaiye Haftas\u0131 nedeniyle Belediye Ba\u015fkan\u0131m\u0131z \u015e\u00fckr\u00fc Sarg\u0131n Zile Belediyesi \u0130tfaiye Personeline Belediye K\u00fclt\u00fcr evinde yemek verdi. Hayat\u0131 pahas\u0131na hi\u00e7 d\u00fc\u015f\u00fcnmeden kendilerini ate\u015fe atan t\u00fcm itfaiyeci arkada\u015flar\u0131n g\u00fcn\u00fcn\u00fc kutlad\u0131\u011f\u0131n\u0131 ifade eden Ba\u015fkan Sarg\u0131n &#8221; \u0130tfaiyecilik kutsal bir g\u00f6revdir. T\u00fcm arkada\u015flar\u0131m\u0131z\u0131n itfaiye g\u00fcn\u00fc kutlu olsun&#8221; dedi.<\/p>\n","protected":false},"author":1,"featured_media":7921,"comment_status":"open","ping_status":"open","sticky":false,"template":"","format":"standard","meta":{"footnotes":""},"categories":[11],"tags":[],"class_list":["post-7920","post","type-post","status-publish","format-standard","has-post-thumbnail","hentry","category-haberler"],"_links":{"self":[{"href":"http:\/\/site.zile.bel.tr\/index.php\/wp-json\/wp\/v2\/posts\/7920","targetHints":{"allow":["GET"]}}],"collection":[{"href":"http:\/\/site.zile.bel.tr\/index.php\/wp-json\/wp\/v2\/posts"}],"about":[{"href":"http:\/\/site.zile.bel.tr\/index.php\/wp-json\/wp\/v2\/types\/post"}],"author":[{"embeddable":true,"href":"http:\/\/site.zile.bel.tr\/index.php\/wp-json\/wp\/v2\/users\/1"}],"replies":[{"embeddable":true,"href":"http:\/\/site.zile.bel.tr\/index.php\/wp-json\/wp\/v2\/comments?post=7920"}],"version-history":[{"count":1,"href":"http:\/\/site.zile.bel.tr\/index.php\/wp-json\/wp\/v2\/posts\/7920\/revisions"}],"predecessor-version":[{"id":7922,"href":"http:\/\/site.zile.bel.tr\/index.php\/wp-json\/wp\/v2\/posts\/7920\/revisions\/7922"}],"wp:featuredmedia":[{"embeddable":true,"href":"http:\/\/site.zile.bel.tr\/index.php\/wp-json\/wp\/v2\/media\/7921"}],"wp:attachment":[{"href":"http:\/\/site.zile.bel.tr\/index.php\/wp-json\/wp\/v2\/media?parent=7920"}],"wp:term":[{"taxonomy":"category","embeddable":true,"href":"http:\/\/site.zile.bel.tr\/index.php\/wp-json\/wp\/v2\/categories?post=7920"},{"taxonomy":"post_tag","embeddable":true,"href":"http:\/\/site.zile.bel.tr\/index.php\/wp-json\/wp\/v2\/tags?post=7920"}],"curies":[{"name":"wp","href":"https:\/\/api.w.org\/{rel}","templated":true}]}}