{"id":7923,"date":"2024-09-28T16:27:25","date_gmt":"2024-09-28T13:27:25","guid":{"rendered":"https:\/\/site.zile.bel.tr\/?p=7923"},"modified":"2024-10-10T16:33:52","modified_gmt":"2024-10-10T13:33:52","slug":"narini-unutmayacagiz","status":"publish","type":"post","link":"http:\/\/site.zile.bel.tr\/index.php\/2024\/09\/28\/narini-unutmayacagiz\/","title":{"rendered":"NAR\u0130N&#8217;\u0130 UNUTMAYACA\u011eIZ"},"content":{"rendered":"<div class=\"xdj266r x11i5rnm xat24cr x1mh8g0r x1vvkbs x126k92a\">\n<div dir=\"auto\"><img loading=\"lazy\" decoding=\"async\" class=\"alignnone wp-image-7924\" src=\"http:\/\/site.zile.bel.tr\/wp-content\/uploads\/2024\/10\/461502850_569467352127685_3970969955896461493_n-300x225.jpg\" alt=\"\" width=\"800\" height=\"600\" srcset=\"http:\/\/site.zile.bel.tr\/wp-content\/uploads\/2024\/10\/461502850_569467352127685_3970969955896461493_n-300x225.jpg 300w, http:\/\/site.zile.bel.tr\/wp-content\/uploads\/2024\/10\/461502850_569467352127685_3970969955896461493_n-1024x768.jpg 1024w, http:\/\/site.zile.bel.tr\/wp-content\/uploads\/2024\/10\/461502850_569467352127685_3970969955896461493_n-768x576.jpg 768w, http:\/\/site.zile.bel.tr\/wp-content\/uploads\/2024\/10\/461502850_569467352127685_3970969955896461493_n-1536x1152.jpg 1536w, http:\/\/site.zile.bel.tr\/wp-content\/uploads\/2024\/10\/461502850_569467352127685_3970969955896461493_n.jpg 2048w\" sizes=\"auto, (max-width: 800px) 100vw, 800px\" \/><\/div>\n<\/div>\n<div class=\"x11i5rnm xat24cr x1mh8g0r x1vvkbs xtlvy1s x126k92a\">\n<div dir=\"auto\">Zile&#8217;nin en b\u00fcy\u00fck mahallesi olan Yunus Emre Mahallesi Muhtarl\u0131\u011f\u0131 taraf\u0131ndan birinci fidan dikimi yap\u0131ld\u0131.<\/div>\n<div dir=\"auto\"><img loading=\"lazy\" decoding=\"async\" class=\"alignnone wp-image-7925\" src=\"http:\/\/site.zile.bel.tr\/wp-content\/uploads\/2024\/10\/461434534_569467205461033_4631386253739568468_n-225x300.jpg\" alt=\"\" width=\"800\" height=\"1067\" srcset=\"http:\/\/site.zile.bel.tr\/wp-content\/uploads\/2024\/10\/461434534_569467205461033_4631386253739568468_n-225x300.jpg 225w, http:\/\/site.zile.bel.tr\/wp-content\/uploads\/2024\/10\/461434534_569467205461033_4631386253739568468_n-768x1024.jpg 768w, http:\/\/site.zile.bel.tr\/wp-content\/uploads\/2024\/10\/461434534_569467205461033_4631386253739568468_n-1152x1536.jpg 1152w, http:\/\/site.zile.bel.tr\/wp-content\/uploads\/2024\/10\/461434534_569467205461033_4631386253739568468_n.jpg 1536w\" sizes=\"auto, (max-width: 800px) 100vw, 800px\" \/><\/div>\n<\/div>\n<div class=\"x11i5rnm xat24cr x1mh8g0r x1vvkbs xtlvy1s x126k92a\">\n<div dir=\"auto\">T\u00f6ren havas\u0131nda ge\u00e7en fidan dikimi t\u00f6renine Tokat Milletvekili Kadim Durmaz Zile Belediye Ba\u015fkan\u0131 \u015e\u00fckr\u00fc Sarg\u0131n siyasiler \u0130l Genel Meclis \u00dcyeleri ve \u00e7ok say\u0131da mahalleli kat\u0131ld\u0131.<\/div>\n<\/div>\n<div class=\"x11i5rnm xat24cr x1mh8g0r x1vvkbs xtlvy1s x126k92a\">\n<div dir=\"auto\">Fidan dikiminde ge\u00e7ti\u011fimiz haftalarda Diyarbak\u0131r&#8217;da hunharca katledilen minik Narin ve \u015eehit Polis \u015eeyda Y\u0131lmaz da unulmad\u0131. Narin ve \u015eehit \u015eeyda ad\u0131na fidanlar dikildi.<\/div>\n<\/div>\n","protected":false},"excerpt":{"rendered":"<p>Zile&#8217;nin en b\u00fcy\u00fck mahallesi olan Yunus Emre Mahallesi Muhtarl\u0131\u011f\u0131 taraf\u0131ndan birinci fidan dikimi yap\u0131ld\u0131. T\u00f6ren havas\u0131nda ge\u00e7en fidan dikimi t\u00f6renine Tokat Milletvekili Kadim Durmaz Zile Belediye Ba\u015fkan\u0131 \u015e\u00fckr\u00fc Sarg\u0131n siyasiler \u0130l Genel Meclis \u00dcyeleri ve \u00e7ok say\u0131da mahalleli kat\u0131ld\u0131. Fidan dikiminde ge\u00e7ti\u011fimiz haftalarda Diyarbak\u0131r&#8217;da hunharca katledilen minik Narin ve \u015eehit Polis \u015eeyda Y\u0131lmaz da unulmad\u0131. [&hellip;]<\/p>\n","protected":false},"author":1,"featured_media":7924,"comment_status":"open","ping_status":"open","sticky":false,"template":"","format":"standard","meta":{"footnotes":""},"categories":[11],"tags":[],"class_list":["post-7923","post","type-post","status-publish","format-standard","has-post-thumbnail","hentry","category-haberler"],"_links":{"self":[{"href":"http:\/\/site.zile.bel.tr\/index.php\/wp-json\/wp\/v2\/posts\/7923","targetHints":{"allow":["GET"]}}],"collection":[{"href":"http:\/\/site.zile.bel.tr\/index.php\/wp-json\/wp\/v2\/posts"}],"about":[{"href":"http:\/\/site.zile.bel.tr\/index.php\/wp-json\/wp\/v2\/types\/post"}],"author":[{"embeddable":true,"href":"http:\/\/site.zile.bel.tr\/index.php\/wp-json\/wp\/v2\/users\/1"}],"replies":[{"embeddable":true,"href":"http:\/\/site.zile.bel.tr\/index.php\/wp-json\/wp\/v2\/comments?post=7923"}],"version-history":[{"count":1,"href":"http:\/\/site.zile.bel.tr\/index.php\/wp-json\/wp\/v2\/posts\/7923\/revisions"}],"predecessor-version":[{"id":7926,"href":"http:\/\/site.zile.bel.tr\/index.php\/wp-json\/wp\/v2\/posts\/7923\/revisions\/7926"}],"wp:featuredmedia":[{"embeddable":true,"href":"http:\/\/site.zile.bel.tr\/index.php\/wp-json\/wp\/v2\/media\/7924"}],"wp:attachment":[{"href":"http:\/\/site.zile.bel.tr\/index.php\/wp-json\/wp\/v2\/media?parent=7923"}],"wp:term":[{"taxonomy":"category","embeddable":true,"href":"http:\/\/site.zile.bel.tr\/index.php\/wp-json\/wp\/v2\/categories?post=7923"},{"taxonomy":"post_tag","embeddable":true,"href":"http:\/\/site.zile.bel.tr\/index.php\/wp-json\/wp\/v2\/tags?post=7923"}],"curies":[{"name":"wp","href":"https:\/\/api.w.org\/{rel}","templated":true}]}}