{"id":7931,"date":"2024-10-01T16:36:15","date_gmt":"2024-10-01T13:36:15","guid":{"rendered":"https:\/\/site.zile.bel.tr\/?p=7931"},"modified":"2024-10-10T16:38:45","modified_gmt":"2024-10-10T13:38:45","slug":"parklarda-fidanlar-toprakla-bulustu","status":"publish","type":"post","link":"http:\/\/site.zile.bel.tr\/index.php\/2024\/10\/01\/parklarda-fidanlar-toprakla-bulustu\/","title":{"rendered":"Parklarda Fidanlar Toprakla Bulu\u015ftu"},"content":{"rendered":"<div class=\"xdj266r x11i5rnm xat24cr x1mh8g0r x1vvkbs x126k92a\">\n<div dir=\"auto\">Parklarda Fidanlar Toprakla Bulu\u015ftu<\/div>\n<div dir=\"auto\"><img loading=\"lazy\" decoding=\"async\" class=\"alignnone wp-image-7932\" src=\"http:\/\/site.zile.bel.tr\/wp-content\/uploads\/2024\/10\/461800365_571620981912322_2572501903009236439_n-300x200.jpg\" alt=\"\" width=\"800\" height=\"533\" srcset=\"http:\/\/site.zile.bel.tr\/wp-content\/uploads\/2024\/10\/461800365_571620981912322_2572501903009236439_n-300x200.jpg 300w, http:\/\/site.zile.bel.tr\/wp-content\/uploads\/2024\/10\/461800365_571620981912322_2572501903009236439_n-1024x682.jpg 1024w, http:\/\/site.zile.bel.tr\/wp-content\/uploads\/2024\/10\/461800365_571620981912322_2572501903009236439_n-768x512.jpg 768w, http:\/\/site.zile.bel.tr\/wp-content\/uploads\/2024\/10\/461800365_571620981912322_2572501903009236439_n-1536x1023.jpg 1536w, http:\/\/site.zile.bel.tr\/wp-content\/uploads\/2024\/10\/461800365_571620981912322_2572501903009236439_n.jpg 1600w\" sizes=\"auto, (max-width: 800px) 100vw, 800px\" \/><\/div>\n<\/div>\n<div class=\"x11i5rnm xat24cr x1mh8g0r x1vvkbs xtlvy1s x126k92a\">\n<div dir=\"auto\">Belediye olarak Zile\u2019nin daha ye\u015fil olmas\u0131 i\u00e7in \u00e7al\u0131\u015ft\u0131klar\u0131n\u0131 s\u00f6yleyen Zile Belediye Ba\u015fkan\u0131 \u015e\u00fckr\u00fc Sarg\u0131n, &#8220;Zile\u2019nin d\u00f6rt bir yan\u0131nda hayata ge\u00e7irdi\u011fimiz parklar, bah\u00e7eler ve ye\u015fil alanlar\u0131n yan\u0131 s\u0131ra il\u00e7emizdeki bir\u00e7ok yeri de a\u011fa\u00e7land\u0131r\u0131yoruz. B\u00f6ylece \u00fclkemizin 2053 iklim de\u011fi\u015fikli\u011fi hedeflerine katk\u0131 sunuyoruz&#8221; dedi.<\/div>\n<div dir=\"auto\"><img loading=\"lazy\" decoding=\"async\" class=\"alignnone wp-image-7933\" src=\"http:\/\/site.zile.bel.tr\/wp-content\/uploads\/2024\/10\/461768040_571621108578976_3883973971564263347_n-300x200.jpg\" alt=\"\" width=\"800\" height=\"533\" srcset=\"http:\/\/site.zile.bel.tr\/wp-content\/uploads\/2024\/10\/461768040_571621108578976_3883973971564263347_n-300x200.jpg 300w, http:\/\/site.zile.bel.tr\/wp-content\/uploads\/2024\/10\/461768040_571621108578976_3883973971564263347_n-1024x682.jpg 1024w, http:\/\/site.zile.bel.tr\/wp-content\/uploads\/2024\/10\/461768040_571621108578976_3883973971564263347_n-768x512.jpg 768w, http:\/\/site.zile.bel.tr\/wp-content\/uploads\/2024\/10\/461768040_571621108578976_3883973971564263347_n-1536x1023.jpg 1536w, http:\/\/site.zile.bel.tr\/wp-content\/uploads\/2024\/10\/461768040_571621108578976_3883973971564263347_n.jpg 1600w\" sizes=\"auto, (max-width: 800px) 100vw, 800px\" \/><\/div>\n<\/div>\n","protected":false},"excerpt":{"rendered":"<p>Parklarda Fidanlar Toprakla Bulu\u015ftu Belediye olarak Zile\u2019nin daha ye\u015fil olmas\u0131 i\u00e7in \u00e7al\u0131\u015ft\u0131klar\u0131n\u0131 s\u00f6yleyen Zile Belediye Ba\u015fkan\u0131 \u015e\u00fckr\u00fc Sarg\u0131n, &#8220;Zile\u2019nin d\u00f6rt bir yan\u0131nda hayata ge\u00e7irdi\u011fimiz parklar, bah\u00e7eler ve ye\u015fil alanlar\u0131n yan\u0131 s\u0131ra il\u00e7emizdeki bir\u00e7ok yeri de a\u011fa\u00e7land\u0131r\u0131yoruz. B\u00f6ylece \u00fclkemizin 2053 iklim de\u011fi\u015fikli\u011fi hedeflerine katk\u0131 sunuyoruz&#8221; dedi.<\/p>\n","protected":false},"author":1,"featured_media":7932,"comment_status":"open","ping_status":"open","sticky":false,"template":"","format":"standard","meta":{"footnotes":""},"categories":[11],"tags":[],"class_list":["post-7931","post","type-post","status-publish","format-standard","has-post-thumbnail","hentry","category-haberler"],"_links":{"self":[{"href":"http:\/\/site.zile.bel.tr\/index.php\/wp-json\/wp\/v2\/posts\/7931","targetHints":{"allow":["GET"]}}],"collection":[{"href":"http:\/\/site.zile.bel.tr\/index.php\/wp-json\/wp\/v2\/posts"}],"about":[{"href":"http:\/\/site.zile.bel.tr\/index.php\/wp-json\/wp\/v2\/types\/post"}],"author":[{"embeddable":true,"href":"http:\/\/site.zile.bel.tr\/index.php\/wp-json\/wp\/v2\/users\/1"}],"replies":[{"embeddable":true,"href":"http:\/\/site.zile.bel.tr\/index.php\/wp-json\/wp\/v2\/comments?post=7931"}],"version-history":[{"count":1,"href":"http:\/\/site.zile.bel.tr\/index.php\/wp-json\/wp\/v2\/posts\/7931\/revisions"}],"predecessor-version":[{"id":7934,"href":"http:\/\/site.zile.bel.tr\/index.php\/wp-json\/wp\/v2\/posts\/7931\/revisions\/7934"}],"wp:featuredmedia":[{"embeddable":true,"href":"http:\/\/site.zile.bel.tr\/index.php\/wp-json\/wp\/v2\/media\/7932"}],"wp:attachment":[{"href":"http:\/\/site.zile.bel.tr\/index.php\/wp-json\/wp\/v2\/media?parent=7931"}],"wp:term":[{"taxonomy":"category","embeddable":true,"href":"http:\/\/site.zile.bel.tr\/index.php\/wp-json\/wp\/v2\/categories?post=7931"},{"taxonomy":"post_tag","embeddable":true,"href":"http:\/\/site.zile.bel.tr\/index.php\/wp-json\/wp\/v2\/tags?post=7931"}],"curies":[{"name":"wp","href":"https:\/\/api.w.org\/{rel}","templated":true}]}}