{"id":7970,"date":"2024-10-11T09:22:20","date_gmt":"2024-10-11T06:22:20","guid":{"rendered":"https:\/\/site.zile.bel.tr\/?p=7970"},"modified":"2024-10-18T09:25:28","modified_gmt":"2024-10-18T06:25:28","slug":"asirlik-zile-panayir-guresleri-uluslararasi-oldu","status":"publish","type":"post","link":"http:\/\/site.zile.bel.tr\/index.php\/2024\/10\/11\/asirlik-zile-panayir-guresleri-uluslararasi-oldu\/","title":{"rendered":"ASIRLIK Z\u0130LE PANAYIR G\u00dcRE\u015eLER\u0130 ULUSLARARASI OLDU"},"content":{"rendered":"<div class=\"xdj266r x11i5rnm xat24cr x1mh8g0r x1vvkbs x126k92a\">\n<div dir=\"auto\"><\/div>\n<div dir=\"auto\"><img loading=\"lazy\" decoding=\"async\" class=\"alignnone wp-image-7971\" src=\"http:\/\/site.zile.bel.tr\/wp-content\/uploads\/2024\/10\/462882140_578907994516954_5283661410173979535_n-1-214x300.jpg\" alt=\"\" width=\"800\" height=\"1121\" srcset=\"http:\/\/site.zile.bel.tr\/wp-content\/uploads\/2024\/10\/462882140_578907994516954_5283661410173979535_n-1-214x300.jpg 214w, http:\/\/site.zile.bel.tr\/wp-content\/uploads\/2024\/10\/462882140_578907994516954_5283661410173979535_n-1-731x1024.jpg 731w, http:\/\/site.zile.bel.tr\/wp-content\/uploads\/2024\/10\/462882140_578907994516954_5283661410173979535_n-1-768x1076.jpg 768w, http:\/\/site.zile.bel.tr\/wp-content\/uploads\/2024\/10\/462882140_578907994516954_5283661410173979535_n-1-1096x1536.jpg 1096w, http:\/\/site.zile.bel.tr\/wp-content\/uploads\/2024\/10\/462882140_578907994516954_5283661410173979535_n-1.jpg 1142w\" sizes=\"auto, (max-width: 800px) 100vw, 800px\" \/><\/div>\n<\/div>\n<div class=\"x11i5rnm xat24cr x1mh8g0r x1vvkbs xtlvy1s x126k92a\">\n<div dir=\"auto\">Anadolu&#8217;nun en eski g\u00fcre\u015f organizasyonu olan As\u0131rl\u0131k Zile Panay\u0131r\u0131 G\u00fcre\u015fleri bu sene 20 Ekim2024 tarihinde yap\u0131lacak<\/div>\n<\/div>\n<div class=\"x11i5rnm xat24cr x1mh8g0r x1vvkbs xtlvy1s x126k92a\">\n<div dir=\"auto\">Tarihinde ilk kez bu sene yabanc\u0131 \u00fclkelerden g\u00fcre\u015f\u00e7iler davet edilerek organizasyon uluslararas\u0131 boyuta ta\u015f\u0131nd\u0131.<\/div>\n<\/div>\n<div class=\"x11i5rnm xat24cr x1mh8g0r x1vvkbs xtlvy1s x126k92a\">\n<div dir=\"auto\">Belediye Ba\u015fkan\u0131 \u015e\u00fckr\u00fc Sarg\u0131n t\u00fcm g\u00fcre\u015f severleri Belediye Ba\u011f\u0131nda 20 Ekim 2024 Pazar g\u00fcn\u00fc yap\u0131lacak Uluslararas\u0131 Zile Karakucak G\u00fcre\u015flerine davet etti.<\/div>\n<div dir=\"auto\">\n\n\t\t<style type=\"text\/css\">\n\t\t\t#gallery-1 {\n\t\t\t\tmargin: auto;\n\t\t\t}\n\t\t\t#gallery-1 .gallery-item {\n\t\t\t\tfloat: left;\n\t\t\t\tmargin-top: 10px;\n\t\t\t\ttext-align: center;\n\t\t\t\twidth: 33%;\n\t\t\t}\n\t\t\t#gallery-1 img {\n\t\t\t\tborder: 2px solid #cfcfcf;\n\t\t\t}\n\t\t\t#gallery-1 .gallery-caption {\n\t\t\t\tmargin-left: 0;\n\t\t\t}\n\t\t\t\/* see gallery_shortcode() in wp-includes\/media.php *\/\n\t\t<\/style>\n\t\t<div id='gallery-1' class='gallery galleryid-7970 gallery-columns-3 gallery-size-thumbnail'><dl class='gallery-item'>\n\t\t\t<dt class='gallery-icon landscape'>\n\t\t\t\t<a href='http:\/\/site.zile.bel.tr\/wp-content\/uploads\/2024\/10\/462695100_579165207824566_459818485721773521_n.jpg'><img loading=\"lazy\" decoding=\"async\" width=\"150\" height=\"150\" src=\"http:\/\/site.zile.bel.tr\/wp-content\/uploads\/2024\/10\/462695100_579165207824566_459818485721773521_n-150x150.jpg\" class=\"attachment-thumbnail size-thumbnail\" alt=\"\" \/><\/a>\n\t\t\t<\/dt><\/dl><dl class='gallery-item'>\n\t\t\t<dt class='gallery-icon landscape'>\n\t\t\t\t<a href='http:\/\/site.zile.bel.tr\/wp-content\/uploads\/2024\/10\/462695896_579165567824530_5339647517293208906_n.jpg'><img loading=\"lazy\" decoding=\"async\" width=\"150\" height=\"150\" src=\"http:\/\/site.zile.bel.tr\/wp-content\/uploads\/2024\/10\/462695896_579165567824530_5339647517293208906_n-150x150.jpg\" class=\"attachment-thumbnail size-thumbnail\" alt=\"\" \/><\/a>\n\t\t\t<\/dt><\/dl><dl class='gallery-item'>\n\t\t\t<dt class='gallery-icon landscape'>\n\t\t\t\t<a href='http:\/\/site.zile.bel.tr\/wp-content\/uploads\/2024\/10\/462700943_579165547824532_6829133045147656162_n.jpg'><img loading=\"lazy\" decoding=\"async\" width=\"150\" height=\"150\" src=\"http:\/\/site.zile.bel.tr\/wp-content\/uploads\/2024\/10\/462700943_579165547824532_6829133045147656162_n-150x150.jpg\" class=\"attachment-thumbnail size-thumbnail\" alt=\"\" \/><\/a>\n\t\t\t<\/dt><\/dl><br style=\"clear: both\" \/><dl class='gallery-item'>\n\t\t\t<dt class='gallery-icon landscape'>\n\t\t\t\t<a href='http:\/\/site.zile.bel.tr\/wp-content\/uploads\/2024\/10\/462709422_579165341157886_8570554112159242756_n.jpg'><img loading=\"lazy\" decoding=\"async\" width=\"150\" height=\"150\" src=\"http:\/\/site.zile.bel.tr\/wp-content\/uploads\/2024\/10\/462709422_579165341157886_8570554112159242756_n-150x150.jpg\" class=\"attachment-thumbnail size-thumbnail\" alt=\"\" \/><\/a>\n\t\t\t<\/dt><\/dl><dl class='gallery-item'>\n\t\t\t<dt class='gallery-icon landscape'>\n\t\t\t\t<a href='http:\/\/site.zile.bel.tr\/wp-content\/uploads\/2024\/10\/462800926_579165467824540_7981067943007100329_n.jpg'><img loading=\"lazy\" decoding=\"async\" width=\"150\" height=\"150\" src=\"http:\/\/site.zile.bel.tr\/wp-content\/uploads\/2024\/10\/462800926_579165467824540_7981067943007100329_n-150x150.jpg\" class=\"attachment-thumbnail size-thumbnail\" alt=\"\" \/><\/a>\n\t\t\t<\/dt><\/dl><dl class='gallery-item'>\n\t\t\t<dt class='gallery-icon landscape'>\n\t\t\t\t<a href='http:\/\/site.zile.bel.tr\/wp-content\/uploads\/2024\/10\/462803127_579165381157882_674589891893793458_n.jpg'><img loading=\"lazy\" decoding=\"async\" width=\"150\" height=\"150\" src=\"http:\/\/site.zile.bel.tr\/wp-content\/uploads\/2024\/10\/462803127_579165381157882_674589891893793458_n-150x150.jpg\" class=\"attachment-thumbnail size-thumbnail\" alt=\"\" \/><\/a>\n\t\t\t<\/dt><\/dl><br style=\"clear: both\" \/><dl class='gallery-item'>\n\t\t\t<dt class='gallery-icon landscape'>\n\t\t\t\t<a href='http:\/\/site.zile.bel.tr\/wp-content\/uploads\/2024\/10\/462803875_579165594491194_7563927720495072600_n.jpg'><img loading=\"lazy\" decoding=\"async\" width=\"150\" height=\"150\" src=\"http:\/\/site.zile.bel.tr\/wp-content\/uploads\/2024\/10\/462803875_579165594491194_7563927720495072600_n-150x150.jpg\" class=\"attachment-thumbnail size-thumbnail\" alt=\"\" \/><\/a>\n\t\t\t<\/dt><\/dl><dl class='gallery-item'>\n\t\t\t<dt class='gallery-icon landscape'>\n\t\t\t\t<a href='http:\/\/site.zile.bel.tr\/wp-content\/uploads\/2024\/10\/462804636_579165581157862_4511579187192730729_n.jpg'><img loading=\"lazy\" decoding=\"async\" width=\"150\" height=\"150\" src=\"http:\/\/site.zile.bel.tr\/wp-content\/uploads\/2024\/10\/462804636_579165581157862_4511579187192730729_n-150x150.jpg\" class=\"attachment-thumbnail size-thumbnail\" alt=\"\" \/><\/a>\n\t\t\t<\/dt><\/dl><dl class='gallery-item'>\n\t\t\t<dt class='gallery-icon portrait'>\n\t\t\t\t<a href='http:\/\/site.zile.bel.tr\/wp-content\/uploads\/2024\/10\/462882140_578907994516954_5283661410173979535_n-2.jpg'><img loading=\"lazy\" decoding=\"async\" width=\"150\" height=\"150\" src=\"http:\/\/site.zile.bel.tr\/wp-content\/uploads\/2024\/10\/462882140_578907994516954_5283661410173979535_n-2-150x150.jpg\" class=\"attachment-thumbnail size-thumbnail\" alt=\"\" \/><\/a>\n\t\t\t<\/dt><\/dl><br style=\"clear: both\" \/><dl class='gallery-item'>\n\t\t\t<dt class='gallery-icon landscape'>\n\t\t\t\t<a href='http:\/\/site.zile.bel.tr\/wp-content\/uploads\/2024\/10\/462917615_579165504491203_4074082822340436631_n.jpg'><img loading=\"lazy\" decoding=\"async\" width=\"150\" height=\"150\" src=\"http:\/\/site.zile.bel.tr\/wp-content\/uploads\/2024\/10\/462917615_579165504491203_4074082822340436631_n-150x150.jpg\" class=\"attachment-thumbnail size-thumbnail\" alt=\"\" \/><\/a>\n\t\t\t<\/dt><\/dl>\n\t\t\t<br style='clear: both' \/>\n\t\t<\/div>\n\n<\/div>\n<\/div>\n","protected":false},"excerpt":{"rendered":"<p>Anadolu&#8217;nun en eski g\u00fcre\u015f organizasyonu olan As\u0131rl\u0131k Zile Panay\u0131r\u0131 G\u00fcre\u015fleri bu sene 20 Ekim2024 tarihinde yap\u0131lacak Tarihinde ilk kez bu sene yabanc\u0131 \u00fclkelerden g\u00fcre\u015f\u00e7iler davet edilerek organizasyon uluslararas\u0131 boyuta ta\u015f\u0131nd\u0131. Belediye Ba\u015fkan\u0131 \u015e\u00fckr\u00fc Sarg\u0131n t\u00fcm g\u00fcre\u015f severleri Belediye Ba\u011f\u0131nda 20 Ekim 2024 Pazar g\u00fcn\u00fc yap\u0131lacak Uluslararas\u0131 Zile Karakucak G\u00fcre\u015flerine davet etti.<\/p>\n","protected":false},"author":1,"featured_media":7976,"comment_status":"open","ping_status":"open","sticky":false,"template":"","format":"standard","meta":{"footnotes":""},"categories":[11],"tags":[],"class_list":["post-7970","post","type-post","status-publish","format-standard","has-post-thumbnail","hentry","category-haberler"],"_links":{"self":[{"href":"http:\/\/site.zile.bel.tr\/index.php\/wp-json\/wp\/v2\/posts\/7970","targetHints":{"allow":["GET"]}}],"collection":[{"href":"http:\/\/site.zile.bel.tr\/index.php\/wp-json\/wp\/v2\/posts"}],"about":[{"href":"http:\/\/site.zile.bel.tr\/index.php\/wp-json\/wp\/v2\/types\/post"}],"author":[{"embeddable":true,"href":"http:\/\/site.zile.bel.tr\/index.php\/wp-json\/wp\/v2\/users\/1"}],"replies":[{"embeddable":true,"href":"http:\/\/site.zile.bel.tr\/index.php\/wp-json\/wp\/v2\/comments?post=7970"}],"version-history":[{"count":1,"href":"http:\/\/site.zile.bel.tr\/index.php\/wp-json\/wp\/v2\/posts\/7970\/revisions"}],"predecessor-version":[{"id":7982,"href":"http:\/\/site.zile.bel.tr\/index.php\/wp-json\/wp\/v2\/posts\/7970\/revisions\/7982"}],"wp:featuredmedia":[{"embeddable":true,"href":"http:\/\/site.zile.bel.tr\/index.php\/wp-json\/wp\/v2\/media\/7976"}],"wp:attachment":[{"href":"http:\/\/site.zile.bel.tr\/index.php\/wp-json\/wp\/v2\/media?parent=7970"}],"wp:term":[{"taxonomy":"category","embeddable":true,"href":"http:\/\/site.zile.bel.tr\/index.php\/wp-json\/wp\/v2\/categories?post=7970"},{"taxonomy":"post_tag","embeddable":true,"href":"http:\/\/site.zile.bel.tr\/index.php\/wp-json\/wp\/v2\/tags?post=7970"}],"curies":[{"name":"wp","href":"https:\/\/api.w.org\/{rel}","templated":true}]}}