{"id":7989,"date":"2024-10-17T09:31:10","date_gmt":"2024-10-17T06:31:10","guid":{"rendered":"https:\/\/site.zile.bel.tr\/?p=7989"},"modified":"2024-10-18T09:32:01","modified_gmt":"2024-10-18T06:32:01","slug":"su-kesintisi","status":"publish","type":"post","link":"http:\/\/site.zile.bel.tr\/index.php\/2024\/10\/17\/su-kesintisi\/","title":{"rendered":"SU KES\u0130NT\u0130S\u0130"},"content":{"rendered":"<div class=\"xdj266r x11i5rnm xat24cr x1mh8g0r x1vvkbs x126k92a\">\n<div dir=\"auto\">SU KES\u0130NT\u0130S\u0130<\/div>\n<div dir=\"auto\"><img loading=\"lazy\" decoding=\"async\" class=\"alignnone wp-image-7990\" src=\"http:\/\/site.zile.bel.tr\/wp-content\/uploads\/2024\/10\/test-300x181.jpg\" alt=\"\" width=\"800\" height=\"484\" srcset=\"http:\/\/site.zile.bel.tr\/wp-content\/uploads\/2024\/10\/test-300x181.jpg 300w, http:\/\/site.zile.bel.tr\/wp-content\/uploads\/2024\/10\/test-768x464.jpg 768w, http:\/\/site.zile.bel.tr\/wp-content\/uploads\/2024\/10\/test.jpg 910w\" sizes=\"auto, (max-width: 800px) 100vw, 800px\" \/><\/div>\n<\/div>\n<div class=\"x11i5rnm xat24cr x1mh8g0r x1vvkbs xtlvy1s x126k92a\">\n<div dir=\"auto\">\u015eebeke bak\u0131m\u0131 nedeni ile 18.Ekim.2024 Cuma g\u00fcn\u00fc a\u015fa\u011f\u0131daki mahallelerde su kesintisi yap\u0131lacakt\u0131r.<\/div>\n<\/div>\n<div class=\"x11i5rnm xat24cr x1mh8g0r x1vvkbs xtlvy1s x126k92a\">\n<div dir=\"auto\">Minareyi Sa\u011f\u0131r<\/div>\n<div dir=\"auto\">Minareyi Kebir<\/div>\n<div dir=\"auto\">Yunus Emre<\/div>\n<div dir=\"auto\">Din\u00e7erler<\/div>\n<div dir=\"auto\">\u015eeyhali Mahallerinde<\/div>\n<\/div>\n<div class=\"x11i5rnm xat24cr x1mh8g0r x1vvkbs xtlvy1s x126k92a\">\n<div dir=\"auto\">Saat 12 den itibaren su kesintisi uygulanacakt\u0131r.<\/div>\n<\/div>\n","protected":false},"excerpt":{"rendered":"<p>SU KES\u0130NT\u0130S\u0130 \u015eebeke bak\u0131m\u0131 nedeni ile 18.Ekim.2024 Cuma g\u00fcn\u00fc a\u015fa\u011f\u0131daki mahallelerde su kesintisi yap\u0131lacakt\u0131r. Minareyi Sa\u011f\u0131r Minareyi Kebir Yunus Emre Din\u00e7erler \u015eeyhali Mahallerinde Saat 12 den itibaren su kesintisi uygulanacakt\u0131r.<\/p>\n","protected":false},"author":1,"featured_media":7990,"comment_status":"open","ping_status":"open","sticky":false,"template":"","format":"standard","meta":{"footnotes":""},"categories":[11],"tags":[],"class_list":["post-7989","post","type-post","status-publish","format-standard","has-post-thumbnail","hentry","category-haberler"],"_links":{"self":[{"href":"http:\/\/site.zile.bel.tr\/index.php\/wp-json\/wp\/v2\/posts\/7989","targetHints":{"allow":["GET"]}}],"collection":[{"href":"http:\/\/site.zile.bel.tr\/index.php\/wp-json\/wp\/v2\/posts"}],"about":[{"href":"http:\/\/site.zile.bel.tr\/index.php\/wp-json\/wp\/v2\/types\/post"}],"author":[{"embeddable":true,"href":"http:\/\/site.zile.bel.tr\/index.php\/wp-json\/wp\/v2\/users\/1"}],"replies":[{"embeddable":true,"href":"http:\/\/site.zile.bel.tr\/index.php\/wp-json\/wp\/v2\/comments?post=7989"}],"version-history":[{"count":1,"href":"http:\/\/site.zile.bel.tr\/index.php\/wp-json\/wp\/v2\/posts\/7989\/revisions"}],"predecessor-version":[{"id":7991,"href":"http:\/\/site.zile.bel.tr\/index.php\/wp-json\/wp\/v2\/posts\/7989\/revisions\/7991"}],"wp:featuredmedia":[{"embeddable":true,"href":"http:\/\/site.zile.bel.tr\/index.php\/wp-json\/wp\/v2\/media\/7990"}],"wp:attachment":[{"href":"http:\/\/site.zile.bel.tr\/index.php\/wp-json\/wp\/v2\/media?parent=7989"}],"wp:term":[{"taxonomy":"category","embeddable":true,"href":"http:\/\/site.zile.bel.tr\/index.php\/wp-json\/wp\/v2\/categories?post=7989"},{"taxonomy":"post_tag","embeddable":true,"href":"http:\/\/site.zile.bel.tr\/index.php\/wp-json\/wp\/v2\/tags?post=7989"}],"curies":[{"name":"wp","href":"https:\/\/api.w.org\/{rel}","templated":true}]}}