{"id":7999,"date":"2024-10-18T09:36:23","date_gmt":"2024-10-18T06:36:23","guid":{"rendered":"https:\/\/site.zile.bel.tr\/?p=7999"},"modified":"2024-10-18T09:36:23","modified_gmt":"2024-10-18T06:36:23","slug":"zile-calistayi","status":"publish","type":"post","link":"http:\/\/site.zile.bel.tr\/index.php\/2024\/10\/18\/zile-calistayi\/","title":{"rendered":"Z\u0130LE \u00c7ALI\u015eTAYI"},"content":{"rendered":"<div class=\"xdj266r x11i5rnm xat24cr x1mh8g0r x1vvkbs x126k92a\">\n<div dir=\"auto\">Z\u0130LE \u00c7ALI\u015eTAYI<\/div>\n<div dir=\"auto\"><img loading=\"lazy\" decoding=\"async\" class=\"alignnone wp-image-8000\" src=\"http:\/\/site.zile.bel.tr\/wp-content\/uploads\/2024\/10\/463582825_583657017375385_2872879586787463424_n-300x200.jpg\" alt=\"\" width=\"800\" height=\"533\" srcset=\"http:\/\/site.zile.bel.tr\/wp-content\/uploads\/2024\/10\/463582825_583657017375385_2872879586787463424_n-300x200.jpg 300w, http:\/\/site.zile.bel.tr\/wp-content\/uploads\/2024\/10\/463582825_583657017375385_2872879586787463424_n-1024x682.jpg 1024w, http:\/\/site.zile.bel.tr\/wp-content\/uploads\/2024\/10\/463582825_583657017375385_2872879586787463424_n-768x512.jpg 768w, http:\/\/site.zile.bel.tr\/wp-content\/uploads\/2024\/10\/463582825_583657017375385_2872879586787463424_n-1536x1023.jpg 1536w, http:\/\/site.zile.bel.tr\/wp-content\/uploads\/2024\/10\/463582825_583657017375385_2872879586787463424_n.jpg 1600w\" sizes=\"auto, (max-width: 800px) 100vw, 800px\" \/><\/div>\n<\/div>\n<div class=\"x11i5rnm xat24cr x1mh8g0r x1vvkbs xtlvy1s x126k92a\">\n<div dir=\"auto\">\u0130skenderun Teknik \u00dcniversitesi Mimarl\u0131k Fak\u00fcltesi taraf\u0131ndan iki y\u0131ld\u0131r s\u00fcren Zile \u00e7al\u0131\u015fmalar\u0131nda sona gelindi.<\/div>\n<div dir=\"auto\"><img loading=\"lazy\" decoding=\"async\" class=\"alignnone wp-image-8001\" src=\"http:\/\/site.zile.bel.tr\/wp-content\/uploads\/2024\/10\/463453867_583657267375360_4925222378080032537_n-300x200.jpg\" alt=\"\" width=\"800\" height=\"533\" srcset=\"http:\/\/site.zile.bel.tr\/wp-content\/uploads\/2024\/10\/463453867_583657267375360_4925222378080032537_n-300x200.jpg 300w, http:\/\/site.zile.bel.tr\/wp-content\/uploads\/2024\/10\/463453867_583657267375360_4925222378080032537_n-1024x682.jpg 1024w, http:\/\/site.zile.bel.tr\/wp-content\/uploads\/2024\/10\/463453867_583657267375360_4925222378080032537_n-768x512.jpg 768w, http:\/\/site.zile.bel.tr\/wp-content\/uploads\/2024\/10\/463453867_583657267375360_4925222378080032537_n-1536x1023.jpg 1536w, http:\/\/site.zile.bel.tr\/wp-content\/uploads\/2024\/10\/463453867_583657267375360_4925222378080032537_n.jpg 1600w\" sizes=\"auto, (max-width: 800px) 100vw, 800px\" \/><\/div>\n<\/div>\n<div class=\"x11i5rnm xat24cr x1mh8g0r x1vvkbs xtlvy1s x126k92a\">\n<div dir=\"auto\">\u0130skenderun Teknik \u00dcniversitesi Mimarl\u0131k Fak\u00fcltesi Dekan\u0131 Prof. Dr. Murat \u00d6rnek taraf\u0131ndan ba\u015flat\u0131lan \u015eehir ve B\u00f6lge Planlama Program\u0131 \u00f6\u011frencilerinin y\u00fcr\u00fctt\u00fc\u011f\u00fc akademik Zile ara\u015ft\u0131rmalar\u0131n\u0131n sonu\u00e7lar\u0131 bu g\u00fcn Zile Kaymakaml\u0131\u011f\u0131 Toplant\u0131 Salonunda sunuldu.<\/div>\n<div dir=\"auto\"><img loading=\"lazy\" decoding=\"async\" class=\"alignnone wp-image-8002\" src=\"http:\/\/site.zile.bel.tr\/wp-content\/uploads\/2024\/10\/463599218_583657180708702_1152664108576046073_n-300x200.jpg\" alt=\"\" width=\"800\" height=\"533\" srcset=\"http:\/\/site.zile.bel.tr\/wp-content\/uploads\/2024\/10\/463599218_583657180708702_1152664108576046073_n-300x200.jpg 300w, http:\/\/site.zile.bel.tr\/wp-content\/uploads\/2024\/10\/463599218_583657180708702_1152664108576046073_n-1024x682.jpg 1024w, http:\/\/site.zile.bel.tr\/wp-content\/uploads\/2024\/10\/463599218_583657180708702_1152664108576046073_n-768x512.jpg 768w, http:\/\/site.zile.bel.tr\/wp-content\/uploads\/2024\/10\/463599218_583657180708702_1152664108576046073_n-1536x1023.jpg 1536w, http:\/\/site.zile.bel.tr\/wp-content\/uploads\/2024\/10\/463599218_583657180708702_1152664108576046073_n.jpg 1600w\" sizes=\"auto, (max-width: 800px) 100vw, 800px\" \/><\/div>\n<\/div>\n<div class=\"x11i5rnm xat24cr x1mh8g0r x1vvkbs xtlvy1s x126k92a\">\n<div dir=\"auto\">\u0130STE \u00dcniv. Rekt\u00f6r Yard\u0131mc\u0131s\u0131 Prof. Dr. Murat \u00d6rnek iki y\u0131ld\u0131r \u00f6\u011frencilerin guruplar halinde Zile&#8217;ye geletek g\u00fczel bir \u00e7al\u0131\u015fma \u00f6rne\u011fi sundular. Bize ev sahipli\u011fi yapan misafir eden Belediye Ba\u015fkan\u0131m\u0131z \u015e\u00fckr\u00fc Sarg\u0131n a \u00e7ok te\u015fekk\u00fcr ediyorum&#8221; dedi.<\/div>\n<div dir=\"auto\"><img loading=\"lazy\" decoding=\"async\" class=\"alignnone wp-image-8003\" src=\"http:\/\/site.zile.bel.tr\/wp-content\/uploads\/2024\/10\/463875388_583657147375372_7515174936742464440_n-300x181.jpg\" alt=\"\" width=\"800\" height=\"481\" srcset=\"http:\/\/site.zile.bel.tr\/wp-content\/uploads\/2024\/10\/463875388_583657147375372_7515174936742464440_n-300x181.jpg 300w, http:\/\/site.zile.bel.tr\/wp-content\/uploads\/2024\/10\/463875388_583657147375372_7515174936742464440_n-1024x616.jpg 1024w, http:\/\/site.zile.bel.tr\/wp-content\/uploads\/2024\/10\/463875388_583657147375372_7515174936742464440_n-768x462.jpg 768w, http:\/\/site.zile.bel.tr\/wp-content\/uploads\/2024\/10\/463875388_583657147375372_7515174936742464440_n.jpg 1296w\" sizes=\"auto, (max-width: 800px) 100vw, 800px\" \/><\/div>\n<\/div>\n<div class=\"x11i5rnm xat24cr x1mh8g0r x1vvkbs xtlvy1s x126k92a\">\n<div dir=\"auto\">Belediye Ba\u015fkan\u0131 \u015e\u00fckr\u00fc Sarg\u0131n da y\u00fcr\u00fct\u00fcc\u00fcl\u00fc\u011f\u00fcn\u00fc Do\u00e7. Dr. Yelda Mert Ar\u015f. G\u00f6r. Z\u00fcbeyde Tu\u011fba Alkan \u00c7elik&#8217;in yapt\u0131\u011f\u0131 bu \u00e7al\u0131\u015fman\u0131n \u00f6nemine at\u0131fta bulunarak&#8221; Bundan sonraki hizmet ve yat\u0131r\u0131mlarda bu \u00e7al\u0131\u015ftay\u0131n sonu\u00e7lar\u0131 bize \u0131\u015f\u0131k tutacakt\u0131r&#8221; dedi<\/div>\n<\/div>\n","protected":false},"excerpt":{"rendered":"<p>Z\u0130LE \u00c7ALI\u015eTAYI \u0130skenderun Teknik \u00dcniversitesi Mimarl\u0131k Fak\u00fcltesi taraf\u0131ndan iki y\u0131ld\u0131r s\u00fcren Zile \u00e7al\u0131\u015fmalar\u0131nda sona gelindi. \u0130skenderun Teknik \u00dcniversitesi Mimarl\u0131k Fak\u00fcltesi Dekan\u0131 Prof. Dr. Murat \u00d6rnek taraf\u0131ndan ba\u015flat\u0131lan \u015eehir ve B\u00f6lge Planlama Program\u0131 \u00f6\u011frencilerinin y\u00fcr\u00fctt\u00fc\u011f\u00fc akademik Zile ara\u015ft\u0131rmalar\u0131n\u0131n sonu\u00e7lar\u0131 bu g\u00fcn Zile Kaymakaml\u0131\u011f\u0131 Toplant\u0131 Salonunda sunuldu. \u0130STE \u00dcniv. Rekt\u00f6r Yard\u0131mc\u0131s\u0131 Prof. Dr. Murat \u00d6rnek iki y\u0131ld\u0131r [&hellip;]<\/p>\n","protected":false},"author":1,"featured_media":8000,"comment_status":"open","ping_status":"open","sticky":false,"template":"","format":"standard","meta":{"footnotes":""},"categories":[11],"tags":[],"class_list":["post-7999","post","type-post","status-publish","format-standard","has-post-thumbnail","hentry","category-haberler"],"_links":{"self":[{"href":"http:\/\/site.zile.bel.tr\/index.php\/wp-json\/wp\/v2\/posts\/7999","targetHints":{"allow":["GET"]}}],"collection":[{"href":"http:\/\/site.zile.bel.tr\/index.php\/wp-json\/wp\/v2\/posts"}],"about":[{"href":"http:\/\/site.zile.bel.tr\/index.php\/wp-json\/wp\/v2\/types\/post"}],"author":[{"embeddable":true,"href":"http:\/\/site.zile.bel.tr\/index.php\/wp-json\/wp\/v2\/users\/1"}],"replies":[{"embeddable":true,"href":"http:\/\/site.zile.bel.tr\/index.php\/wp-json\/wp\/v2\/comments?post=7999"}],"version-history":[{"count":1,"href":"http:\/\/site.zile.bel.tr\/index.php\/wp-json\/wp\/v2\/posts\/7999\/revisions"}],"predecessor-version":[{"id":8004,"href":"http:\/\/site.zile.bel.tr\/index.php\/wp-json\/wp\/v2\/posts\/7999\/revisions\/8004"}],"wp:featuredmedia":[{"embeddable":true,"href":"http:\/\/site.zile.bel.tr\/index.php\/wp-json\/wp\/v2\/media\/8000"}],"wp:attachment":[{"href":"http:\/\/site.zile.bel.tr\/index.php\/wp-json\/wp\/v2\/media?parent=7999"}],"wp:term":[{"taxonomy":"category","embeddable":true,"href":"http:\/\/site.zile.bel.tr\/index.php\/wp-json\/wp\/v2\/categories?post=7999"},{"taxonomy":"post_tag","embeddable":true,"href":"http:\/\/site.zile.bel.tr\/index.php\/wp-json\/wp\/v2\/tags?post=7999"}],"curies":[{"name":"wp","href":"https:\/\/api.w.org\/{rel}","templated":true}]}}