{"id":811,"date":"2021-02-13T01:28:56","date_gmt":"2021-02-12T22:28:56","guid":{"rendered":"http:\/\/site.zile.bel.tr\/?p=811"},"modified":"2024-01-24T13:26:47","modified_gmt":"2024-01-24T10:26:47","slug":"bisiklet-yolu-projesi","status":"publish","type":"post","link":"http:\/\/site.zile.bel.tr\/index.php\/2021\/02\/13\/bisiklet-yolu-projesi\/","title":{"rendered":"B\u0130S\u0130KLET YOLU PROJES\u0130"},"content":{"rendered":"<p><a href=\"http:\/\/site.zile.bel.tr\/index.php\/2021\/02\/13\/bisiklet-yolu-projesi\/bisiklet-yolu-projesi\/\" rel=\"attachment wp-att-812\"><img loading=\"lazy\" decoding=\"async\" class=\"alignnone wp-image-812\" src=\"http:\/\/site.zile.bel.tr\/wp-content\/uploads\/2021\/02\/bisiklet-yolu-projesi-300x169.jpg\" alt=\"\" width=\"802\" height=\"452\" srcset=\"http:\/\/site.zile.bel.tr\/wp-content\/uploads\/2021\/02\/bisiklet-yolu-projesi-300x169.jpg 300w, http:\/\/site.zile.bel.tr\/wp-content\/uploads\/2021\/02\/bisiklet-yolu-projesi-768x433.jpg 768w, http:\/\/site.zile.bel.tr\/wp-content\/uploads\/2021\/02\/bisiklet-yolu-projesi.jpg 863w\" sizes=\"auto, (max-width: 802px) 100vw, 802px\" \/><\/a><\/p>\n<p>\u0130l\u00e7emizin belirli caddelerini kapsayarak tek y\u00f6nl\u00fc bisiklet yolu yap\u0131lmas\u0131 projesidir. Bisiklet yolu g\u00fczergah\u0131 tespit edilmi\u015f olup projemiz \u00c7evre ve \u015eehircilik Bakanl\u0131\u011f\u0131\u2019na sunulmak \u00fczere haz\u0131r beklemektedir.<\/p>\n","protected":false},"excerpt":{"rendered":"<p>\u0130l\u00e7emizin belirli caddelerini kapsayarak tek y\u00f6nl\u00fc bisiklet yolu yap\u0131lmas\u0131 projesidir. Bisiklet yolu g\u00fczergah\u0131 tespit edilmi\u015f olup projemiz \u00c7evre ve \u015eehircilik Bakanl\u0131\u011f\u0131\u2019na sunulmak \u00fczere haz\u0131r beklemektedir.<\/p>\n","protected":false},"author":1,"featured_media":821,"comment_status":"open","ping_status":"open","sticky":false,"template":"","format":"standard","meta":{"footnotes":""},"categories":[8],"tags":[],"class_list":["post-811","post","type-post","status-publish","format-standard","has-post-thumbnail","hentry","category-tamamlanan-projeler"],"_links":{"self":[{"href":"http:\/\/site.zile.bel.tr\/index.php\/wp-json\/wp\/v2\/posts\/811","targetHints":{"allow":["GET"]}}],"collection":[{"href":"http:\/\/site.zile.bel.tr\/index.php\/wp-json\/wp\/v2\/posts"}],"about":[{"href":"http:\/\/site.zile.bel.tr\/index.php\/wp-json\/wp\/v2\/types\/post"}],"author":[{"embeddable":true,"href":"http:\/\/site.zile.bel.tr\/index.php\/wp-json\/wp\/v2\/users\/1"}],"replies":[{"embeddable":true,"href":"http:\/\/site.zile.bel.tr\/index.php\/wp-json\/wp\/v2\/comments?post=811"}],"version-history":[{"count":2,"href":"http:\/\/site.zile.bel.tr\/index.php\/wp-json\/wp\/v2\/posts\/811\/revisions"}],"predecessor-version":[{"id":814,"href":"http:\/\/site.zile.bel.tr\/index.php\/wp-json\/wp\/v2\/posts\/811\/revisions\/814"}],"wp:featuredmedia":[{"embeddable":true,"href":"http:\/\/site.zile.bel.tr\/index.php\/wp-json\/wp\/v2\/media\/821"}],"wp:attachment":[{"href":"http:\/\/site.zile.bel.tr\/index.php\/wp-json\/wp\/v2\/media?parent=811"}],"wp:term":[{"taxonomy":"category","embeddable":true,"href":"http:\/\/site.zile.bel.tr\/index.php\/wp-json\/wp\/v2\/categories?post=811"},{"taxonomy":"post_tag","embeddable":true,"href":"http:\/\/site.zile.bel.tr\/index.php\/wp-json\/wp\/v2\/tags?post=811"}],"curies":[{"name":"wp","href":"https:\/\/api.w.org\/{rel}","templated":true}]}}