{"id":815,"date":"2021-02-13T01:30:08","date_gmt":"2021-02-12T22:30:08","guid":{"rendered":"http:\/\/site.zile.bel.tr\/?p=815"},"modified":"2021-02-13T01:30:08","modified_gmt":"2021-02-12T22:30:08","slug":"citta-slow-sakin-sehir-projesi","status":"publish","type":"post","link":"http:\/\/site.zile.bel.tr\/index.php\/2021\/02\/13\/citta-slow-sakin-sehir-projesi\/","title":{"rendered":"C\u0130TTA SLOW (SAK\u0130N \u015eEH\u0130R) PROJES\u0130"},"content":{"rendered":"<p><a href=\"http:\/\/site.zile.bel.tr\/index.php\/2021\/02\/13\/citta-slow-sakin-sehir-projesi\/citta-slow-sakin-sehir-projesi\/\" rel=\"attachment wp-att-816\"><img loading=\"lazy\" decoding=\"async\" class=\"alignnone  wp-image-816\" src=\"http:\/\/site.zile.bel.tr\/wp-content\/uploads\/2021\/02\/citta-slow-sakin-sehir-projesi-300x172.jpg\" alt=\"\" width=\"766\" height=\"439\" srcset=\"http:\/\/site.zile.bel.tr\/wp-content\/uploads\/2021\/02\/citta-slow-sakin-sehir-projesi-300x172.jpg 300w, http:\/\/site.zile.bel.tr\/wp-content\/uploads\/2021\/02\/citta-slow-sakin-sehir-projesi.jpg 630w\" sizes=\"auto, (max-width: 766px) 100vw, 766px\" \/><\/a><\/p>\n<p>\u00dclkemizde \u0130zmir Seferihisar m\u00fcmessilli\u011finde ba\u015flat\u0131lan proje \u00e7ok kapsaml\u0131 olup, il\u00e7emizin Sakin \u015eehir ilan edilebilmesi i\u00e7in bir\u00e7ok ba\u015fl\u0131k alt\u0131nda 71 kriterlerin sa\u011flanmas\u0131 gerekmektedir. Orta Karadeniz Kalk\u0131nma Ajans\u0131 taraf\u0131ndan Sakin \u015eehire aday g\u00f6sterildik. Ba\u015fvuru raporlar\u0131 haz\u0131rlanmaktad\u0131r.<\/p>\n","protected":false},"excerpt":{"rendered":"<p>\u00dclkemizde \u0130zmir Seferihisar m\u00fcmessilli\u011finde ba\u015flat\u0131lan proje \u00e7ok kapsaml\u0131 olup, il\u00e7emizin Sakin \u015eehir ilan edilebilmesi i\u00e7in bir\u00e7ok ba\u015fl\u0131k alt\u0131nda 71 kriterlerin sa\u011flanmas\u0131 gerekmektedir. Orta Karadeniz Kalk\u0131nma Ajans\u0131 taraf\u0131ndan Sakin \u015eehire aday g\u00f6sterildik. Ba\u015fvuru raporlar\u0131 haz\u0131rlanmaktad\u0131r.<\/p>\n","protected":false},"author":1,"featured_media":816,"comment_status":"open","ping_status":"open","sticky":false,"template":"","format":"standard","meta":{"footnotes":""},"categories":[9],"tags":[],"class_list":["post-815","post","type-post","status-publish","format-standard","has-post-thumbnail","hentry","category-devam-eden-projeler"],"_links":{"self":[{"href":"http:\/\/site.zile.bel.tr\/index.php\/wp-json\/wp\/v2\/posts\/815","targetHints":{"allow":["GET"]}}],"collection":[{"href":"http:\/\/site.zile.bel.tr\/index.php\/wp-json\/wp\/v2\/posts"}],"about":[{"href":"http:\/\/site.zile.bel.tr\/index.php\/wp-json\/wp\/v2\/types\/post"}],"author":[{"embeddable":true,"href":"http:\/\/site.zile.bel.tr\/index.php\/wp-json\/wp\/v2\/users\/1"}],"replies":[{"embeddable":true,"href":"http:\/\/site.zile.bel.tr\/index.php\/wp-json\/wp\/v2\/comments?post=815"}],"version-history":[{"count":3,"href":"http:\/\/site.zile.bel.tr\/index.php\/wp-json\/wp\/v2\/posts\/815\/revisions"}],"predecessor-version":[{"id":819,"href":"http:\/\/site.zile.bel.tr\/index.php\/wp-json\/wp\/v2\/posts\/815\/revisions\/819"}],"wp:featuredmedia":[{"embeddable":true,"href":"http:\/\/site.zile.bel.tr\/index.php\/wp-json\/wp\/v2\/media\/816"}],"wp:attachment":[{"href":"http:\/\/site.zile.bel.tr\/index.php\/wp-json\/wp\/v2\/media?parent=815"}],"wp:term":[{"taxonomy":"category","embeddable":true,"href":"http:\/\/site.zile.bel.tr\/index.php\/wp-json\/wp\/v2\/categories?post=815"},{"taxonomy":"post_tag","embeddable":true,"href":"http:\/\/site.zile.bel.tr\/index.php\/wp-json\/wp\/v2\/tags?post=815"}],"curies":[{"name":"wp","href":"https:\/\/api.w.org\/{rel}","templated":true}]}}