{"id":826,"date":"2021-02-13T01:34:46","date_gmt":"2021-02-12T22:34:46","guid":{"rendered":"http:\/\/site.zile.bel.tr\/?p=826"},"modified":"2021-02-13T01:34:46","modified_gmt":"2021-02-12T22:34:46","slug":"tarihi-uzun-carsi-restorasyonu","status":"publish","type":"post","link":"http:\/\/site.zile.bel.tr\/index.php\/2021\/02\/13\/tarihi-uzun-carsi-restorasyonu\/","title":{"rendered":"TAR\u0130H\u0130 UZUN \u00c7AR\u015eI RESTORASYONU"},"content":{"rendered":"<p><a href=\"http:\/\/site.zile.bel.tr\/index.php\/2021\/02\/13\/tarihi-uzun-carsi-restorasyonu\/tarihi-uzun-carsi-restorasyonu\/\" rel=\"attachment wp-att-827\"><img loading=\"lazy\" decoding=\"async\" class=\"alignnone  wp-image-827\" src=\"http:\/\/site.zile.bel.tr\/wp-content\/uploads\/2021\/02\/tarihi-uzun-carsi-restorasyonu-300x210.jpg\" alt=\"\" width=\"815\" height=\"571\" srcset=\"http:\/\/site.zile.bel.tr\/wp-content\/uploads\/2021\/02\/tarihi-uzun-carsi-restorasyonu-300x210.jpg 300w, http:\/\/site.zile.bel.tr\/wp-content\/uploads\/2021\/02\/tarihi-uzun-carsi-restorasyonu-1024x717.jpg 1024w, http:\/\/site.zile.bel.tr\/wp-content\/uploads\/2021\/02\/tarihi-uzun-carsi-restorasyonu-768x538.jpg 768w, http:\/\/site.zile.bel.tr\/wp-content\/uploads\/2021\/02\/tarihi-uzun-carsi-restorasyonu.jpg 1200w\" sizes=\"auto, (max-width: 815px) 100vw, 815px\" \/><\/a><\/p>\n<p>\u201cAVM\u2019 ye Kar\u015f\u0131 Uzun \u00c7ar\u015f\u0131\u201d Projesi kapsam\u0131nda toplam 165 i\u015fyeri ve 65 farkl\u0131 meslek grubunu b\u00fcnyesinde bulunduran tarihi Zile Uzun \u00c7ar\u015f\u0131s\u0131\u2019n\u0131n restorasyon projesi.<\/p>\n<p>K\u00fclt\u00fcr Turizm Bakanl\u0131\u011f\u0131 ve \u00c7evre ve \u015eehircilik Bakanl\u0131\u011f\u0131\u2019na projemizin \u00f6n fizibilite \u00e7al\u0131\u015fmalar\u0131 yani proje \u00e7izimleri i\u00e7in ba\u015fvuruda bulunulmu\u015f olup, \u0130\u00e7i\u015fleri Bakanl\u0131\u011f\u0131 projemizi g\u00fcndeme alm\u0131\u015ft\u0131r.<\/p>\n","protected":false},"excerpt":{"rendered":"<p>\u201cAVM\u2019 ye Kar\u015f\u0131 Uzun \u00c7ar\u015f\u0131\u201d Projesi kapsam\u0131nda toplam 165 i\u015fyeri ve 65 farkl\u0131 meslek grubunu b\u00fcnyesinde bulunduran tarihi Zile Uzun \u00c7ar\u015f\u0131s\u0131\u2019n\u0131n restorasyon projesi. K\u00fclt\u00fcr Turizm Bakanl\u0131\u011f\u0131 ve \u00c7evre ve \u015eehircilik Bakanl\u0131\u011f\u0131\u2019na projemizin \u00f6n fizibilite \u00e7al\u0131\u015fmalar\u0131 yani proje \u00e7izimleri i\u00e7in ba\u015fvuruda bulunulmu\u015f olup, \u0130\u00e7i\u015fleri Bakanl\u0131\u011f\u0131 projemizi g\u00fcndeme alm\u0131\u015ft\u0131r.<\/p>\n","protected":false},"author":1,"featured_media":827,"comment_status":"open","ping_status":"open","sticky":false,"template":"","format":"standard","meta":{"footnotes":""},"categories":[9],"tags":[],"class_list":["post-826","post","type-post","status-publish","format-standard","has-post-thumbnail","hentry","category-devam-eden-projeler"],"_links":{"self":[{"href":"http:\/\/site.zile.bel.tr\/index.php\/wp-json\/wp\/v2\/posts\/826","targetHints":{"allow":["GET"]}}],"collection":[{"href":"http:\/\/site.zile.bel.tr\/index.php\/wp-json\/wp\/v2\/posts"}],"about":[{"href":"http:\/\/site.zile.bel.tr\/index.php\/wp-json\/wp\/v2\/types\/post"}],"author":[{"embeddable":true,"href":"http:\/\/site.zile.bel.tr\/index.php\/wp-json\/wp\/v2\/users\/1"}],"replies":[{"embeddable":true,"href":"http:\/\/site.zile.bel.tr\/index.php\/wp-json\/wp\/v2\/comments?post=826"}],"version-history":[{"count":2,"href":"http:\/\/site.zile.bel.tr\/index.php\/wp-json\/wp\/v2\/posts\/826\/revisions"}],"predecessor-version":[{"id":829,"href":"http:\/\/site.zile.bel.tr\/index.php\/wp-json\/wp\/v2\/posts\/826\/revisions\/829"}],"wp:featuredmedia":[{"embeddable":true,"href":"http:\/\/site.zile.bel.tr\/index.php\/wp-json\/wp\/v2\/media\/827"}],"wp:attachment":[{"href":"http:\/\/site.zile.bel.tr\/index.php\/wp-json\/wp\/v2\/media?parent=826"}],"wp:term":[{"taxonomy":"category","embeddable":true,"href":"http:\/\/site.zile.bel.tr\/index.php\/wp-json\/wp\/v2\/categories?post=826"},{"taxonomy":"post_tag","embeddable":true,"href":"http:\/\/site.zile.bel.tr\/index.php\/wp-json\/wp\/v2\/tags?post=826"}],"curies":[{"name":"wp","href":"https:\/\/api.w.org\/{rel}","templated":true}]}}