{"id":8266,"date":"2024-12-09T16:37:28","date_gmt":"2024-12-09T13:37:28","guid":{"rendered":"https:\/\/site.zile.bel.tr\/?p=8266"},"modified":"2024-12-09T16:46:18","modified_gmt":"2024-12-09T13:46:18","slug":"milletimizin-basi-sag-olsun-3","status":"publish","type":"post","link":"http:\/\/site.zile.bel.tr\/index.php\/2024\/12\/09\/milletimizin-basi-sag-olsun-3\/","title":{"rendered":"Milletimizin Ba\u015f\u0131 Sa\u011f Olsun"},"content":{"rendered":"<p>&nbsp;<\/p>\n<p>&nbsp;<\/p>\n<p><img loading=\"lazy\" decoding=\"async\" class=\"alignnone wp-image-8271\" src=\"http:\/\/site.zile.bel.tr\/wp-content\/uploads\/2024\/12\/Kirmizi-Sade-Animasyonlu-Ulusal-Bas-Sagligi-Instagram-Hikayesi-169x300.jpg\" alt=\"\" width=\"800\" height=\"1422\" srcset=\"http:\/\/site.zile.bel.tr\/wp-content\/uploads\/2024\/12\/Kirmizi-Sade-Animasyonlu-Ulusal-Bas-Sagligi-Instagram-Hikayesi-169x300.jpg 169w, http:\/\/site.zile.bel.tr\/wp-content\/uploads\/2024\/12\/Kirmizi-Sade-Animasyonlu-Ulusal-Bas-Sagligi-Instagram-Hikayesi-576x1024.jpg 576w, http:\/\/site.zile.bel.tr\/wp-content\/uploads\/2024\/12\/Kirmizi-Sade-Animasyonlu-Ulusal-Bas-Sagligi-Instagram-Hikayesi-768x1365.jpg 768w, http:\/\/site.zile.bel.tr\/wp-content\/uploads\/2024\/12\/Kirmizi-Sade-Animasyonlu-Ulusal-Bas-Sagligi-Instagram-Hikayesi-864x1536.jpg 864w, http:\/\/site.zile.bel.tr\/wp-content\/uploads\/2024\/12\/Kirmizi-Sade-Animasyonlu-Ulusal-Bas-Sagligi-Instagram-Hikayesi.jpg 945w\" sizes=\"auto, (max-width: 800px) 100vw, 800px\" \/><\/p>\n<p>Isparta Ke\u00e7iborlu&#8217;da e\u011fitim u\u00e7u\u015fu s\u0131ras\u0131nda meydana gelen helikopter kazas\u0131nda \u015fehit olan 6 Kahraman askerimize Allah&#8217;tan rahmet ailelerine ba\u015fsa\u011fl\u0131\u011f\u0131 diliyorum.<\/p>\n<p>Milletimizin ba\u015f\u0131 sa\u011f olsun<\/p>\n<p>\u015e\u00fckr\u00fc SARGIN<br \/>\nZile Belediye Ba\u015fkan\u0131<\/p>\n","protected":false},"excerpt":{"rendered":"<p>&nbsp; &nbsp; Isparta Ke\u00e7iborlu&#8217;da e\u011fitim u\u00e7u\u015fu s\u0131ras\u0131nda meydana gelen helikopter kazas\u0131nda \u015fehit olan 6 Kahraman askerimize Allah&#8217;tan rahmet ailelerine ba\u015fsa\u011fl\u0131\u011f\u0131 diliyorum. Milletimizin ba\u015f\u0131 sa\u011f olsun \u015e\u00fckr\u00fc SARGIN Zile Belediye Ba\u015fkan\u0131<\/p>\n","protected":false},"author":1,"featured_media":8267,"comment_status":"open","ping_status":"open","sticky":false,"template":"","format":"standard","meta":{"footnotes":""},"categories":[11],"tags":[],"class_list":["post-8266","post","type-post","status-publish","format-standard","has-post-thumbnail","hentry","category-haberler"],"_links":{"self":[{"href":"http:\/\/site.zile.bel.tr\/index.php\/wp-json\/wp\/v2\/posts\/8266","targetHints":{"allow":["GET"]}}],"collection":[{"href":"http:\/\/site.zile.bel.tr\/index.php\/wp-json\/wp\/v2\/posts"}],"about":[{"href":"http:\/\/site.zile.bel.tr\/index.php\/wp-json\/wp\/v2\/types\/post"}],"author":[{"embeddable":true,"href":"http:\/\/site.zile.bel.tr\/index.php\/wp-json\/wp\/v2\/users\/1"}],"replies":[{"embeddable":true,"href":"http:\/\/site.zile.bel.tr\/index.php\/wp-json\/wp\/v2\/comments?post=8266"}],"version-history":[{"count":4,"href":"http:\/\/site.zile.bel.tr\/index.php\/wp-json\/wp\/v2\/posts\/8266\/revisions"}],"predecessor-version":[{"id":8272,"href":"http:\/\/site.zile.bel.tr\/index.php\/wp-json\/wp\/v2\/posts\/8266\/revisions\/8272"}],"wp:featuredmedia":[{"embeddable":true,"href":"http:\/\/site.zile.bel.tr\/index.php\/wp-json\/wp\/v2\/media\/8267"}],"wp:attachment":[{"href":"http:\/\/site.zile.bel.tr\/index.php\/wp-json\/wp\/v2\/media?parent=8266"}],"wp:term":[{"taxonomy":"category","embeddable":true,"href":"http:\/\/site.zile.bel.tr\/index.php\/wp-json\/wp\/v2\/categories?post=8266"},{"taxonomy":"post_tag","embeddable":true,"href":"http:\/\/site.zile.bel.tr\/index.php\/wp-json\/wp\/v2\/tags?post=8266"}],"curies":[{"name":"wp","href":"https:\/\/api.w.org\/{rel}","templated":true}]}}