{"id":8971,"date":"2025-02-28T18:10:42","date_gmt":"2025-02-28T15:10:42","guid":{"rendered":"https:\/\/site.zile.bel.tr\/?p=8971"},"modified":"2025-02-28T16:48:26","modified_gmt":"2025-02-28T13:48:26","slug":"iftar-cadiri-aciliyor-zilede-ramazan-coskusu-basliyor","status":"publish","type":"post","link":"http:\/\/site.zile.bel.tr\/index.php\/2025\/02\/28\/iftar-cadiri-aciliyor-zilede-ramazan-coskusu-basliyor\/","title":{"rendered":"\u0130ftar \u00c7ad\u0131r\u0131 A\u00e7\u0131l\u0131yor Zile\u2019de Ramazan Co\u015fkusu Ba\u015fl\u0131yor"},"content":{"rendered":"<p style=\"text-align: center;\">\u0130ftar \u00c7ad\u0131r\u0131 A\u00e7\u0131l\u0131yor Zile\u2019de Ramazan Co\u015fkusu Ba\u015fl\u0131yor<\/p>\n<p style=\"text-align: center;\"><img loading=\"lazy\" decoding=\"async\" class=\"alignnone wp-image-8972\" src=\"http:\/\/site.zile.bel.tr\/wp-content\/uploads\/2025\/02\/YA-SEHR-I-RAMAZAN-300x252.jpg\" alt=\"\" width=\"1000\" height=\"838\" srcset=\"http:\/\/site.zile.bel.tr\/wp-content\/uploads\/2025\/02\/YA-SEHR-I-RAMAZAN-300x252.jpg 300w, http:\/\/site.zile.bel.tr\/wp-content\/uploads\/2025\/02\/YA-SEHR-I-RAMAZAN-1024x858.jpg 1024w, http:\/\/site.zile.bel.tr\/wp-content\/uploads\/2025\/02\/YA-SEHR-I-RAMAZAN-768x644.jpg 768w, http:\/\/site.zile.bel.tr\/wp-content\/uploads\/2025\/02\/YA-SEHR-I-RAMAZAN.jpg 1200w\" sizes=\"auto, (max-width: 1000px) 100vw, 1000px\" \/><\/p>\n<p><img loading=\"lazy\" decoding=\"async\" class=\"aligncenter wp-image-8973\" src=\"http:\/\/site.zile.bel.tr\/wp-content\/uploads\/2025\/02\/WhatsApp-Image-2025-02-28-at-11.33.56-1-300x200.jpg\" alt=\"\" width=\"900\" height=\"599\" srcset=\"http:\/\/site.zile.bel.tr\/wp-content\/uploads\/2025\/02\/WhatsApp-Image-2025-02-28-at-11.33.56-1-300x200.jpg 300w, http:\/\/site.zile.bel.tr\/wp-content\/uploads\/2025\/02\/WhatsApp-Image-2025-02-28-at-11.33.56-1-1024x682.jpg 1024w, http:\/\/site.zile.bel.tr\/wp-content\/uploads\/2025\/02\/WhatsApp-Image-2025-02-28-at-11.33.56-1-768x511.jpg 768w, http:\/\/site.zile.bel.tr\/wp-content\/uploads\/2025\/02\/WhatsApp-Image-2025-02-28-at-11.33.56-1.jpg 1200w\" sizes=\"auto, (max-width: 900px) 100vw, 900px\" \/><\/p>\n<p style=\"text-align: center;\">Zile Belediye Ba\u015fkan\u0131 \u015e\u00fckr\u00fc Sarg\u0131n, Ramazan ay\u0131n\u0131n manevi atmosferine uygun olarak yap\u0131lan \u00e7al\u0131\u015fmalar\u0131 de\u011ferlendirerek, vatanda\u015flara seslendi:<br \/>\n&#8220;Rahmet, bereket ve payla\u015fma ay\u0131 olan Ramazan-\u0131 \u015eerif\u2019e ula\u015fman\u0131n mutlulu\u011funu ya\u015f\u0131yoruz. Bu m\u00fcbarek ayda, birlik ve beraberli\u011fimizi peki\u015ftirmek, sofralar\u0131m\u0131z\u0131 payla\u015fmak en b\u00fcy\u00fck gayemizdir. Her y\u0131l b\u00fcy\u00fck ilgi g\u00f6ren iftar \u00e7ad\u0131r\u0131m\u0131z\u0131 bu y\u0131l da halk\u0131m\u0131z\u0131n hizmetine sunuyoruz. Her g\u00fcn yap\u0131lan a\u015fevi da\u011f\u0131t\u0131mlar\u0131m\u0131z\u0131n yan\u0131 s\u0131ra iftar \u00e7ad\u0131r\u0131m\u0131z ile birlikte 1200 vatanda\u015f\u0131m\u0131za s\u0131cak yemek ikram ederek, Ramazan\u2019\u0131n bereketini hep birlikte ya\u015fayaca\u011f\u0131z. T\u00fcm hem\u015fehrilerimi iftar sofram\u0131za bekliyor, bu ay\u0131n hay\u0131rlara vesile olmas\u0131n\u0131 diliyorum.&#8221;<\/p>\n<p>&nbsp;<\/p>\n<p style=\"text-align: center;\">\ud83d\udccd \u0130ftar \u00c7ad\u0131r\u0131: \u015eehir Hamam\u0131 Arkas\u0131 &#8211; Otopark Alan\u0131<br \/>\n\ud83c\udf7d\ufe0f \u00dc\u00e7 \u00c7e\u015fit S\u0131cak Yemek<br \/>\n\ud83d\udd70\ufe0f Her Ak\u015fam \u0130ftar Saatinde<\/p>\n<p><img loading=\"lazy\" decoding=\"async\" class=\"aligncenter wp-image-8974\" src=\"http:\/\/site.zile.bel.tr\/wp-content\/uploads\/2025\/02\/WhatsApp-Image-2025-02-28-at-11.33.55-3-300x200.jpg\" alt=\"\" width=\"900\" height=\"599\" srcset=\"http:\/\/site.zile.bel.tr\/wp-content\/uploads\/2025\/02\/WhatsApp-Image-2025-02-28-at-11.33.55-3-300x200.jpg 300w, http:\/\/site.zile.bel.tr\/wp-content\/uploads\/2025\/02\/WhatsApp-Image-2025-02-28-at-11.33.55-3-1024x682.jpg 1024w, http:\/\/site.zile.bel.tr\/wp-content\/uploads\/2025\/02\/WhatsApp-Image-2025-02-28-at-11.33.55-3-768x511.jpg 768w, http:\/\/site.zile.bel.tr\/wp-content\/uploads\/2025\/02\/WhatsApp-Image-2025-02-28-at-11.33.55-3.jpg 1200w\" sizes=\"auto, (max-width: 900px) 100vw, 900px\" \/><\/p>\n<p style=\"text-align: center;\">Ramazan boyunca d\u00fczenlenecek etkinliklerle de vatanda\u015flar\u0131m\u0131zla bir araya gelmeye devam edece\u011fiz. Dualar\u0131m\u0131z kabul, sofralar\u0131m\u0131z her daim bereketli olsun!<\/p>\n\n\t\t<style type=\"text\/css\">\n\t\t\t#gallery-1 {\n\t\t\t\tmargin: auto;\n\t\t\t}\n\t\t\t#gallery-1 .gallery-item {\n\t\t\t\tfloat: left;\n\t\t\t\tmargin-top: 10px;\n\t\t\t\ttext-align: center;\n\t\t\t\twidth: 33%;\n\t\t\t}\n\t\t\t#gallery-1 img {\n\t\t\t\tborder: 2px solid #cfcfcf;\n\t\t\t}\n\t\t\t#gallery-1 .gallery-caption {\n\t\t\t\tmargin-left: 0;\n\t\t\t}\n\t\t\t\/* see gallery_shortcode() in wp-includes\/media.php *\/\n\t\t<\/style>\n\t\t<div id='gallery-1' class='gallery galleryid-8971 gallery-columns-3 gallery-size-thumbnail'><dl class='gallery-item'>\n\t\t\t<dt class='gallery-icon landscape'>\n\t\t\t\t<a href='http:\/\/site.zile.bel.tr\/wp-content\/uploads\/2025\/02\/YA-SEHR-I-RAMAZAN-1.jpg'><img loading=\"lazy\" decoding=\"async\" width=\"150\" height=\"150\" src=\"http:\/\/site.zile.bel.tr\/wp-content\/uploads\/2025\/02\/YA-SEHR-I-RAMAZAN-1-150x150.jpg\" class=\"attachment-thumbnail size-thumbnail\" alt=\"\" \/><\/a>\n\t\t\t<\/dt><\/dl><dl class='gallery-item'>\n\t\t\t<dt class='gallery-icon landscape'>\n\t\t\t\t<a href='http:\/\/site.zile.bel.tr\/wp-content\/uploads\/2025\/02\/WhatsApp-Image-2025-02-28-at-11.33.56-1-1.jpg'><img loading=\"lazy\" decoding=\"async\" width=\"150\" height=\"150\" src=\"http:\/\/site.zile.bel.tr\/wp-content\/uploads\/2025\/02\/WhatsApp-Image-2025-02-28-at-11.33.56-1-1-150x150.jpg\" class=\"attachment-thumbnail size-thumbnail\" alt=\"\" \/><\/a>\n\t\t\t<\/dt><\/dl><dl class='gallery-item'>\n\t\t\t<dt class='gallery-icon landscape'>\n\t\t\t\t<a href='http:\/\/site.zile.bel.tr\/wp-content\/uploads\/2025\/02\/WhatsApp-Image-2025-02-28-at-11.33.55-4.jpg'><img loading=\"lazy\" decoding=\"async\" width=\"150\" height=\"150\" src=\"http:\/\/site.zile.bel.tr\/wp-content\/uploads\/2025\/02\/WhatsApp-Image-2025-02-28-at-11.33.55-4-150x150.jpg\" class=\"attachment-thumbnail size-thumbnail\" alt=\"\" \/><\/a>\n\t\t\t<\/dt><\/dl><br style=\"clear: both\" \/><dl class='gallery-item'>\n\t\t\t<dt class='gallery-icon landscape'>\n\t\t\t\t<a href='http:\/\/site.zile.bel.tr\/wp-content\/uploads\/2025\/02\/WhatsApp-Image-2025-02-28-at-11.33.55-1.jpg'><img loading=\"lazy\" decoding=\"async\" width=\"150\" height=\"150\" src=\"http:\/\/site.zile.bel.tr\/wp-content\/uploads\/2025\/02\/WhatsApp-Image-2025-02-28-at-11.33.55-1-150x150.jpg\" class=\"attachment-thumbnail size-thumbnail\" alt=\"\" \/><\/a>\n\t\t\t<\/dt><\/dl><dl class='gallery-item'>\n\t\t\t<dt class='gallery-icon landscape'>\n\t\t\t\t<a href='http:\/\/site.zile.bel.tr\/wp-content\/uploads\/2025\/02\/WhatsApp-Image-2025-02-28-at-11.33.55-3-1.jpg'><img loading=\"lazy\" decoding=\"async\" width=\"150\" height=\"150\" src=\"http:\/\/site.zile.bel.tr\/wp-content\/uploads\/2025\/02\/WhatsApp-Image-2025-02-28-at-11.33.55-3-1-150x150.jpg\" class=\"attachment-thumbnail size-thumbnail\" alt=\"\" \/><\/a>\n\t\t\t<\/dt><\/dl><dl class='gallery-item'>\n\t\t\t<dt class='gallery-icon landscape'>\n\t\t\t\t<a href='http:\/\/site.zile.bel.tr\/wp-content\/uploads\/2025\/02\/WhatsApp-Image-2025-02-28-at-11.33.55-2.jpg'><img loading=\"lazy\" decoding=\"async\" width=\"150\" height=\"150\" src=\"http:\/\/site.zile.bel.tr\/wp-content\/uploads\/2025\/02\/WhatsApp-Image-2025-02-28-at-11.33.55-2-150x150.jpg\" class=\"attachment-thumbnail size-thumbnail\" alt=\"\" \/><\/a>\n\t\t\t<\/dt><\/dl><br style=\"clear: both\" \/><dl class='gallery-item'>\n\t\t\t<dt class='gallery-icon landscape'>\n\t\t\t\t<a href='http:\/\/site.zile.bel.tr\/wp-content\/uploads\/2025\/02\/WhatsApp-Image-2025-02-28-at-11.33.56.jpg'><img loading=\"lazy\" decoding=\"async\" width=\"150\" height=\"150\" src=\"http:\/\/site.zile.bel.tr\/wp-content\/uploads\/2025\/02\/WhatsApp-Image-2025-02-28-at-11.33.56-150x150.jpg\" class=\"attachment-thumbnail size-thumbnail\" alt=\"\" \/><\/a>\n\t\t\t<\/dt><\/dl><dl class='gallery-item'>\n\t\t\t<dt class='gallery-icon landscape'>\n\t\t\t\t<a href='http:\/\/site.zile.bel.tr\/wp-content\/uploads\/2025\/02\/WhatsApp-Image-2025-02-28-at-11.33.55.jpg'><img loading=\"lazy\" decoding=\"async\" width=\"150\" height=\"150\" src=\"http:\/\/site.zile.bel.tr\/wp-content\/uploads\/2025\/02\/WhatsApp-Image-2025-02-28-at-11.33.55-150x150.jpg\" class=\"attachment-thumbnail size-thumbnail\" alt=\"\" \/><\/a>\n\t\t\t<\/dt><\/dl>\n\t\t\t<br style='clear: both' \/>\n\t\t<\/div>\n\n<p style=\"text-align: center;\">#RamazanBirliktir \ud83c\udf19<br \/>\n#\u0130ftarSofras\u0131ndaBulu\u015fal\u0131m \ud83c\udf5b<br \/>\n#ZileBelediyesi \ud83e\udd32<br \/>\n#Dayan\u0131\u015fmaZaman\u0131 \u2764\ufe0f<br \/>\n#Hay\u0131rl\u0131Ramazanlar \ud83d\udd4b<br \/>\n#Payla\u015fman\u0131nG\u00fczelli\u011fi \ud83e\udd1d<\/p>\n","protected":false},"excerpt":{"rendered":"<p>\u0130ftar \u00c7ad\u0131r\u0131 A\u00e7\u0131l\u0131yor Zile\u2019de Ramazan Co\u015fkusu Ba\u015fl\u0131yor Zile Belediye Ba\u015fkan\u0131 \u015e\u00fckr\u00fc Sarg\u0131n, Ramazan ay\u0131n\u0131n manevi atmosferine uygun olarak yap\u0131lan \u00e7al\u0131\u015fmalar\u0131 de\u011ferlendirerek, vatanda\u015flara seslendi: &#8220;Rahmet, bereket ve payla\u015fma ay\u0131 olan Ramazan-\u0131 \u015eerif\u2019e ula\u015fman\u0131n mutlulu\u011funu ya\u015f\u0131yoruz. Bu m\u00fcbarek ayda, birlik ve beraberli\u011fimizi peki\u015ftirmek, sofralar\u0131m\u0131z\u0131 payla\u015fmak en b\u00fcy\u00fck gayemizdir. Her y\u0131l b\u00fcy\u00fck ilgi g\u00f6ren iftar \u00e7ad\u0131r\u0131m\u0131z\u0131 bu y\u0131l [&hellip;]<\/p>\n","protected":false},"author":1,"featured_media":8982,"comment_status":"open","ping_status":"open","sticky":false,"template":"","format":"standard","meta":{"footnotes":""},"categories":[11],"tags":[],"class_list":["post-8971","post","type-post","status-publish","format-standard","has-post-thumbnail","hentry","category-haberler"],"_links":{"self":[{"href":"http:\/\/site.zile.bel.tr\/index.php\/wp-json\/wp\/v2\/posts\/8971","targetHints":{"allow":["GET"]}}],"collection":[{"href":"http:\/\/site.zile.bel.tr\/index.php\/wp-json\/wp\/v2\/posts"}],"about":[{"href":"http:\/\/site.zile.bel.tr\/index.php\/wp-json\/wp\/v2\/types\/post"}],"author":[{"embeddable":true,"href":"http:\/\/site.zile.bel.tr\/index.php\/wp-json\/wp\/v2\/users\/1"}],"replies":[{"embeddable":true,"href":"http:\/\/site.zile.bel.tr\/index.php\/wp-json\/wp\/v2\/comments?post=8971"}],"version-history":[{"count":2,"href":"http:\/\/site.zile.bel.tr\/index.php\/wp-json\/wp\/v2\/posts\/8971\/revisions"}],"predecessor-version":[{"id":8984,"href":"http:\/\/site.zile.bel.tr\/index.php\/wp-json\/wp\/v2\/posts\/8971\/revisions\/8984"}],"wp:featuredmedia":[{"embeddable":true,"href":"http:\/\/site.zile.bel.tr\/index.php\/wp-json\/wp\/v2\/media\/8982"}],"wp:attachment":[{"href":"http:\/\/site.zile.bel.tr\/index.php\/wp-json\/wp\/v2\/media?parent=8971"}],"wp:term":[{"taxonomy":"category","embeddable":true,"href":"http:\/\/site.zile.bel.tr\/index.php\/wp-json\/wp\/v2\/categories?post=8971"},{"taxonomy":"post_tag","embeddable":true,"href":"http:\/\/site.zile.bel.tr\/index.php\/wp-json\/wp\/v2\/tags?post=8971"}],"curies":[{"name":"wp","href":"https:\/\/api.w.org\/{rel}","templated":true}]}}