{"id":8985,"date":"2025-03-01T19:25:21","date_gmt":"2025-03-01T16:25:21","guid":{"rendered":"https:\/\/site.zile.bel.tr\/?p=8985"},"modified":"2025-03-03T08:59:20","modified_gmt":"2025-03-03T05:59:20","slug":"baskan-sargin-iftar-cadirini-ziyaret-etti","status":"publish","type":"post","link":"http:\/\/site.zile.bel.tr\/index.php\/2025\/03\/01\/baskan-sargin-iftar-cadirini-ziyaret-etti\/","title":{"rendered":"Ba\u015fkan Sarg\u0131n, \u0130ftar \u00c7ad\u0131r\u0131n\u0131 Ziyaret Etti"},"content":{"rendered":"<div class=\"xdj266r x11i5rnm xat24cr x1mh8g0r x1vvkbs x126k92a\">\n<div dir=\"auto\" style=\"text-align: center;\">Ba\u015fkan Sarg\u0131n, \u0130ftar \u00c7ad\u0131r\u0131n\u0131 Ziyaret Etti <span class=\"html-span xexx8yu x4uap5 x18d9i69 xkhd6sd x1hl2dhg x16tdsg8 x1vvkbs x3nfvp2 x1j61x8r x1fcty0u xdj266r xat24cr xgzva0m xhhsvwb xxymvpz xlup9mm x1kky2od\"><img loading=\"lazy\" decoding=\"async\" class=\"xz74otr\" src=\"https:\/\/static.xx.fbcdn.net\/images\/emoji.php\/v9\/t33\/1\/16\/1f319.png\" alt=\"\ud83c\udf19\" width=\"16\" height=\"16\" \/><\/span><span class=\"html-span xexx8yu x4uap5 x18d9i69 xkhd6sd x1hl2dhg x16tdsg8 x1vvkbs x3nfvp2 x1j61x8r x1fcty0u xdj266r xat24cr xgzva0m xhhsvwb xxymvpz xlup9mm x1kky2od\"><img loading=\"lazy\" decoding=\"async\" class=\"xz74otr\" src=\"https:\/\/static.xx.fbcdn.net\/images\/emoji.php\/v9\/tf4\/1\/16\/2728.png\" alt=\"\u2728\" width=\"16\" height=\"16\" \/><\/span><\/div>\n<div dir=\"auto\"><\/div>\n<div dir=\"auto\"><img loading=\"lazy\" decoding=\"async\" class=\"wp-image-8986 aligncenter\" src=\"http:\/\/site.zile.bel.tr\/wp-content\/uploads\/2025\/03\/482241793_677319161342503_7425019797724720318_n-300x200.jpg\" alt=\"\" width=\"800\" height=\"533\" srcset=\"http:\/\/site.zile.bel.tr\/wp-content\/uploads\/2025\/03\/482241793_677319161342503_7425019797724720318_n-300x200.jpg 300w, http:\/\/site.zile.bel.tr\/wp-content\/uploads\/2025\/03\/482241793_677319161342503_7425019797724720318_n-1024x682.jpg 1024w, http:\/\/site.zile.bel.tr\/wp-content\/uploads\/2025\/03\/482241793_677319161342503_7425019797724720318_n-768x512.jpg 768w, http:\/\/site.zile.bel.tr\/wp-content\/uploads\/2025\/03\/482241793_677319161342503_7425019797724720318_n-1536x1023.jpg 1536w, http:\/\/site.zile.bel.tr\/wp-content\/uploads\/2025\/03\/482241793_677319161342503_7425019797724720318_n.jpg 1600w\" sizes=\"auto, (max-width: 800px) 100vw, 800px\" \/><\/div>\n<\/div>\n<div dir=\"auto\" style=\"text-align: center;\"><\/div>\n<div class=\"x11i5rnm xat24cr x1mh8g0r x1vvkbs xtlvy1s x126k92a\" style=\"text-align: center;\">\n<div dir=\"auto\">\u0130l\u00e7emizde Ramazan ay\u0131n\u0131n manevi atmosferi ya\u015fanmaya devam ediyor. Zile Belediye Ba\u015fkan\u0131 \u015e\u00fckr\u00fc Sarg\u0131n, belediye taraf\u0131ndan kurulan iftar \u00e7ad\u0131r\u0131n\u0131 ziyaret ederek vatanda\u015flarla bir araya geldi.<\/div>\n<div dir=\"auto\"><\/div>\n<div dir=\"auto\"><img loading=\"lazy\" decoding=\"async\" class=\"alignnone wp-image-8987\" src=\"http:\/\/site.zile.bel.tr\/wp-content\/uploads\/2025\/03\/481281817_677319348009151_935673740382746354_n-300x200.jpg\" alt=\"\" width=\"800\" height=\"533\" srcset=\"http:\/\/site.zile.bel.tr\/wp-content\/uploads\/2025\/03\/481281817_677319348009151_935673740382746354_n-300x200.jpg 300w, http:\/\/site.zile.bel.tr\/wp-content\/uploads\/2025\/03\/481281817_677319348009151_935673740382746354_n-1024x682.jpg 1024w, http:\/\/site.zile.bel.tr\/wp-content\/uploads\/2025\/03\/481281817_677319348009151_935673740382746354_n-768x512.jpg 768w, http:\/\/site.zile.bel.tr\/wp-content\/uploads\/2025\/03\/481281817_677319348009151_935673740382746354_n-1536x1023.jpg 1536w, http:\/\/site.zile.bel.tr\/wp-content\/uploads\/2025\/03\/481281817_677319348009151_935673740382746354_n.jpg 1600w\" sizes=\"auto, (max-width: 800px) 100vw, 800px\" \/> <img loading=\"lazy\" decoding=\"async\" class=\"alignnone wp-image-8988\" src=\"http:\/\/site.zile.bel.tr\/wp-content\/uploads\/2025\/03\/482076772_677319308009155_3939211122715929208_n-300x200.jpg\" alt=\"\" width=\"800\" height=\"533\" srcset=\"http:\/\/site.zile.bel.tr\/wp-content\/uploads\/2025\/03\/482076772_677319308009155_3939211122715929208_n-300x200.jpg 300w, http:\/\/site.zile.bel.tr\/wp-content\/uploads\/2025\/03\/482076772_677319308009155_3939211122715929208_n-1024x682.jpg 1024w, http:\/\/site.zile.bel.tr\/wp-content\/uploads\/2025\/03\/482076772_677319308009155_3939211122715929208_n-768x512.jpg 768w, http:\/\/site.zile.bel.tr\/wp-content\/uploads\/2025\/03\/482076772_677319308009155_3939211122715929208_n-1536x1023.jpg 1536w, http:\/\/site.zile.bel.tr\/wp-content\/uploads\/2025\/03\/482076772_677319308009155_3939211122715929208_n.jpg 1600w\" sizes=\"auto, (max-width: 800px) 100vw, 800px\" \/><\/div>\n<\/div>\n<div class=\"x11i5rnm xat24cr x1mh8g0r x1vvkbs xtlvy1s x126k92a\" style=\"text-align: center;\">\n<div dir=\"auto\">Ba\u015fkan Sarg\u0131n, iftar \u00f6ncesinde \u00e7ad\u0131rdaki haz\u0131rl\u0131klar\u0131 yerinde incelerken, vatanda\u015flarla sohbet ederek Ramazan ay\u0131n\u0131n bereketini ve dayan\u0131\u015fma ruhunu payla\u015ft\u0131. Ezana k\u0131sa bir s\u00fcre kala, \u00e7ad\u0131rda bulunan vatanda\u015flara hay\u0131rl\u0131 Ramazanlar dileyen Ba\u015fkan Sarg\u0131n, Ramazan boyunca iftar \u00e7ad\u0131r\u0131n\u0131n hizmet vermeye devam edece\u011fini belirtti.<\/div>\n<div dir=\"auto\"><\/div>\n<\/div>\n<div class=\"x11i5rnm xat24cr x1mh8g0r x1vvkbs xtlvy1s x126k92a\" style=\"text-align: center;\">\n<div dir=\"auto\">Ba\u015fkan Sarg\u0131n, ziyareti s\u0131ras\u0131nda yapt\u0131\u011f\u0131 a\u00e7\u0131klamada, \u201cRamazan, payla\u015fman\u0131n ve birlik olman\u0131n en g\u00fczel zaman\u0131d\u0131r. \u0130ftar sofralar\u0131m\u0131zda hem\u015fehrilerimizle bir araya gelerek bu bereketi payla\u015fmak bizler i\u00e7in b\u00fcy\u00fck mutluluk\u201d dedi.<\/div>\n<div dir=\"auto\"><\/div>\n<\/div>\n<div dir=\"auto\" style=\"text-align: center;\"><img loading=\"lazy\" decoding=\"async\" class=\"alignnone wp-image-8989\" src=\"http:\/\/site.zile.bel.tr\/wp-content\/uploads\/2025\/03\/481265323_677319591342460_4361055956637393943_n-300x200.jpg\" alt=\"\" width=\"800\" height=\"533\" srcset=\"http:\/\/site.zile.bel.tr\/wp-content\/uploads\/2025\/03\/481265323_677319591342460_4361055956637393943_n-300x200.jpg 300w, http:\/\/site.zile.bel.tr\/wp-content\/uploads\/2025\/03\/481265323_677319591342460_4361055956637393943_n-1024x682.jpg 1024w, http:\/\/site.zile.bel.tr\/wp-content\/uploads\/2025\/03\/481265323_677319591342460_4361055956637393943_n-768x512.jpg 768w, http:\/\/site.zile.bel.tr\/wp-content\/uploads\/2025\/03\/481265323_677319591342460_4361055956637393943_n-1536x1023.jpg 1536w, http:\/\/site.zile.bel.tr\/wp-content\/uploads\/2025\/03\/481265323_677319591342460_4361055956637393943_n.jpg 1600w\" sizes=\"auto, (max-width: 800px) 100vw, 800px\" \/><\/div>\n<div dir=\"auto\" style=\"text-align: center;\"><\/div>\n<div dir=\"auto\" style=\"text-align: center;\"><\/div>\n<div class=\"x11i5rnm xat24cr x1mh8g0r x1vvkbs xtlvy1s x126k92a\">\n<div dir=\"auto\" style=\"text-align: center;\"><span class=\"html-span xexx8yu x4uap5 x18d9i69 xkhd6sd x1hl2dhg x16tdsg8 x1vvkbs x3nfvp2 x1j61x8r x1fcty0u xdj266r xat24cr xgzva0m xhhsvwb xxymvpz xlup9mm x1kky2od\"><img loading=\"lazy\" decoding=\"async\" class=\"xz74otr\" src=\"https:\/\/static.xx.fbcdn.net\/images\/emoji.php\/v9\/t2d\/1\/16\/1f4cd.png\" alt=\"\ud83d\udccd\" width=\"16\" height=\"16\" \/><\/span> Dayan\u0131\u015fma ve bereketin adresi: Zile Belediyesi \u0130ftar \u00c7ad\u0131r\u0131<\/div>\n<div dir=\"auto\" style=\"text-align: center;\"><span class=\"html-span xexx8yu x4uap5 x18d9i69 xkhd6sd x1hl2dhg x16tdsg8 x1vvkbs x3nfvp2 x1j61x8r x1fcty0u xdj266r xat24cr xgzva0m xhhsvwb xxymvpz xlup9mm x1kky2od\"><img loading=\"lazy\" decoding=\"async\" class=\"xz74otr\" src=\"https:\/\/static.xx.fbcdn.net\/images\/emoji.php\/v9\/t80\/1\/16\/1f64f.png\" alt=\"\ud83d\ude4f\" width=\"16\" height=\"16\" \/><\/span> Payla\u015fman\u0131n en g\u00fczel zaman\u0131: Ramazan<\/div>\n<div dir=\"auto\" style=\"text-align: center;\"><span class=\"html-span xexx8yu x4uap5 x18d9i69 xkhd6sd x1hl2dhg x16tdsg8 x1vvkbs x3nfvp2 x1j61x8r x1fcty0u xdj266r xat24cr xgzva0m xhhsvwb xxymvpz xlup9mm x1kky2od\"><img loading=\"lazy\" decoding=\"async\" class=\"xz74otr\" src=\"https:\/\/static.xx.fbcdn.net\/images\/emoji.php\/v9\/t64\/1\/16\/1f91d.png\" alt=\"\ud83e\udd1d\" width=\"16\" height=\"16\" \/><\/span> Ba\u015fkan Sarg\u0131n vatanda\u015flarla iftar \u00e7ad\u0131r\u0131nda bulu\u015ftu<\/div>\n<div dir=\"auto\" style=\"text-align: center;\"><span class=\"html-span xexx8yu x4uap5 x18d9i69 xkhd6sd x1hl2dhg x16tdsg8 x1vvkbs x3nfvp2 x1j61x8r x1fcty0u xdj266r xat24cr xgzva0m xhhsvwb xxymvpz xlup9mm x1kky2od\"><img loading=\"lazy\" decoding=\"async\" class=\"xz74otr\" src=\"https:\/\/static.xx.fbcdn.net\/images\/emoji.php\/v9\/te9\/1\/16\/1f496.png\" alt=\"\ud83d\udc96\" width=\"16\" height=\"16\" \/><\/span> Zile\u2019de iftar sofralar\u0131 karde\u015fli\u011fi b\u00fcy\u00fct\u00fcyor<\/div>\n<div dir=\"auto\" style=\"text-align: center;\"><span class=\"html-span xexx8yu x4uap5 x18d9i69 xkhd6sd x1hl2dhg x16tdsg8 x1vvkbs x3nfvp2 x1j61x8r x1fcty0u xdj266r xat24cr xgzva0m xhhsvwb xxymvpz xlup9mm x1kky2od\"><img loading=\"lazy\" decoding=\"async\" class=\"xz74otr\" src=\"https:\/\/static.xx.fbcdn.net\/images\/emoji.php\/v9\/te0\/1\/16\/1f31f.png\" alt=\"\ud83c\udf1f\" width=\"16\" height=\"16\" \/><\/span> Ramazan\u2019\u0131n ruhu: Birlik, beraberlik ve payla\u015fma<\/div>\n<div dir=\"auto\" style=\"text-align: center;\"><span class=\"html-span xexx8yu x4uap5 x18d9i69 xkhd6sd x1hl2dhg x16tdsg8 x1vvkbs x3nfvp2 x1j61x8r x1fcty0u xdj266r xat24cr xgzva0m xhhsvwb xxymvpz xlup9mm x1kky2od\"><img loading=\"lazy\" decoding=\"async\" class=\"xz74otr\" src=\"https:\/\/static.xx.fbcdn.net\/images\/emoji.php\/v9\/tbc\/1\/16\/1f54c.png\" alt=\"\ud83d\udd4c\" width=\"16\" height=\"16\" \/><\/span> Zile Belediyesi iftar \u00e7ad\u0131r\u0131na yo\u011fun ilgi<\/div>\n<div dir=\"auto\">\n\n\t\t<style type=\"text\/css\">\n\t\t\t#gallery-1 {\n\t\t\t\tmargin: auto;\n\t\t\t}\n\t\t\t#gallery-1 .gallery-item {\n\t\t\t\tfloat: left;\n\t\t\t\tmargin-top: 10px;\n\t\t\t\ttext-align: center;\n\t\t\t\twidth: 33%;\n\t\t\t}\n\t\t\t#gallery-1 img {\n\t\t\t\tborder: 2px solid #cfcfcf;\n\t\t\t}\n\t\t\t#gallery-1 .gallery-caption {\n\t\t\t\tmargin-left: 0;\n\t\t\t}\n\t\t\t\/* see gallery_shortcode() in wp-includes\/media.php *\/\n\t\t<\/style>\n\t\t<div id='gallery-1' class='gallery galleryid-8985 gallery-columns-3 gallery-size-thumbnail'><dl class='gallery-item'>\n\t\t\t<dt class='gallery-icon landscape'>\n\t\t\t\t<a href='http:\/\/site.zile.bel.tr\/wp-content\/uploads\/2025\/03\/482241793_677319161342503_7425019797724720318_n-1.jpg'><img loading=\"lazy\" decoding=\"async\" width=\"150\" height=\"150\" src=\"http:\/\/site.zile.bel.tr\/wp-content\/uploads\/2025\/03\/482241793_677319161342503_7425019797724720318_n-1-150x150.jpg\" class=\"attachment-thumbnail size-thumbnail\" alt=\"\" \/><\/a>\n\t\t\t<\/dt><\/dl><dl class='gallery-item'>\n\t\t\t<dt class='gallery-icon landscape'>\n\t\t\t\t<a href='http:\/\/site.zile.bel.tr\/wp-content\/uploads\/2025\/03\/482076772_677319308009155_3939211122715929208_n-1.jpg'><img loading=\"lazy\" decoding=\"async\" width=\"150\" height=\"150\" src=\"http:\/\/site.zile.bel.tr\/wp-content\/uploads\/2025\/03\/482076772_677319308009155_3939211122715929208_n-1-150x150.jpg\" class=\"attachment-thumbnail size-thumbnail\" alt=\"\" \/><\/a>\n\t\t\t<\/dt><\/dl><dl class='gallery-item'>\n\t\t\t<dt class='gallery-icon landscape'>\n\t\t\t\t<a href='http:\/\/site.zile.bel.tr\/wp-content\/uploads\/2025\/03\/481703390_677319261342493_6408057634605196268_n.jpg'><img loading=\"lazy\" decoding=\"async\" width=\"150\" height=\"150\" src=\"http:\/\/site.zile.bel.tr\/wp-content\/uploads\/2025\/03\/481703390_677319261342493_6408057634605196268_n-150x150.jpg\" class=\"attachment-thumbnail size-thumbnail\" alt=\"\" \/><\/a>\n\t\t\t<\/dt><\/dl><br style=\"clear: both\" \/><dl class='gallery-item'>\n\t\t\t<dt class='gallery-icon landscape'>\n\t\t\t\t<a href='http:\/\/site.zile.bel.tr\/wp-content\/uploads\/2025\/03\/481281817_677319348009151_935673740382746354_n-1.jpg'><img loading=\"lazy\" decoding=\"async\" width=\"150\" height=\"150\" src=\"http:\/\/site.zile.bel.tr\/wp-content\/uploads\/2025\/03\/481281817_677319348009151_935673740382746354_n-1-150x150.jpg\" class=\"attachment-thumbnail size-thumbnail\" alt=\"\" \/><\/a>\n\t\t\t<\/dt><\/dl><dl class='gallery-item'>\n\t\t\t<dt class='gallery-icon landscape'>\n\t\t\t\t<a href='http:\/\/site.zile.bel.tr\/wp-content\/uploads\/2025\/03\/481469930_677319551342464_1230725818610176705_n.jpg'><img loading=\"lazy\" decoding=\"async\" width=\"150\" height=\"150\" src=\"http:\/\/site.zile.bel.tr\/wp-content\/uploads\/2025\/03\/481469930_677319551342464_1230725818610176705_n-150x150.jpg\" class=\"attachment-thumbnail size-thumbnail\" alt=\"\" \/><\/a>\n\t\t\t<\/dt><\/dl><dl class='gallery-item'>\n\t\t\t<dt class='gallery-icon landscape'>\n\t\t\t\t<a href='http:\/\/site.zile.bel.tr\/wp-content\/uploads\/2025\/03\/481918628_677319201342499_7786511777720742606_n.jpg'><img loading=\"lazy\" decoding=\"async\" width=\"150\" height=\"150\" src=\"http:\/\/site.zile.bel.tr\/wp-content\/uploads\/2025\/03\/481918628_677319201342499_7786511777720742606_n-150x150.jpg\" class=\"attachment-thumbnail size-thumbnail\" alt=\"\" \/><\/a>\n\t\t\t<\/dt><\/dl><br style=\"clear: both\" \/><dl class='gallery-item'>\n\t\t\t<dt class='gallery-icon landscape'>\n\t\t\t\t<a href='http:\/\/site.zile.bel.tr\/wp-content\/uploads\/2025\/03\/481897376_677319441342475_5442402207474774554_n.jpg'><img loading=\"lazy\" decoding=\"async\" width=\"150\" height=\"150\" src=\"http:\/\/site.zile.bel.tr\/wp-content\/uploads\/2025\/03\/481897376_677319441342475_5442402207474774554_n-150x150.jpg\" class=\"attachment-thumbnail size-thumbnail\" alt=\"\" \/><\/a>\n\t\t\t<\/dt><\/dl><dl class='gallery-item'>\n\t\t\t<dt class='gallery-icon landscape'>\n\t\t\t\t<a href='http:\/\/site.zile.bel.tr\/wp-content\/uploads\/2025\/03\/481265626_677319391342480_5669022946407434821_n.jpg'><img loading=\"lazy\" decoding=\"async\" width=\"150\" height=\"150\" src=\"http:\/\/site.zile.bel.tr\/wp-content\/uploads\/2025\/03\/481265626_677319391342480_5669022946407434821_n-150x150.jpg\" class=\"attachment-thumbnail size-thumbnail\" alt=\"\" \/><\/a>\n\t\t\t<\/dt><\/dl><dl class='gallery-item'>\n\t\t\t<dt class='gallery-icon landscape'>\n\t\t\t\t<a href='http:\/\/site.zile.bel.tr\/wp-content\/uploads\/2025\/03\/481326489_677319501342469_5891802162573129006_n.jpg'><img loading=\"lazy\" decoding=\"async\" width=\"150\" height=\"150\" src=\"http:\/\/site.zile.bel.tr\/wp-content\/uploads\/2025\/03\/481326489_677319501342469_5891802162573129006_n-150x150.jpg\" class=\"attachment-thumbnail size-thumbnail\" alt=\"\" \/><\/a>\n\t\t\t<\/dt><\/dl><br style=\"clear: both\" \/><dl class='gallery-item'>\n\t\t\t<dt class='gallery-icon landscape'>\n\t\t\t\t<a href='http:\/\/site.zile.bel.tr\/wp-content\/uploads\/2025\/03\/481265323_677319591342460_4361055956637393943_n-1.jpg'><img loading=\"lazy\" decoding=\"async\" width=\"150\" height=\"150\" src=\"http:\/\/site.zile.bel.tr\/wp-content\/uploads\/2025\/03\/481265323_677319591342460_4361055956637393943_n-1-150x150.jpg\" class=\"attachment-thumbnail size-thumbnail\" alt=\"\" \/><\/a>\n\t\t\t<\/dt><\/dl>\n\t\t\t<br style='clear: both' \/>\n\t\t<\/div>\n\n<\/div>\n<\/div>\n","protected":false},"excerpt":{"rendered":"<p>Ba\u015fkan Sarg\u0131n, \u0130ftar \u00c7ad\u0131r\u0131n\u0131 Ziyaret Etti \u0130l\u00e7emizde Ramazan ay\u0131n\u0131n manevi atmosferi ya\u015fanmaya devam ediyor. Zile Belediye Ba\u015fkan\u0131 \u015e\u00fckr\u00fc Sarg\u0131n, belediye taraf\u0131ndan kurulan iftar \u00e7ad\u0131r\u0131n\u0131 ziyaret ederek vatanda\u015flarla bir araya geldi. Ba\u015fkan Sarg\u0131n, iftar \u00f6ncesinde \u00e7ad\u0131rdaki haz\u0131rl\u0131klar\u0131 yerinde incelerken, vatanda\u015flarla sohbet ederek Ramazan ay\u0131n\u0131n bereketini ve dayan\u0131\u015fma ruhunu payla\u015ft\u0131. Ezana k\u0131sa bir s\u00fcre kala, \u00e7ad\u0131rda bulunan [&hellip;]<\/p>\n","protected":false},"author":1,"featured_media":8986,"comment_status":"open","ping_status":"open","sticky":false,"template":"","format":"standard","meta":{"footnotes":""},"categories":[11],"tags":[],"class_list":["post-8985","post","type-post","status-publish","format-standard","has-post-thumbnail","hentry","category-haberler"],"_links":{"self":[{"href":"http:\/\/site.zile.bel.tr\/index.php\/wp-json\/wp\/v2\/posts\/8985","targetHints":{"allow":["GET"]}}],"collection":[{"href":"http:\/\/site.zile.bel.tr\/index.php\/wp-json\/wp\/v2\/posts"}],"about":[{"href":"http:\/\/site.zile.bel.tr\/index.php\/wp-json\/wp\/v2\/types\/post"}],"author":[{"embeddable":true,"href":"http:\/\/site.zile.bel.tr\/index.php\/wp-json\/wp\/v2\/users\/1"}],"replies":[{"embeddable":true,"href":"http:\/\/site.zile.bel.tr\/index.php\/wp-json\/wp\/v2\/comments?post=8985"}],"version-history":[{"count":6,"href":"http:\/\/site.zile.bel.tr\/index.php\/wp-json\/wp\/v2\/posts\/8985\/revisions"}],"predecessor-version":[{"id":9005,"href":"http:\/\/site.zile.bel.tr\/index.php\/wp-json\/wp\/v2\/posts\/8985\/revisions\/9005"}],"wp:featuredmedia":[{"embeddable":true,"href":"http:\/\/site.zile.bel.tr\/index.php\/wp-json\/wp\/v2\/media\/8986"}],"wp:attachment":[{"href":"http:\/\/site.zile.bel.tr\/index.php\/wp-json\/wp\/v2\/media?parent=8985"}],"wp:term":[{"taxonomy":"category","embeddable":true,"href":"http:\/\/site.zile.bel.tr\/index.php\/wp-json\/wp\/v2\/categories?post=8985"},{"taxonomy":"post_tag","embeddable":true,"href":"http:\/\/site.zile.bel.tr\/index.php\/wp-json\/wp\/v2\/tags?post=8985"}],"curies":[{"name":"wp","href":"https:\/\/api.w.org\/{rel}","templated":true}]}}