{"id":9576,"date":"2025-04-29T10:46:27","date_gmt":"2025-04-29T07:46:27","guid":{"rendered":"https:\/\/site.zile.bel.tr\/?p=9576"},"modified":"2025-04-29T10:46:27","modified_gmt":"2025-04-29T07:46:27","slug":"zile-belediyesi-olarak-mlgp4climate-platformuna-ve-kuresel-belediye-baskanlari-sozlesmesine-gcom-katildik","status":"publish","type":"post","link":"http:\/\/site.zile.bel.tr\/index.php\/2025\/04\/29\/zile-belediyesi-olarak-mlgp4climate-platformuna-ve-kuresel-belediye-baskanlari-sozlesmesine-gcom-katildik\/","title":{"rendered":"Zile Belediyesi olarak MLGP4Climate Platformuna ve K\u00fcresel Belediye Ba\u015fkanlar\u0131 S\u00f6zle\u015fmesi\u2019ne (GCoM) Kat\u0131ld\u0131k!"},"content":{"rendered":"<div class=\"xdj266r x11i5rnm xat24cr x1mh8g0r x1vvkbs x126k92a\">\n<div dir=\"auto\" style=\"text-align: center;\">Zile Belediyesi olarak MLGP4Climate Platformuna ve K\u00fcresel Belediye Ba\u015fkanlar\u0131 S\u00f6zle\u015fmesi\u2019ne (GCoM) Kat\u0131ld\u0131k!<\/div>\n<div dir=\"auto\" style=\"text-align: center;\"><img loading=\"lazy\" decoding=\"async\" class=\"alignnone wp-image-9578\" src=\"http:\/\/site.zile.bel.tr\/wp-content\/uploads\/2025\/04\/494100941_720684620339290_3610140630156143672_n-300x252.jpg\" alt=\"\" width=\"800\" height=\"671\" srcset=\"http:\/\/site.zile.bel.tr\/wp-content\/uploads\/2025\/04\/494100941_720684620339290_3610140630156143672_n-300x252.jpg 300w, http:\/\/site.zile.bel.tr\/wp-content\/uploads\/2025\/04\/494100941_720684620339290_3610140630156143672_n-1024x859.jpg 1024w, http:\/\/site.zile.bel.tr\/wp-content\/uploads\/2025\/04\/494100941_720684620339290_3610140630156143672_n-768x644.jpg 768w, http:\/\/site.zile.bel.tr\/wp-content\/uploads\/2025\/04\/494100941_720684620339290_3610140630156143672_n-1536x1288.jpg 1536w, http:\/\/site.zile.bel.tr\/wp-content\/uploads\/2025\/04\/494100941_720684620339290_3610140630156143672_n.jpg 2048w\" sizes=\"auto, (max-width: 800px) 100vw, 800px\" \/><\/div>\n<\/div>\n<div class=\"x11i5rnm xat24cr x1mh8g0r x1vvkbs xtlvy1s x126k92a\" style=\"text-align: center;\">\n<div dir=\"auto\">\u0130klim Eylemleri i\u00e7in T\u00fcrkiye \u00c7ok Seviyeli Y\u00f6neti\u015fim Platformu MLGP4Climate Platformuna uzun zamand\u0131r \u00e7al\u0131\u015fmalar\u0131m\u0131z sonucunda \u00fcye olduk. Bu proje Avrupa Birli\u011fi taraf\u0131ndan finanse edilmektedir.<\/div>\n<div dir=\"auto\"><\/div>\n<\/div>\n<div class=\"x11i5rnm xat24cr x1mh8g0r x1vvkbs xtlvy1s x126k92a\" style=\"text-align: center;\">\n<div dir=\"auto\">Zile Belediyesi olarak, uzun s\u00fcren \u00e7al\u0131\u015fmalar sonucunda MLGP4Climate (\u0130klim Eylemleri i\u00e7in T\u00fcrkiye \u00c7ok Seviyeli Y\u00f6neti\u015fim Platformu) Platformu&#8217;na \u00fcyeli\u011fimiz ger\u00e7ekle\u015fmi\u015ftir. Bu platform, belediyeler, bakanl\u0131klar, ulusal ve uluslararas\u0131 uzmanlar aras\u0131nda enerji d\u00f6n\u00fc\u015f\u00fcm\u00fc ve iklim eylemleri i\u00e7in i\u015f birli\u011fi modelleri olu\u015fturmay\u0131 ama\u00e7lamaktad\u0131r.<\/div>\n<div dir=\"auto\"><\/div>\n<\/div>\n<div class=\"x11i5rnm xat24cr x1mh8g0r x1vvkbs xtlvy1s x126k92a\" style=\"text-align: center;\">\n<div dir=\"auto\">MLGP4Climate \u00fcyeli\u011fimiz sayesinde, S\u00fcrd\u00fcr\u00fclebilir Enerji ve \u0130klim Eylem Plan\u0131 (SECAP) haz\u0131rlama, uygulama ve izleme s\u00fcre\u00e7lerinde ulusal ve uluslararas\u0131 uzmanlardan dan\u0131\u015fmanl\u0131k alabilece\u011fiz. Ayr\u0131ca, ortak bulma, bilimsel veriler elde etme ve finansal programlar hakk\u0131nda bilgi edinme gibi konularda destek alarak, iklim eylemlerimizi daha etkin bir \u015fekilde y\u00fcr\u00fctece\u011fiz.<\/div>\n<div dir=\"auto\"><\/div>\n<\/div>\n<div class=\"x11i5rnm xat24cr x1mh8g0r x1vvkbs xtlvy1s x126k92a\" style=\"text-align: center;\">\n<div dir=\"auto\">Bu \u00fcyelik, Zile Belediyesi&#8217;nin s\u00fcrd\u00fcr\u00fclebilirlik ve iklim de\u011fi\u015fikli\u011fiyle m\u00fccadele konular\u0131ndaki kararl\u0131l\u0131\u011f\u0131n\u0131 g\u00f6stermekte olup, il\u00e7emizin enerji verimlili\u011fi ve iklim dayan\u0131kl\u0131l\u0131\u011f\u0131n\u0131 art\u0131rmaya y\u00f6nelik \u00f6nemli bir ad\u0131md\u0131r.<\/div>\n<div dir=\"auto\"><\/div>\n<\/div>\n<div dir=\"auto\" style=\"text-align: center;\"><\/div>\n<div class=\"x11i5rnm xat24cr x1mh8g0r x1vvkbs xtlvy1s x126k92a\" style=\"text-align: center;\">\n<div dir=\"auto\">Zile Belediyesi K\u00fcresel Belediye Ba\u015fkanlar\u0131 S\u00f6zle\u015fmesi\u2019ne (GCoM) Kat\u0131ld\u0131!<\/div>\n<div dir=\"auto\"><img loading=\"lazy\" decoding=\"async\" class=\"alignnone wp-image-9577\" src=\"http:\/\/site.zile.bel.tr\/wp-content\/uploads\/2025\/04\/494569911_720684660339286_7916328559754567321_n-300x252.jpg\" alt=\"\" width=\"800\" height=\"671\" srcset=\"http:\/\/site.zile.bel.tr\/wp-content\/uploads\/2025\/04\/494569911_720684660339286_7916328559754567321_n-300x252.jpg 300w, http:\/\/site.zile.bel.tr\/wp-content\/uploads\/2025\/04\/494569911_720684660339286_7916328559754567321_n-1024x859.jpg 1024w, http:\/\/site.zile.bel.tr\/wp-content\/uploads\/2025\/04\/494569911_720684660339286_7916328559754567321_n-768x644.jpg 768w, http:\/\/site.zile.bel.tr\/wp-content\/uploads\/2025\/04\/494569911_720684660339286_7916328559754567321_n-1536x1288.jpg 1536w, http:\/\/site.zile.bel.tr\/wp-content\/uploads\/2025\/04\/494569911_720684660339286_7916328559754567321_n.jpg 2048w\" sizes=\"auto, (max-width: 800px) 100vw, 800px\" \/><\/div>\n<\/div>\n<div class=\"x11i5rnm xat24cr x1mh8g0r x1vvkbs xtlvy1s x126k92a\" style=\"text-align: center;\">\n<div dir=\"auto\">Zile Belediyesi olarak, s\u00fcrd\u00fcr\u00fclebilirlik ve iklim de\u011fi\u015fikli\u011fiyle m\u00fccadelede \u00f6nemli bir ad\u0131m atarak K\u00fcresel Belediye Ba\u015fkanlar\u0131 S\u00f6zle\u015fmesi\u2019ne (Global Covenant of Mayors &#8211; GCoM) resmen kat\u0131ld\u0131k!<\/div>\n<div dir=\"auto\"><\/div>\n<\/div>\n<div class=\"x11i5rnm xat24cr x1mh8g0r x1vvkbs xtlvy1s x126k92a\" style=\"text-align: center;\">\n<div dir=\"auto\">Bu prestijli platforma kat\u0131l\u0131m\u0131m\u0131z, il\u00e7emizin iklim eylemi, enerji verimlili\u011fi ve s\u00fcrd\u00fcr\u00fclebilir kalk\u0131nma konular\u0131nda uluslararas\u0131 standartlara uygun projeler geli\u015ftirmesine katk\u0131 sa\u011flayacak. GCoM \u00fcyeli\u011fiyle birlikte, k\u00fcresel \u00f6l\u00e7ekte iklim de\u011fi\u015fikli\u011fiyle m\u00fccadelede yerel \u00e7\u00f6z\u00fcmler \u00fcretmek, teknik destek almak ve uluslararas\u0131 i\u015f birlikleri kurmak i\u00e7in \u00f6nemli f\u0131rsatlar elde edece\u011fiz.<\/div>\n<div dir=\"auto\"><\/div>\n<\/div>\n<div class=\"x11i5rnm xat24cr x1mh8g0r x1vvkbs xtlvy1s x126k92a\" style=\"text-align: center;\">\n<div dir=\"auto\">Zile Belediyesi olarak, daha ye\u015fil, diren\u00e7li ve s\u00fcrd\u00fcr\u00fclebilir bir gelecek i\u00e7in \u00e7al\u0131\u015fmalar\u0131m\u0131za kararl\u0131l\u0131kla devam ediyoruz!<\/div>\n<div dir=\"auto\"><\/div>\n<\/div>\n<div class=\"x11i5rnm xat24cr x1mh8g0r x1vvkbs xtlvy1s x126k92a\" style=\"text-align: center;\">\n<div dir=\"auto\">Belediyemizin \u0130klim Eylemleri i\u00e7in T\u00fcrkiye \u00c7ok Seviyeli Y\u00f6neti\u015fim Platformu MLGP4Climate Platformu kutlama haberi: <span class=\"html-span xdj266r x11i5rnm xat24cr x1mh8g0r xexx8yu x4uap5 x18d9i69 xkhd6sd x1hl2dhg x16tdsg8 x1vvkbs\"><a class=\"x1i10hfl xjbqb8w x1ejq31n xd10rxx x1sy0etr x17r0tee x972fbf xcfux6l x1qhh985 xm0m39n x9f619 x1ypdohk xt0psk2 xe8uvvx xdj266r x11i5rnm xat24cr x1mh8g0r xexx8yu x4uap5 x18d9i69 xkhd6sd x16tdsg8 x1hl2dhg xggy1nq x1a2a7pz xkrqix3 x1sur9pj x1fey0fg x1s688f\" tabindex=\"0\" role=\"link\" href=\"https:\/\/www.instagram.com\/p\/DG0b0CHIyj3\/?utm_source=ig_web_copy_link&amp;igsh=MzRlODBiNWFlZA%3D%3D&amp;fbclid=IwZXh0bgNhZW0CMTAAYnJpZBExQ3VSeDBPM0xOODZ6NnVWSAEeujLZWdZ2r7MqNsE6pOaFxi5eMFUonI9IAQo_s0bIAJ5myRapzsJn7HXobb0_aem_vxhxWZ25fU7tE0txq1efUA\" target=\"_blank\" rel=\"nofollow noopener noreferrer\">https:\/\/www.instagram.com\/p\/DG0b0CHIyj3\/&#8230;<\/a><\/span><\/div>\n<div dir=\"auto\">\n\n\t\t<style type=\"text\/css\">\n\t\t\t#gallery-1 {\n\t\t\t\tmargin: auto;\n\t\t\t}\n\t\t\t#gallery-1 .gallery-item {\n\t\t\t\tfloat: left;\n\t\t\t\tmargin-top: 10px;\n\t\t\t\ttext-align: center;\n\t\t\t\twidth: 33%;\n\t\t\t}\n\t\t\t#gallery-1 img {\n\t\t\t\tborder: 2px solid #cfcfcf;\n\t\t\t}\n\t\t\t#gallery-1 .gallery-caption {\n\t\t\t\tmargin-left: 0;\n\t\t\t}\n\t\t\t\/* see gallery_shortcode() in wp-includes\/media.php *\/\n\t\t<\/style>\n\t\t<div id='gallery-1' class='gallery galleryid-9576 gallery-columns-3 gallery-size-thumbnail'><dl class='gallery-item'>\n\t\t\t<dt class='gallery-icon landscape'>\n\t\t\t\t<a href='http:\/\/site.zile.bel.tr\/wp-content\/uploads\/2025\/04\/494569911_720684660339286_7916328559754567321_n.jpg'><img loading=\"lazy\" decoding=\"async\" width=\"150\" height=\"150\" src=\"http:\/\/site.zile.bel.tr\/wp-content\/uploads\/2025\/04\/494569911_720684660339286_7916328559754567321_n-150x150.jpg\" class=\"attachment-thumbnail size-thumbnail\" alt=\"\" \/><\/a>\n\t\t\t<\/dt><\/dl><dl class='gallery-item'>\n\t\t\t<dt class='gallery-icon landscape'>\n\t\t\t\t<a href='http:\/\/site.zile.bel.tr\/wp-content\/uploads\/2025\/04\/494100941_720684620339290_3610140630156143672_n.jpg'><img loading=\"lazy\" decoding=\"async\" width=\"150\" height=\"150\" src=\"http:\/\/site.zile.bel.tr\/wp-content\/uploads\/2025\/04\/494100941_720684620339290_3610140630156143672_n-150x150.jpg\" class=\"attachment-thumbnail size-thumbnail\" alt=\"\" \/><\/a>\n\t\t\t<\/dt><\/dl>\n\t\t\t<br style='clear: both' \/>\n\t\t<\/div>\n\n<\/div>\n<\/div>\n<div class=\"x11i5rnm xat24cr x1mh8g0r x1vvkbs xtlvy1s x126k92a\" style=\"text-align: center;\">\n<div dir=\"auto\">MLGP4 Platform Linkimiz:<\/div>\n<div dir=\"auto\"><span class=\"html-span xdj266r x11i5rnm xat24cr x1mh8g0r xexx8yu x4uap5 x18d9i69 xkhd6sd x1hl2dhg x16tdsg8 x1vvkbs\"><a class=\"x1i10hfl xjbqb8w x1ejq31n xd10rxx x1sy0etr x17r0tee x972fbf xcfux6l x1qhh985 xm0m39n x9f619 x1ypdohk xt0psk2 xe8uvvx xdj266r x11i5rnm xat24cr x1mh8g0r xexx8yu x4uap5 x18d9i69 xkhd6sd x16tdsg8 x1hl2dhg xggy1nq x1a2a7pz xkrqix3 x1sur9pj x1fey0fg x1s688f\" tabindex=\"0\" role=\"link\" href=\"https:\/\/l.facebook.com\/l.php?u=https%3A%2F%2Fmlgp4climate.com%2Fmlgp-members%2Fzile-municipality%3Ffbclid%3DIwZXh0bgNhZW0CMTAAYnJpZBExQ3VSeDBPM0xOODZ6NnVWSAEeSMrn5GTjcDBW2HhfVvYZO-FRtXL1tdIjcGC72ZqURI-Wit_sB4ac-iemPu0_aem__hmzbPy16dRR1OpMpa4j2Q&amp;h=AT0jhd8Mi95Rk_X3VlzEmRIGaoP-IdMIdErqi5e-me4aVlPWpjcs6gzRBXf8lKheRTZea3ZYWQxxYYDOeLGTMH1rseveUF4Zt_3Pb_4ayj1jcIzpYmGQzLBuE1vNFCAnOrDhamt7gz0N8w_6&amp;__tn__=-UK-R&amp;c[0]=AT1pdMrUNxnYq_QzIzGET093H_DK2gnwdI40NB0P29HRTdktEx5jqCOkG7p-AaDqrzTXTYC1w7qwCUPU_Hbdnu50xSa03Y2dRK6uhQQhFrbEu8aX4hGc2vZKS5SjgUp_UeD_Eq21XrofbHce4Y-QqtJEbjrJjdBpRF-XNPS5cbX9LCpJLFlqcQgsHKSMzcawyr6Shb9eyRJs_jC4oGYKkzap9oc\" target=\"_blank\" rel=\"nofollow noopener noreferrer\">https:\/\/mlgp4climate.com\/mlgp-members\/zile-municipality<\/a><\/span><\/div>\n<div dir=\"auto\"><\/div>\n<\/div>\n<div class=\"x11i5rnm xat24cr x1mh8g0r x1vvkbs xtlvy1s x126k92a\">\n<div dir=\"auto\" style=\"text-align: center;\">Belediyemizin GCoM\u2019daki resmi profili: <span class=\"html-span xdj266r x11i5rnm xat24cr x1mh8g0r xexx8yu x4uap5 x18d9i69 xkhd6sd x1hl2dhg x16tdsg8 x1vvkbs\"><a class=\"x1i10hfl xjbqb8w x1ejq31n xd10rxx x1sy0etr x17r0tee x972fbf xcfux6l x1qhh985 xm0m39n x9f619 x1ypdohk xt0psk2 xe8uvvx xdj266r x11i5rnm xat24cr x1mh8g0r xexx8yu x4uap5 x18d9i69 xkhd6sd x16tdsg8 x1hl2dhg xggy1nq x1a2a7pz xkrqix3 x1sur9pj x1fey0fg x1s688f\" tabindex=\"0\" role=\"link\" href=\"https:\/\/www.globalcovenantofmayors.org\/cities\/middle-east-and-north-africa\/turkey\/zile-tokat\/?fbclid=IwZXh0bgNhZW0CMTAAYnJpZBExQ3VSeDBPM0xOODZ6NnVWSAEeujLZWdZ2r7MqNsE6pOaFxi5eMFUonI9IAQo_s0bIAJ5myRapzsJn7HXobb0_aem_vxhxWZ25fU7tE0txq1efUA\" target=\"_blank\" rel=\"nofollow noopener noreferrer\">https:\/\/www.globalcovenantofmayors.org\/&#8230;\/zile-tokat\/<\/a><\/span><\/div>\n<div dir=\"auto\" style=\"text-align: center;\"><\/div>\n<\/div>\n","protected":false},"excerpt":{"rendered":"<p>Zile Belediyesi olarak MLGP4Climate Platformuna ve K\u00fcresel Belediye Ba\u015fkanlar\u0131 S\u00f6zle\u015fmesi\u2019ne (GCoM) Kat\u0131ld\u0131k! \u0130klim Eylemleri i\u00e7in T\u00fcrkiye \u00c7ok Seviyeli Y\u00f6neti\u015fim Platformu MLGP4Climate Platformuna uzun zamand\u0131r \u00e7al\u0131\u015fmalar\u0131m\u0131z sonucunda \u00fcye olduk. Bu proje Avrupa Birli\u011fi taraf\u0131ndan finanse edilmektedir. Zile Belediyesi olarak, uzun s\u00fcren \u00e7al\u0131\u015fmalar sonucunda MLGP4Climate (\u0130klim Eylemleri i\u00e7in T\u00fcrkiye \u00c7ok Seviyeli Y\u00f6neti\u015fim Platformu) Platformu&#8217;na \u00fcyeli\u011fimiz ger\u00e7ekle\u015fmi\u015ftir. Bu [&hellip;]<\/p>\n","protected":false},"author":1,"featured_media":9578,"comment_status":"open","ping_status":"open","sticky":false,"template":"","format":"standard","meta":{"footnotes":""},"categories":[11],"tags":[],"class_list":["post-9576","post","type-post","status-publish","format-standard","has-post-thumbnail","hentry","category-haberler"],"_links":{"self":[{"href":"http:\/\/site.zile.bel.tr\/index.php\/wp-json\/wp\/v2\/posts\/9576","targetHints":{"allow":["GET"]}}],"collection":[{"href":"http:\/\/site.zile.bel.tr\/index.php\/wp-json\/wp\/v2\/posts"}],"about":[{"href":"http:\/\/site.zile.bel.tr\/index.php\/wp-json\/wp\/v2\/types\/post"}],"author":[{"embeddable":true,"href":"http:\/\/site.zile.bel.tr\/index.php\/wp-json\/wp\/v2\/users\/1"}],"replies":[{"embeddable":true,"href":"http:\/\/site.zile.bel.tr\/index.php\/wp-json\/wp\/v2\/comments?post=9576"}],"version-history":[{"count":1,"href":"http:\/\/site.zile.bel.tr\/index.php\/wp-json\/wp\/v2\/posts\/9576\/revisions"}],"predecessor-version":[{"id":9579,"href":"http:\/\/site.zile.bel.tr\/index.php\/wp-json\/wp\/v2\/posts\/9576\/revisions\/9579"}],"wp:featuredmedia":[{"embeddable":true,"href":"http:\/\/site.zile.bel.tr\/index.php\/wp-json\/wp\/v2\/media\/9578"}],"wp:attachment":[{"href":"http:\/\/site.zile.bel.tr\/index.php\/wp-json\/wp\/v2\/media?parent=9576"}],"wp:term":[{"taxonomy":"category","embeddable":true,"href":"http:\/\/site.zile.bel.tr\/index.php\/wp-json\/wp\/v2\/categories?post=9576"},{"taxonomy":"post_tag","embeddable":true,"href":"http:\/\/site.zile.bel.tr\/index.php\/wp-json\/wp\/v2\/tags?post=9576"}],"curies":[{"name":"wp","href":"https:\/\/api.w.org\/{rel}","templated":true}]}}