{"id":13416,"date":"2026-01-20T23:26:54","date_gmt":"2026-01-20T20:26:54","guid":{"rendered":"https:\/\/site.zile.bel.tr\/?p=13416"},"modified":"2026-01-21T08:29:45","modified_gmt":"2026-01-21T05:29:45","slug":"nusaybin-kamisli-sinir-hattinda-sanli-bayragimiza-yonelik-gerceklestirilen-saldiriyi-kiniyorum","status":"publish","type":"post","link":"https:\/\/site.zile.bel.tr\/index.php\/2026\/01\/20\/nusaybin-kamisli-sinir-hattinda-sanli-bayragimiza-yonelik-gerceklestirilen-saldiriyi-kiniyorum\/","title":{"rendered":"Nusaybin\u2013Kam\u0131\u015fl\u0131 s\u0131n\u0131r hatt\u0131nda \u015fanl\u0131 bayra\u011f\u0131m\u0131za y\u00f6nelik ger\u00e7ekle\u015ftirilen sald\u0131r\u0131y\u0131 k\u0131n\u0131yorum."},"content":{"rendered":"<div class=\"xdj266r x14z9mp xat24cr x1lziwak x1vvkbs x126k92a\">\n<div dir=\"auto\"><img loading=\"lazy\" decoding=\"async\" class=\"alignnone wp-image-13417 aligncenter\" src=\"http:\/\/site.zile.bel.tr\/wp-content\/uploads\/2026\/01\/615795721_921165796957837_5921879894971696009_n-300x251.jpg\" alt=\"\" width=\"800\" height=\"670\" srcset=\"https:\/\/site.zile.bel.tr\/wp-content\/uploads\/2026\/01\/615795721_921165796957837_5921879894971696009_n-300x251.jpg 300w, https:\/\/site.zile.bel.tr\/wp-content\/uploads\/2026\/01\/615795721_921165796957837_5921879894971696009_n-1024x858.jpg 1024w, https:\/\/site.zile.bel.tr\/wp-content\/uploads\/2026\/01\/615795721_921165796957837_5921879894971696009_n-768x644.jpg 768w, https:\/\/site.zile.bel.tr\/wp-content\/uploads\/2026\/01\/615795721_921165796957837_5921879894971696009_n-1536x1287.jpg 1536w, https:\/\/site.zile.bel.tr\/wp-content\/uploads\/2026\/01\/615795721_921165796957837_5921879894971696009_n.jpg 2048w\" sizes=\"auto, (max-width: 800px) 100vw, 800px\" \/><\/div>\n<div dir=\"auto\" style=\"text-align: center;\">Nusaybin\u2013Kam\u0131\u015fl\u0131 s\u0131n\u0131r hatt\u0131nda \u015fanl\u0131 bayra\u011f\u0131m\u0131za y\u00f6nelik ger\u00e7ekle\u015ftirilen sald\u0131r\u0131y\u0131 k\u0131n\u0131yorum.<\/div>\n<div dir=\"auto\" style=\"text-align: center;\"><\/div>\n<\/div>\n<div class=\"x14z9mp xat24cr x1lziwak x1vvkbs xtlvy1s x126k92a\" style=\"text-align: center;\">\n<div dir=\"auto\">Milletimizin birlik ve beraberli\u011fini hedef alan bu t\u00fcr provokatif giri\u015fimler asla amac\u0131na ula\u015famayacakt\u0131r. Ay y\u0131ld\u0131zl\u0131 bayra\u011f\u0131m\u0131z, ortak de\u011ferimiz ve \u015fehitlerimizin emanetidir.<\/div>\n<div dir=\"auto\"><\/div>\n<\/div>\n<div class=\"x14z9mp xat24cr x1lziwak x1vvkbs xtlvy1s x126k92a\" style=\"text-align: center;\">\n<div dir=\"auto\">Kamuoyuna sayg\u0131yla duyurulur.<\/div>\n<div dir=\"auto\"><\/div>\n<\/div>\n<div class=\"x14z9mp xat24cr x1lziwak x1vvkbs xtlvy1s x126k92a\">\n<div dir=\"auto\" style=\"text-align: center;\">\u015e\u00fckr\u00fc SARGIN<\/div>\n<div dir=\"auto\" style=\"text-align: center;\">Zile Belediye Ba\u015fkan\u0131<\/div>\n<\/div>\n","protected":false},"excerpt":{"rendered":"<p>Nusaybin\u2013Kam\u0131\u015fl\u0131 s\u0131n\u0131r hatt\u0131nda \u015fanl\u0131 bayra\u011f\u0131m\u0131za y\u00f6nelik ger\u00e7ekle\u015ftirilen sald\u0131r\u0131y\u0131 k\u0131n\u0131yorum. Milletimizin birlik ve beraberli\u011fini hedef alan bu t\u00fcr provokatif giri\u015fimler asla amac\u0131na ula\u015famayacakt\u0131r. Ay y\u0131ld\u0131zl\u0131 bayra\u011f\u0131m\u0131z, ortak de\u011ferimiz ve \u015fehitlerimizin emanetidir. Kamuoyuna sayg\u0131yla duyurulur. \u015e\u00fckr\u00fc SARGIN Zile Belediye Ba\u015fkan\u0131<\/p>\n","protected":false},"author":1,"featured_media":13419,"comment_status":"open","ping_status":"open","sticky":false,"template":"","format":"standard","meta":{"footnotes":""},"categories":[11],"tags":[],"class_list":["post-13416","post","type-post","status-publish","format-standard","has-post-thumbnail","hentry","category-haberler"],"_links":{"self":[{"href":"https:\/\/site.zile.bel.tr\/index.php\/wp-json\/wp\/v2\/posts\/13416","targetHints":{"allow":["GET"]}}],"collection":[{"href":"https:\/\/site.zile.bel.tr\/index.php\/wp-json\/wp\/v2\/posts"}],"about":[{"href":"https:\/\/site.zile.bel.tr\/index.php\/wp-json\/wp\/v2\/types\/post"}],"author":[{"embeddable":true,"href":"https:\/\/site.zile.bel.tr\/index.php\/wp-json\/wp\/v2\/users\/1"}],"replies":[{"embeddable":true,"href":"https:\/\/site.zile.bel.tr\/index.php\/wp-json\/wp\/v2\/comments?post=13416"}],"version-history":[{"count":1,"href":"https:\/\/site.zile.bel.tr\/index.php\/wp-json\/wp\/v2\/posts\/13416\/revisions"}],"predecessor-version":[{"id":13418,"href":"https:\/\/site.zile.bel.tr\/index.php\/wp-json\/wp\/v2\/posts\/13416\/revisions\/13418"}],"wp:featuredmedia":[{"embeddable":true,"href":"https:\/\/site.zile.bel.tr\/index.php\/wp-json\/wp\/v2\/media\/13419"}],"wp:attachment":[{"href":"https:\/\/site.zile.bel.tr\/index.php\/wp-json\/wp\/v2\/media?parent=13416"}],"wp:term":[{"taxonomy":"category","embeddable":true,"href":"https:\/\/site.zile.bel.tr\/index.php\/wp-json\/wp\/v2\/categories?post=13416"},{"taxonomy":"post_tag","embeddable":true,"href":"https:\/\/site.zile.bel.tr\/index.php\/wp-json\/wp\/v2\/tags?post=13416"}],"curies":[{"name":"wp","href":"https:\/\/api.w.org\/{rel}","templated":true}]}}