{"id":1357,"date":"2021-02-22T14:13:05","date_gmt":"2021-02-22T11:13:05","guid":{"rendered":"http:\/\/site.zile.bel.tr\/?p=1357"},"modified":"2021-02-22T14:13:05","modified_gmt":"2021-02-22T11:13:05","slug":"haberal-zilede","status":"publish","type":"post","link":"https:\/\/site.zile.bel.tr\/index.php\/2021\/02\/22\/haberal-zilede\/","title":{"rendered":"Haberal Zile&#8217;de"},"content":{"rendered":"<p>Ba\u015fkent \u00dcniversitesi Rekt\u00f6r\u00fc, D\u00fcnya Organ Nakli Vakf\u0131 Genel Ba\u015fkan\u0131 Prof. Dr. Mehmet Haberal Zile de \u00e7e\u015fitli incelemelerde bulundu. Zile Belediye Ba\u015fkan\u0131 \u015e\u00fckr\u00fc Sarg\u0131n&#8217;\u0131n daveti \u00fczerine Zile&#8217;ye gelen Haberal &#8220;Zile&#8217;nin bizde \u00e7ok \u00f6zel bir yeri var.\u00a0 Ba\u015fkent \u00dcniversitesi olarak Zile&#8217;de \u00e7e\u015fitli \u00e7al\u0131\u015fmalar\u0131m\u0131z yat\u0131r\u0131mlar\u0131m\u0131z olacak. \u0130lk olarak \u00dcniversitemiz b\u00fcnyesinde kurdu\u011fumuz Tarim Enstit\u00fcs\u00fc uzmanlar\u0131 Zile&#8217;de ara\u015ft\u0131rmalar yap\u0131p, burada neler yap\u0131labilir, tar\u0131msal kazan\u00e7 nas\u0131l art\u0131r\u0131l\u0131r, g\u00f6\u00e7 nas\u0131l \u00f6nlenir akademik olarak\u00a0 tespit yap\u0131lacak. Yani Zile art\u0131k Ba\u015fkent \u00dcniversitesinin bir kamp\u00fcs\u00fcd\u00fcr&#8221; dedi.<\/p>\n\n\t\t<style type=\"text\/css\">\n\t\t\t#gallery-1 {\n\t\t\t\tmargin: auto;\n\t\t\t}\n\t\t\t#gallery-1 .gallery-item {\n\t\t\t\tfloat: left;\n\t\t\t\tmargin-top: 10px;\n\t\t\t\ttext-align: center;\n\t\t\t\twidth: 33%;\n\t\t\t}\n\t\t\t#gallery-1 img {\n\t\t\t\tborder: 2px solid #cfcfcf;\n\t\t\t}\n\t\t\t#gallery-1 .gallery-caption {\n\t\t\t\tmargin-left: 0;\n\t\t\t}\n\t\t\t\/* see gallery_shortcode() in wp-includes\/media.php *\/\n\t\t<\/style>\n\t\t<div id='gallery-1' class='gallery galleryid-1357 gallery-columns-3 gallery-size-thumbnail'><dl class='gallery-item'>\n\t\t\t<dt class='gallery-icon landscape'>\n\t\t\t\t<a href='https:\/\/site.zile.bel.tr\/wp-content\/uploads\/2021\/02\/2ba10e14-2bf0-4f0e-a001-b435d84a035a.jpg'><img loading=\"lazy\" decoding=\"async\" width=\"150\" height=\"150\" src=\"https:\/\/site.zile.bel.tr\/wp-content\/uploads\/2021\/02\/2ba10e14-2bf0-4f0e-a001-b435d84a035a-150x150.jpg\" class=\"attachment-thumbnail size-thumbnail\" alt=\"\" \/><\/a>\n\t\t\t<\/dt><\/dl><dl class='gallery-item'>\n\t\t\t<dt class='gallery-icon landscape'>\n\t\t\t\t<a href='https:\/\/site.zile.bel.tr\/wp-content\/uploads\/2021\/02\/9b191f42-4314-4ce3-87b9-96938767bf6a.jpg'><img loading=\"lazy\" decoding=\"async\" width=\"150\" height=\"150\" src=\"https:\/\/site.zile.bel.tr\/wp-content\/uploads\/2021\/02\/9b191f42-4314-4ce3-87b9-96938767bf6a-150x150.jpg\" class=\"attachment-thumbnail size-thumbnail\" alt=\"\" \/><\/a>\n\t\t\t<\/dt><\/dl><dl class='gallery-item'>\n\t\t\t<dt class='gallery-icon landscape'>\n\t\t\t\t<a href='https:\/\/site.zile.bel.tr\/wp-content\/uploads\/2021\/02\/9be80228-e6af-4d59-8e7e-e7040f4d9958.jpg'><img loading=\"lazy\" decoding=\"async\" width=\"150\" height=\"150\" src=\"https:\/\/site.zile.bel.tr\/wp-content\/uploads\/2021\/02\/9be80228-e6af-4d59-8e7e-e7040f4d9958-150x150.jpg\" class=\"attachment-thumbnail size-thumbnail\" alt=\"\" \/><\/a>\n\t\t\t<\/dt><\/dl><br style=\"clear: both\" \/><dl class='gallery-item'>\n\t\t\t<dt class='gallery-icon landscape'>\n\t\t\t\t<a href='https:\/\/site.zile.bel.tr\/wp-content\/uploads\/2021\/02\/50a2f3a9-b6d7-4437-b3c1-d422c6ad7140.jpg'><img loading=\"lazy\" decoding=\"async\" width=\"150\" height=\"150\" src=\"https:\/\/site.zile.bel.tr\/wp-content\/uploads\/2021\/02\/50a2f3a9-b6d7-4437-b3c1-d422c6ad7140-150x150.jpg\" class=\"attachment-thumbnail size-thumbnail\" alt=\"\" \/><\/a>\n\t\t\t<\/dt><\/dl><dl class='gallery-item'>\n\t\t\t<dt class='gallery-icon landscape'>\n\t\t\t\t<a href='https:\/\/site.zile.bel.tr\/wp-content\/uploads\/2021\/02\/58fbea44-bf72-4121-95dc-84297d220908.jpg'><img loading=\"lazy\" decoding=\"async\" width=\"150\" height=\"150\" src=\"https:\/\/site.zile.bel.tr\/wp-content\/uploads\/2021\/02\/58fbea44-bf72-4121-95dc-84297d220908-150x150.jpg\" class=\"attachment-thumbnail size-thumbnail\" alt=\"\" \/><\/a>\n\t\t\t<\/dt><\/dl><dl class='gallery-item'>\n\t\t\t<dt class='gallery-icon landscape'>\n\t\t\t\t<a href='https:\/\/site.zile.bel.tr\/wp-content\/uploads\/2021\/02\/a6450e71-2d90-4b8d-8632-e18b508c4910.jpg'><img loading=\"lazy\" decoding=\"async\" width=\"150\" height=\"150\" src=\"https:\/\/site.zile.bel.tr\/wp-content\/uploads\/2021\/02\/a6450e71-2d90-4b8d-8632-e18b508c4910-150x150.jpg\" class=\"attachment-thumbnail size-thumbnail\" alt=\"\" \/><\/a>\n\t\t\t<\/dt><\/dl><br style=\"clear: both\" \/><dl class='gallery-item'>\n\t\t\t<dt class='gallery-icon landscape'>\n\t\t\t\t<a href='https:\/\/site.zile.bel.tr\/wp-content\/uploads\/2021\/02\/da8a10bd-eb63-4f09-8a03-f58af918a4b5.jpg'><img loading=\"lazy\" decoding=\"async\" width=\"150\" height=\"150\" src=\"https:\/\/site.zile.bel.tr\/wp-content\/uploads\/2021\/02\/da8a10bd-eb63-4f09-8a03-f58af918a4b5-150x150.jpg\" class=\"attachment-thumbnail size-thumbnail\" alt=\"\" \/><\/a>\n\t\t\t<\/dt><\/dl><dl class='gallery-item'>\n\t\t\t<dt class='gallery-icon portrait'>\n\t\t\t\t<a href='https:\/\/site.zile.bel.tr\/wp-content\/uploads\/2021\/02\/ec03cf20-baea-466f-bba4-703495091583.jpg'><img loading=\"lazy\" decoding=\"async\" width=\"150\" height=\"150\" src=\"https:\/\/site.zile.bel.tr\/wp-content\/uploads\/2021\/02\/ec03cf20-baea-466f-bba4-703495091583-150x150.jpg\" class=\"attachment-thumbnail size-thumbnail\" alt=\"\" \/><\/a>\n\t\t\t<\/dt><\/dl>\n\t\t\t<br style='clear: both' \/>\n\t\t<\/div>\n\n","protected":false},"excerpt":{"rendered":"<p>Ba\u015fkent \u00dcniversitesi Rekt\u00f6r\u00fc, D\u00fcnya Organ Nakli Vakf\u0131 Genel Ba\u015fkan\u0131 Prof. Dr. Mehmet Haberal Zile de \u00e7e\u015fitli incelemelerde bulundu. Zile Belediye Ba\u015fkan\u0131 \u015e\u00fckr\u00fc Sarg\u0131n&#8217;\u0131n daveti \u00fczerine Zile&#8217;ye gelen Haberal &#8220;Zile&#8217;nin bizde \u00e7ok \u00f6zel bir yeri var.\u00a0 Ba\u015fkent \u00dcniversitesi olarak Zile&#8217;de \u00e7e\u015fitli \u00e7al\u0131\u015fmalar\u0131m\u0131z yat\u0131r\u0131mlar\u0131m\u0131z olacak. \u0130lk olarak \u00dcniversitemiz b\u00fcnyesinde kurdu\u011fumuz Tarim Enstit\u00fcs\u00fc uzmanlar\u0131 Zile&#8217;de ara\u015ft\u0131rmalar yap\u0131p, burada [&hellip;]<\/p>\n","protected":false},"author":1,"featured_media":1359,"comment_status":"open","ping_status":"open","sticky":false,"template":"","format":"standard","meta":{"footnotes":""},"categories":[13],"tags":[],"class_list":["post-1357","post","type-post","status-publish","format-standard","has-post-thumbnail","hentry","category-foto-galeri"],"_links":{"self":[{"href":"https:\/\/site.zile.bel.tr\/index.php\/wp-json\/wp\/v2\/posts\/1357","targetHints":{"allow":["GET"]}}],"collection":[{"href":"https:\/\/site.zile.bel.tr\/index.php\/wp-json\/wp\/v2\/posts"}],"about":[{"href":"https:\/\/site.zile.bel.tr\/index.php\/wp-json\/wp\/v2\/types\/post"}],"author":[{"embeddable":true,"href":"https:\/\/site.zile.bel.tr\/index.php\/wp-json\/wp\/v2\/users\/1"}],"replies":[{"embeddable":true,"href":"https:\/\/site.zile.bel.tr\/index.php\/wp-json\/wp\/v2\/comments?post=1357"}],"version-history":[{"count":1,"href":"https:\/\/site.zile.bel.tr\/index.php\/wp-json\/wp\/v2\/posts\/1357\/revisions"}],"predecessor-version":[{"id":1366,"href":"https:\/\/site.zile.bel.tr\/index.php\/wp-json\/wp\/v2\/posts\/1357\/revisions\/1366"}],"wp:featuredmedia":[{"embeddable":true,"href":"https:\/\/site.zile.bel.tr\/index.php\/wp-json\/wp\/v2\/media\/1359"}],"wp:attachment":[{"href":"https:\/\/site.zile.bel.tr\/index.php\/wp-json\/wp\/v2\/media?parent=1357"}],"wp:term":[{"taxonomy":"category","embeddable":true,"href":"https:\/\/site.zile.bel.tr\/index.php\/wp-json\/wp\/v2\/categories?post=1357"},{"taxonomy":"post_tag","embeddable":true,"href":"https:\/\/site.zile.bel.tr\/index.php\/wp-json\/wp\/v2\/tags?post=1357"}],"curies":[{"name":"wp","href":"https:\/\/api.w.org\/{rel}","templated":true}]}}