{"id":155,"date":"2021-02-01T00:02:23","date_gmt":"2021-01-31T21:02:23","guid":{"rendered":"http:\/\/site.zile.bel.tr\/?p=155"},"modified":"2021-02-17T02:03:17","modified_gmt":"2021-02-16T23:03:17","slug":"zile-hoca-ishak-cami","status":"publish","type":"post","link":"https:\/\/site.zile.bel.tr\/index.php\/2021\/02\/01\/zile-hoca-ishak-cami\/","title":{"rendered":"Zile Hoca \u0130shak Cami"},"content":{"rendered":"<p><a href=\"http:\/\/site.zile.bel.tr\/index.php\/2021\/02\/01\/zile-hoca-ishak-cami\/attachment\/23\/\" rel=\"attachment wp-att-942\"><img loading=\"lazy\" decoding=\"async\" class=\"alignnone wp-image-942\" src=\"http:\/\/site.zile.bel.tr\/wp-content\/uploads\/2021\/02\/23-300x225.jpg\" alt=\"\" width=\"826\" height=\"620\" srcset=\"https:\/\/site.zile.bel.tr\/wp-content\/uploads\/2021\/02\/23-300x225.jpg 300w, https:\/\/site.zile.bel.tr\/wp-content\/uploads\/2021\/02\/23-1024x768.jpg 1024w, https:\/\/site.zile.bel.tr\/wp-content\/uploads\/2021\/02\/23-768x576.jpg 768w, https:\/\/site.zile.bel.tr\/wp-content\/uploads\/2021\/02\/23-1536x1152.jpg 1536w, https:\/\/site.zile.bel.tr\/wp-content\/uploads\/2021\/02\/23-2048x1536.jpg 2048w\" sizes=\"auto, (max-width: 826px) 100vw, 826px\" \/><\/a><\/p>\n<table style=\"width: 100%; border-collapse: collapse; background-color: #266da3;\">\n<tbody>\n<tr>\n<td style=\"width: 100%; text-align: center;\"><strong><span style=\"color: #ffffff;\">Genel Bilgi<\/span><\/strong><\/td>\n<\/tr>\n<\/tbody>\n<\/table>\n<p style=\"text-align: justify;\">Zile il\u00e7e merkezinde yer alan cami, giri\u015f kap\u0131s\u0131 \u00fczerinde yer alan kitabesine g\u00f6re Hac\u0131 \u0130smail bin Hac\u0131 Ali taraf\u0131ndan H.880(M.1475-1476) tarihinde in\u015fa ettirilmi\u015ftir. Kitabenin son sat\u0131r\u0131nda Seydi Ali ismiyle kitabeyi yazan ustan\u0131n da ad\u0131 kaydedilmi\u015ftir.\u00a0Do\u011fu-bat\u0131 do\u011frultulu boylamas\u0131na dikd\u00f6rtgen planl\u0131 camiye do\u011fu cephede yer alan kap\u0131yla girilmektedir. Harim, duvar payeleri \u00fczerine at\u0131lm\u0131\u015f geni\u015f bir kemerle iki b\u00f6l\u00fcme ayr\u0131lm\u0131\u015f ve her b\u00f6l\u00fcm\u00fcn \u00fczeri tromp ge\u00e7i\u015fli kubbeyle \u00f6rt\u00fclm\u00fc\u015ft\u00fcr. Sekizgen kasnakl\u0131 kubbeler, d\u0131\u015ftan oluklu kiremitle kaplanm\u0131\u015ft\u0131r. Kuzey cephenin t\u00fcm\u00fcyle sa\u011f\u0131r oldu\u011fu yap\u0131, di\u011fer cephelerde yer alan \u00e7ift s\u0131ra d\u00fczenlenmi\u015f pencerelerle ayd\u0131nlat\u0131lmaktad\u0131r. Kuzeydo\u011fu k\u00f6\u015fede yap\u0131n\u0131n beden duvarlar\u0131 \u00fczerinde silindirik g\u00f6vdeli bir minare y\u00fckselmektedir.\u00a0Moloz ta\u015f ve tu\u011fla alma\u015f\u0131k teknikle in\u015fa edilmi\u015f caminin beden duvarlar\u0131 bug\u00fcn s\u0131vanm\u0131\u015f haldedir. Alt s\u0131ra pencereleri d\u00fczg\u00fcn kesme ta\u015f s\u00f6veli yap\u0131da minarede tu\u011fla kullan\u0131lm\u0131\u015ft\u0131r (G\u00fcndo\u011fdu V.D.2006).<\/p>\n<table style=\"width: 100%; border-collapse: collapse; background-color: #266da3;\">\n<tbody>\n<tr>\n<td style=\"width: 100%; text-align: center;\"><strong><span style=\"color: #ffffff;\">Sanal Gezinti<\/span><\/strong><\/td>\n<\/tr>\n<\/tbody>\n<\/table>\n<p>g\u00fcncelleme yap\u0131l\u0131yor..<\/p>\n<table style=\"width: 100%; border-collapse: collapse; background-color: #266da3;\">\n<tbody>\n<tr>\n<td style=\"width: 100%; text-align: center;\"><span style=\"color: #ffffff;\"><strong>Galeri<\/strong><\/span><\/td>\n<\/tr>\n<\/tbody>\n<\/table>\n\n\t\t<style type=\"text\/css\">\n\t\t\t#gallery-1 {\n\t\t\t\tmargin: auto;\n\t\t\t}\n\t\t\t#gallery-1 .gallery-item {\n\t\t\t\tfloat: left;\n\t\t\t\tmargin-top: 10px;\n\t\t\t\ttext-align: center;\n\t\t\t\twidth: 33%;\n\t\t\t}\n\t\t\t#gallery-1 img {\n\t\t\t\tborder: 2px solid #cfcfcf;\n\t\t\t}\n\t\t\t#gallery-1 .gallery-caption {\n\t\t\t\tmargin-left: 0;\n\t\t\t}\n\t\t\t\/* see gallery_shortcode() in wp-includes\/media.php *\/\n\t\t<\/style>\n\t\t<div id='gallery-1' class='gallery galleryid-155 gallery-columns-3 gallery-size-thumbnail'><dl class='gallery-item'>\n\t\t\t<dt class='gallery-icon landscape'>\n\t\t\t\t<a href='https:\/\/site.zile.bel.tr\/wp-content\/uploads\/2021\/02\/23.jpg'><img loading=\"lazy\" decoding=\"async\" width=\"150\" height=\"150\" src=\"https:\/\/site.zile.bel.tr\/wp-content\/uploads\/2021\/02\/23-150x150.jpg\" class=\"attachment-thumbnail size-thumbnail\" alt=\"\" \/><\/a>\n\t\t\t<\/dt><\/dl>\n\t\t\t<br style='clear: both' \/>\n\t\t<\/div>\n\n<p>&nbsp;<\/p>\n<table style=\"width: 100%; border-collapse: collapse; background-color: #266da3;\">\n<tbody>\n<tr>\n<td style=\"width: 100%; text-align: center;\"><strong><span style=\"color: #ffffff;\">Konumu<\/span><\/strong><\/td>\n<\/tr>\n<\/tbody>\n<\/table>\n<p><iframe loading=\"lazy\" style=\"border: 0;\" tabindex=\"0\" src=\"https:\/\/www.google.com\/maps\/embed?pb=!1m18!1m12!1m3!1d3042.7881135813523!2d35.88224501517423!3d40.30266337937853!2m3!1f0!2f0!3f0!3m2!1i1024!2i768!4f13.1!3m3!1m2!1s0x407dfb0e95dbd00b%3A0xb5152eaa0a5fcc6b!2zSC4gxLBzaGFrIFBhxZ9hIENhbWk!5e0!3m2!1str!2str!4v1613516399658!5m2!1str!2str\" width=\"800\" height=\"450\" frameborder=\"0\" allowfullscreen=\"allowfullscreen\" aria-hidden=\"false\"><\/iframe><\/p>\n","protected":false},"excerpt":{"rendered":"<p>Genel Bilgi Zile il\u00e7e merkezinde yer alan cami, giri\u015f kap\u0131s\u0131 \u00fczerinde yer alan kitabesine g\u00f6re Hac\u0131 \u0130smail bin Hac\u0131 Ali taraf\u0131ndan H.880(M.1475-1476) tarihinde in\u015fa ettirilmi\u015ftir. Kitabenin son sat\u0131r\u0131nda Seydi Ali ismiyle kitabeyi yazan ustan\u0131n da ad\u0131 kaydedilmi\u015ftir.\u00a0Do\u011fu-bat\u0131 do\u011frultulu boylamas\u0131na dikd\u00f6rtgen planl\u0131 camiye do\u011fu cephede yer alan kap\u0131yla girilmektedir. Harim, duvar payeleri \u00fczerine at\u0131lm\u0131\u015f geni\u015f bir [&hellip;]<\/p>\n","protected":false},"author":1,"featured_media":942,"comment_status":"open","ping_status":"open","sticky":false,"template":"","format":"standard","meta":{"footnotes":""},"categories":[16],"tags":[63,62,61,30,27],"class_list":["post-155","post","type-post","status-publish","format-standard","has-post-thumbnail","hentry","category-camiler","tag-cami","tag-hoca","tag-ishak","tag-tokat","tag-zile"],"_links":{"self":[{"href":"https:\/\/site.zile.bel.tr\/index.php\/wp-json\/wp\/v2\/posts\/155","targetHints":{"allow":["GET"]}}],"collection":[{"href":"https:\/\/site.zile.bel.tr\/index.php\/wp-json\/wp\/v2\/posts"}],"about":[{"href":"https:\/\/site.zile.bel.tr\/index.php\/wp-json\/wp\/v2\/types\/post"}],"author":[{"embeddable":true,"href":"https:\/\/site.zile.bel.tr\/index.php\/wp-json\/wp\/v2\/users\/1"}],"replies":[{"embeddable":true,"href":"https:\/\/site.zile.bel.tr\/index.php\/wp-json\/wp\/v2\/comments?post=155"}],"version-history":[{"count":3,"href":"https:\/\/site.zile.bel.tr\/index.php\/wp-json\/wp\/v2\/posts\/155\/revisions"}],"predecessor-version":[{"id":943,"href":"https:\/\/site.zile.bel.tr\/index.php\/wp-json\/wp\/v2\/posts\/155\/revisions\/943"}],"wp:featuredmedia":[{"embeddable":true,"href":"https:\/\/site.zile.bel.tr\/index.php\/wp-json\/wp\/v2\/media\/942"}],"wp:attachment":[{"href":"https:\/\/site.zile.bel.tr\/index.php\/wp-json\/wp\/v2\/media?parent=155"}],"wp:term":[{"taxonomy":"category","embeddable":true,"href":"https:\/\/site.zile.bel.tr\/index.php\/wp-json\/wp\/v2\/categories?post=155"},{"taxonomy":"post_tag","embeddable":true,"href":"https:\/\/site.zile.bel.tr\/index.php\/wp-json\/wp\/v2\/tags?post=155"}],"curies":[{"name":"wp","href":"https:\/\/api.w.org\/{rel}","templated":true}]}}