{"id":1749,"date":"2021-02-26T15:31:50","date_gmt":"2021-02-26T12:31:50","guid":{"rendered":"http:\/\/site.zile.bel.tr\/?p=1749"},"modified":"2021-02-26T15:31:50","modified_gmt":"2021-02-26T12:31:50","slug":"zilede-korona-virus-denetimi","status":"publish","type":"post","link":"https:\/\/site.zile.bel.tr\/index.php\/2021\/02\/26\/zilede-korona-virus-denetimi\/","title":{"rendered":"Zile&#8217;de Korona Vir\u00fcs Denetimi"},"content":{"rendered":"<p>Zile\u2019de kaymakam, belediye ba\u015fkan\u0131 ve emniyet m\u00fcd\u00fcr\u00fcnden korona vir\u00fcs\u00fc denetimi<\/p>\n<p>Zile Belediye Ba\u015fkan\u0131 \u015e\u00fckr\u00fc Sarg\u0131n, Zile \u0130l\u00e7e Kaymakam\u0131 Mehmet Ali Aky\u00fcz ve \u0130l\u00e7e Emniyet M\u00fcd\u00fcr\u00fc Erden Uzun, T\u00fcrkiye genelinde e\u015f zamanl\u0131 olarak ger\u00e7ekle\u015ftirilen korona vir\u00fcs\u00fc denetimleri kapsam\u0131nda sahaya inerek denetime \u00e7\u0131kt\u0131.<\/p>\n<p>Zab\u0131ta, emniyet, jandarma, il\u00e7e tar\u0131m ve il\u00e7e sa\u011fl\u0131k m\u00fcd\u00fcrl\u00fc\u011f\u00fc ekipleri, sabah\u0131n erken saatlerinden itibaren ba\u015flayan denetimlerde; hijyen, maske ve sosyal mesafe kurallar\u0131na ili\u015fkin denetimler yapt\u0131. Denetimlerde vatanda\u015flar, kurallara uyulmas\u0131 konusunda uyar\u0131ld\u0131.<\/p>\n<p>Kaymakam Aky\u00fcz, Belediye Ba\u015fkan\u0131 Sarg\u0131n ve Emniyet M\u00fcd\u00fcr\u00fc Uzun da, esnaflar ve vatanda\u015flarla sosyal mesafe kurallar\u0131na g\u00f6re sohbet ederek, kurallara uyman\u0131n \u00f6nemine dikkat \u00e7ekti.<\/p>\n<p>Zile Belediye Ba\u015fkan\u0131 \u015e\u00fckr\u00fc Sarg\u0131n, &#8220;Bu illeti hep birlikte kurallara riayet ederek yenece\u011fiz&#8221; dedi ve konu\u015fmas\u0131n\u0131 \u015f\u00f6yle s\u00fcrd\u00fcrd\u00fc:<\/p>\n<p>&#8220;Bug\u00fcn vatanda\u015f\u0131m\u0131za konunun \u00f6nemini bir kez daha anlat\u0131p, fark\u0131ndal\u0131k olu\u015fturmaya \u00e7al\u0131\u015ft\u0131k. Her bir vatanda\u015f\u0131m\u0131z\u0131n maske ve sosyal mesafe kurallar\u0131na uymas\u0131n\u0131 istiyoruz; \u00e7\u00fcnk\u00fc bir k\u0131sm\u0131 kurallara uymad\u0131\u011f\u0131 zaman risk ortaya \u00e7\u0131k\u0131yor. Hepimiz tedbirlerimizi en \u00fcst seviyede almaya devam edersek, korona vir\u00fcsle m\u00fccadelede o denli ba\u015far\u0131l\u0131 oluruz.&#8221;<\/p>\n\n\t\t<style type=\"text\/css\">\n\t\t\t#gallery-1 {\n\t\t\t\tmargin: auto;\n\t\t\t}\n\t\t\t#gallery-1 .gallery-item {\n\t\t\t\tfloat: left;\n\t\t\t\tmargin-top: 10px;\n\t\t\t\ttext-align: center;\n\t\t\t\twidth: 33%;\n\t\t\t}\n\t\t\t#gallery-1 img {\n\t\t\t\tborder: 2px solid #cfcfcf;\n\t\t\t}\n\t\t\t#gallery-1 .gallery-caption {\n\t\t\t\tmargin-left: 0;\n\t\t\t}\n\t\t\t\/* see gallery_shortcode() in wp-includes\/media.php *\/\n\t\t<\/style>\n\t\t<div id='gallery-1' class='gallery galleryid-1749 gallery-columns-3 gallery-size-thumbnail'><dl class='gallery-item'>\n\t\t\t<dt class='gallery-icon landscape'>\n\t\t\t\t<a href='https:\/\/site.zile.bel.tr\/wp-content\/uploads\/2021\/02\/1-16.jpg'><img loading=\"lazy\" decoding=\"async\" width=\"150\" height=\"150\" src=\"https:\/\/site.zile.bel.tr\/wp-content\/uploads\/2021\/02\/1-16-150x150.jpg\" class=\"attachment-thumbnail size-thumbnail\" alt=\"\" \/><\/a>\n\t\t\t<\/dt><\/dl><dl class='gallery-item'>\n\t\t\t<dt class='gallery-icon landscape'>\n\t\t\t\t<a href='https:\/\/site.zile.bel.tr\/wp-content\/uploads\/2021\/02\/2-16.jpg'><img loading=\"lazy\" decoding=\"async\" width=\"150\" height=\"150\" src=\"https:\/\/site.zile.bel.tr\/wp-content\/uploads\/2021\/02\/2-16-150x150.jpg\" class=\"attachment-thumbnail size-thumbnail\" alt=\"\" \/><\/a>\n\t\t\t<\/dt><\/dl><dl class='gallery-item'>\n\t\t\t<dt class='gallery-icon landscape'>\n\t\t\t\t<a href='https:\/\/site.zile.bel.tr\/wp-content\/uploads\/2021\/02\/3-12.jpg'><img loading=\"lazy\" decoding=\"async\" width=\"150\" height=\"150\" src=\"https:\/\/site.zile.bel.tr\/wp-content\/uploads\/2021\/02\/3-12-150x150.jpg\" class=\"attachment-thumbnail size-thumbnail\" alt=\"\" \/><\/a>\n\t\t\t<\/dt><\/dl><br style=\"clear: both\" \/><dl class='gallery-item'>\n\t\t\t<dt class='gallery-icon landscape'>\n\t\t\t\t<a href='https:\/\/site.zile.bel.tr\/wp-content\/uploads\/2021\/02\/4-8.jpg'><img loading=\"lazy\" decoding=\"async\" width=\"150\" height=\"150\" src=\"https:\/\/site.zile.bel.tr\/wp-content\/uploads\/2021\/02\/4-8-150x150.jpg\" class=\"attachment-thumbnail size-thumbnail\" alt=\"\" \/><\/a>\n\t\t\t<\/dt><\/dl><dl class='gallery-item'>\n\t\t\t<dt class='gallery-icon landscape'>\n\t\t\t\t<a href='https:\/\/site.zile.bel.tr\/wp-content\/uploads\/2021\/02\/5-5.jpg'><img loading=\"lazy\" decoding=\"async\" width=\"150\" height=\"150\" src=\"https:\/\/site.zile.bel.tr\/wp-content\/uploads\/2021\/02\/5-5-150x150.jpg\" class=\"attachment-thumbnail size-thumbnail\" alt=\"\" \/><\/a>\n\t\t\t<\/dt><\/dl>\n\t\t\t<br style='clear: both' \/>\n\t\t<\/div>\n\n","protected":false},"excerpt":{"rendered":"<p>Zile\u2019de kaymakam, belediye ba\u015fkan\u0131 ve emniyet m\u00fcd\u00fcr\u00fcnden korona vir\u00fcs\u00fc denetimi Zile Belediye Ba\u015fkan\u0131 \u015e\u00fckr\u00fc Sarg\u0131n, Zile \u0130l\u00e7e Kaymakam\u0131 Mehmet Ali Aky\u00fcz ve \u0130l\u00e7e Emniyet M\u00fcd\u00fcr\u00fc Erden Uzun, T\u00fcrkiye genelinde e\u015f zamanl\u0131 olarak ger\u00e7ekle\u015ftirilen korona vir\u00fcs\u00fc denetimleri kapsam\u0131nda sahaya inerek denetime \u00e7\u0131kt\u0131. Zab\u0131ta, emniyet, jandarma, il\u00e7e tar\u0131m ve il\u00e7e sa\u011fl\u0131k m\u00fcd\u00fcrl\u00fc\u011f\u00fc ekipleri, sabah\u0131n erken saatlerinden itibaren [&hellip;]<\/p>\n","protected":false},"author":1,"featured_media":1752,"comment_status":"open","ping_status":"open","sticky":false,"template":"","format":"standard","meta":{"footnotes":""},"categories":[11],"tags":[78,74,79,77,75,76,27],"class_list":["post-1749","post","type-post","status-publish","format-standard","has-post-thumbnail","hentry","category-haberler","tag-belediye-baskani","tag-denetim","tag-emniyet-muduru","tag-kaymakam","tag-korona","tag-virus","tag-zile"],"_links":{"self":[{"href":"https:\/\/site.zile.bel.tr\/index.php\/wp-json\/wp\/v2\/posts\/1749","targetHints":{"allow":["GET"]}}],"collection":[{"href":"https:\/\/site.zile.bel.tr\/index.php\/wp-json\/wp\/v2\/posts"}],"about":[{"href":"https:\/\/site.zile.bel.tr\/index.php\/wp-json\/wp\/v2\/types\/post"}],"author":[{"embeddable":true,"href":"https:\/\/site.zile.bel.tr\/index.php\/wp-json\/wp\/v2\/users\/1"}],"replies":[{"embeddable":true,"href":"https:\/\/site.zile.bel.tr\/index.php\/wp-json\/wp\/v2\/comments?post=1749"}],"version-history":[{"count":1,"href":"https:\/\/site.zile.bel.tr\/index.php\/wp-json\/wp\/v2\/posts\/1749\/revisions"}],"predecessor-version":[{"id":1755,"href":"https:\/\/site.zile.bel.tr\/index.php\/wp-json\/wp\/v2\/posts\/1749\/revisions\/1755"}],"wp:featuredmedia":[{"embeddable":true,"href":"https:\/\/site.zile.bel.tr\/index.php\/wp-json\/wp\/v2\/media\/1752"}],"wp:attachment":[{"href":"https:\/\/site.zile.bel.tr\/index.php\/wp-json\/wp\/v2\/media?parent=1749"}],"wp:term":[{"taxonomy":"category","embeddable":true,"href":"https:\/\/site.zile.bel.tr\/index.php\/wp-json\/wp\/v2\/categories?post=1749"},{"taxonomy":"post_tag","embeddable":true,"href":"https:\/\/site.zile.bel.tr\/index.php\/wp-json\/wp\/v2\/tags?post=1749"}],"curies":[{"name":"wp","href":"https:\/\/api.w.org\/{rel}","templated":true}]}}