{"id":1873,"date":"2021-05-12T12:24:12","date_gmt":"2021-05-12T09:24:12","guid":{"rendered":"http:\/\/site.zile.bel.tr\/?p=1873"},"modified":"2021-05-16T22:42:50","modified_gmt":"2021-05-16T19:42:50","slug":"egitim-projelerini-uygulamaya-aldik-almaya-devam-ediyoruz","status":"publish","type":"post","link":"https:\/\/site.zile.bel.tr\/index.php\/2021\/05\/12\/egitim-projelerini-uygulamaya-aldik-almaya-devam-ediyoruz\/","title":{"rendered":"E\u011fitim Projelerini uygulamaya ald\u0131k, almaya devam ediyoruz"},"content":{"rendered":"<p><strong><a href=\"http:\/\/site.zile.bel.tr\/index.php\/2021\/05\/12\/egitim-projelerini-uygulamaya-aldik-almaya-devam-ediyoruz\/egitim3-975-x-2082\/\" rel=\"attachment wp-att-1976\"><img loading=\"lazy\" decoding=\"async\" class=\"alignnone wp-image-1976\" src=\"http:\/\/site.zile.bel.tr\/wp-content\/uploads\/2021\/05\/egitim3-975-x-2082-480x1024.jpg\" alt=\"\" width=\"800\" height=\"1708\" srcset=\"https:\/\/site.zile.bel.tr\/wp-content\/uploads\/2021\/05\/egitim3-975-x-2082-480x1024.jpg 480w, https:\/\/site.zile.bel.tr\/wp-content\/uploads\/2021\/05\/egitim3-975-x-2082-140x300.jpg 140w, https:\/\/site.zile.bel.tr\/wp-content\/uploads\/2021\/05\/egitim3-975-x-2082-768x1640.jpg 768w, https:\/\/site.zile.bel.tr\/wp-content\/uploads\/2021\/05\/egitim3-975-x-2082-719x1536.jpg 719w, https:\/\/site.zile.bel.tr\/wp-content\/uploads\/2021\/05\/egitim3-975-x-2082-959x2048.jpg 959w, https:\/\/site.zile.bel.tr\/wp-content\/uploads\/2021\/05\/egitim3-975-x-2082.jpg 975w\" sizes=\"auto, (max-width: 800px) 100vw, 800px\" \/><\/a><br \/>\nHer \u015fey akla muhta\u00e7t\u0131r. Ak\u0131l da e\u011fitime<\/strong><\/p>\n<p>Uygulamaya ald\u0131\u011f\u0131m\u0131z e\u011fitim projelerimizle \u00e7al\u0131\u015fanlar\u0131m\u0131z\u0131 ve \u015fehrimizi daha g\u00fczel yar\u0131nlara haz\u0131rl\u0131yoruz. Sa\u011flad\u0131\u011f\u0131m\u0131z e\u011fitimlerle, \u00e7al\u0131\u015fanlar\u0131m\u0131z\u0131n i\u015f ve ya\u015fama sanat\u0131na rehber olmaya \u00e7al\u0131\u015f\u0131yoruz. \u00c7\u00fcnk\u00fc \u00fclkemizin ve \u015fehrimizin gelece\u011finin insanlar\u0131m\u0131z\u0131n g\u00f6rece\u011fi e\u011fitime ba\u011fl\u0131 oldu\u011funa inan\u0131yoruz.<\/p>\n<p>Bununla yetinmedik. Ger\u00e7ekle\u015ftirdi\u011fimiz ve Zile Belediyesi tarihinde bir ilk olan \u201cZile Belediyesi Kurumsal D\u00fczeyde Etkin ve Kat\u0131l\u0131mc\u0131 Stratejik Y\u00f6neti\u015fimin Geli\u015ftirilmesi Projesi kapsam\u0131nda \u00e7al\u0131\u015fanlar\u0131m\u0131z\u0131n gereksinim duydu\u011fu t\u00fcm e\u011fitimler saptanm\u0131\u015ft\u0131r. Bu e\u011fitimlere okullarda ve mahallelerde verece\u011fimiz \u00e7evre konusundaki e\u011fitimleri de ekleyerek, Covid K\u00fcresel Salg\u0131n\u0131n\u0131 da dikkate al\u0131narak, \u00f6n\u00fcm\u00fczdeki d\u00f6nemde \u00f6ncelik s\u0131ras\u0131na g\u00f6re bu e\u011fitimlerin verilmesine ba\u015flanacakt\u0131r.<\/p>\n","protected":false},"excerpt":{"rendered":"<p>Her \u015fey akla muhta\u00e7t\u0131r. Ak\u0131l da e\u011fitime Uygulamaya ald\u0131\u011f\u0131m\u0131z e\u011fitim projelerimizle \u00e7al\u0131\u015fanlar\u0131m\u0131z\u0131 ve \u015fehrimizi daha g\u00fczel yar\u0131nlara haz\u0131rl\u0131yoruz. Sa\u011flad\u0131\u011f\u0131m\u0131z e\u011fitimlerle, \u00e7al\u0131\u015fanlar\u0131m\u0131z\u0131n i\u015f ve ya\u015fama sanat\u0131na rehber olmaya \u00e7al\u0131\u015f\u0131yoruz. \u00c7\u00fcnk\u00fc \u00fclkemizin ve \u015fehrimizin gelece\u011finin insanlar\u0131m\u0131z\u0131n g\u00f6rece\u011fi e\u011fitime ba\u011fl\u0131 oldu\u011funa inan\u0131yoruz. Bununla yetinmedik. Ger\u00e7ekle\u015ftirdi\u011fimiz ve Zile Belediyesi tarihinde bir ilk olan \u201cZile Belediyesi Kurumsal D\u00fczeyde Etkin ve [&hellip;]<\/p>\n","protected":false},"author":1,"featured_media":1978,"comment_status":"open","ping_status":"open","sticky":false,"template":"","format":"standard","meta":{"footnotes":""},"categories":[8],"tags":[82,88,27],"class_list":["post-1873","post","type-post","status-publish","format-standard","has-post-thumbnail","hentry","category-tamamlanan-projeler","tag-belediye","tag-egitim","tag-zile"],"_links":{"self":[{"href":"https:\/\/site.zile.bel.tr\/index.php\/wp-json\/wp\/v2\/posts\/1873","targetHints":{"allow":["GET"]}}],"collection":[{"href":"https:\/\/site.zile.bel.tr\/index.php\/wp-json\/wp\/v2\/posts"}],"about":[{"href":"https:\/\/site.zile.bel.tr\/index.php\/wp-json\/wp\/v2\/types\/post"}],"author":[{"embeddable":true,"href":"https:\/\/site.zile.bel.tr\/index.php\/wp-json\/wp\/v2\/users\/1"}],"replies":[{"embeddable":true,"href":"https:\/\/site.zile.bel.tr\/index.php\/wp-json\/wp\/v2\/comments?post=1873"}],"version-history":[{"count":3,"href":"https:\/\/site.zile.bel.tr\/index.php\/wp-json\/wp\/v2\/posts\/1873\/revisions"}],"predecessor-version":[{"id":1979,"href":"https:\/\/site.zile.bel.tr\/index.php\/wp-json\/wp\/v2\/posts\/1873\/revisions\/1979"}],"wp:featuredmedia":[{"embeddable":true,"href":"https:\/\/site.zile.bel.tr\/index.php\/wp-json\/wp\/v2\/media\/1978"}],"wp:attachment":[{"href":"https:\/\/site.zile.bel.tr\/index.php\/wp-json\/wp\/v2\/media?parent=1873"}],"wp:term":[{"taxonomy":"category","embeddable":true,"href":"https:\/\/site.zile.bel.tr\/index.php\/wp-json\/wp\/v2\/categories?post=1873"},{"taxonomy":"post_tag","embeddable":true,"href":"https:\/\/site.zile.bel.tr\/index.php\/wp-json\/wp\/v2\/tags?post=1873"}],"curies":[{"name":"wp","href":"https:\/\/api.w.org\/{rel}","templated":true}]}}