{"id":1879,"date":"2021-05-12T12:27:09","date_gmt":"2021-05-12T09:27:09","guid":{"rendered":"http:\/\/site.zile.bel.tr\/?p=1879"},"modified":"2021-05-16T21:29:49","modified_gmt":"2021-05-16T18:29:49","slug":"taziye-araci-2","status":"publish","type":"post","link":"https:\/\/site.zile.bel.tr\/index.php\/2021\/05\/12\/taziye-araci-2\/","title":{"rendered":"Taziye arac\u0131"},"content":{"rendered":"<p><a href=\"http:\/\/site.zile.bel.tr\/index.php\/2021\/05\/12\/taziye-araci-2\/taziye-975-x-1001\/\" rel=\"attachment wp-att-1964\"><img loading=\"lazy\" decoding=\"async\" class=\"alignnone wp-image-1964\" src=\"http:\/\/site.zile.bel.tr\/wp-content\/uploads\/2021\/05\/taziye-975-x-1001.jpg\" alt=\"\" width=\"800\" height=\"821\" srcset=\"https:\/\/site.zile.bel.tr\/wp-content\/uploads\/2021\/05\/taziye-975-x-1001.jpg 975w, https:\/\/site.zile.bel.tr\/wp-content\/uploads\/2021\/05\/taziye-975-x-1001-292x300.jpg 292w, https:\/\/site.zile.bel.tr\/wp-content\/uploads\/2021\/05\/taziye-975-x-1001-768x788.jpg 768w\" sizes=\"auto, (max-width: 800px) 100vw, 800px\" \/><\/a><\/p>\n<p><strong>\u201cCan saatini Rahman, ezelde kuruvermi\u015f.<\/strong><\/p>\n<p><strong>Bir g\u00fcn g\u00f6receksin ki, o saat duruvermi\u015f\u201d<\/strong><\/p>\n<p>Vefat eden hem\u015ferimizin yak\u0131nlar\u0131n\u0131 ziyaret edip onlar\u0131 teselli etmek, \u00f6l\u00fcm\u00fcn hakikatini ve hikmete bakan y\u00f6n\u00fcn\u00fc anlamak ve anlatmak g\u00fczel geleneklerimizden birisidir. Bu adab\u0131n taziye evinin \u00f6n\u00fcne kurulan \u00e7ad\u0131rlarda s\u00fcrd\u00fcr\u00fclmesi, iklimsel ko\u015fullardan dolay\u0131 \u00e7ok kullan\u0131\u015fs\u0131z olmaktayd\u0131. Bu d\u00fc\u015f\u00fcnceyle, i\u00e7erisinde her t\u00fcrl\u00fc donan\u0131m\u0131 bulunan bir taziye arac\u0131n\u0131 hibe yoluyla belediyemize kazand\u0131rd\u0131k.<\/p>\n","protected":false},"excerpt":{"rendered":"<p>\u201cCan saatini Rahman, ezelde kuruvermi\u015f. Bir g\u00fcn g\u00f6receksin ki, o saat duruvermi\u015f\u201d Vefat eden hem\u015ferimizin yak\u0131nlar\u0131n\u0131 ziyaret edip onlar\u0131 teselli etmek, \u00f6l\u00fcm\u00fcn hakikatini ve hikmete bakan y\u00f6n\u00fcn\u00fc anlamak ve anlatmak g\u00fczel geleneklerimizden birisidir. Bu adab\u0131n taziye evinin \u00f6n\u00fcne kurulan \u00e7ad\u0131rlarda s\u00fcrd\u00fcr\u00fclmesi, iklimsel ko\u015fullardan dolay\u0131 \u00e7ok kullan\u0131\u015fs\u0131z olmaktayd\u0131. Bu d\u00fc\u015f\u00fcnceyle, i\u00e7erisinde her t\u00fcrl\u00fc donan\u0131m\u0131 bulunan bir [&hellip;]<\/p>\n","protected":false},"author":1,"featured_media":1965,"comment_status":"open","ping_status":"open","sticky":false,"template":"","format":"standard","meta":{"footnotes":""},"categories":[8],"tags":[134,82,133,27],"class_list":["post-1879","post","type-post","status-publish","format-standard","has-post-thumbnail","hentry","category-tamamlanan-projeler","tag-arac","tag-belediye","tag-taziye","tag-zile"],"_links":{"self":[{"href":"https:\/\/site.zile.bel.tr\/index.php\/wp-json\/wp\/v2\/posts\/1879","targetHints":{"allow":["GET"]}}],"collection":[{"href":"https:\/\/site.zile.bel.tr\/index.php\/wp-json\/wp\/v2\/posts"}],"about":[{"href":"https:\/\/site.zile.bel.tr\/index.php\/wp-json\/wp\/v2\/types\/post"}],"author":[{"embeddable":true,"href":"https:\/\/site.zile.bel.tr\/index.php\/wp-json\/wp\/v2\/users\/1"}],"replies":[{"embeddable":true,"href":"https:\/\/site.zile.bel.tr\/index.php\/wp-json\/wp\/v2\/comments?post=1879"}],"version-history":[{"count":3,"href":"https:\/\/site.zile.bel.tr\/index.php\/wp-json\/wp\/v2\/posts\/1879\/revisions"}],"predecessor-version":[{"id":1967,"href":"https:\/\/site.zile.bel.tr\/index.php\/wp-json\/wp\/v2\/posts\/1879\/revisions\/1967"}],"wp:featuredmedia":[{"embeddable":true,"href":"https:\/\/site.zile.bel.tr\/index.php\/wp-json\/wp\/v2\/media\/1965"}],"wp:attachment":[{"href":"https:\/\/site.zile.bel.tr\/index.php\/wp-json\/wp\/v2\/media?parent=1879"}],"wp:term":[{"taxonomy":"category","embeddable":true,"href":"https:\/\/site.zile.bel.tr\/index.php\/wp-json\/wp\/v2\/categories?post=1879"},{"taxonomy":"post_tag","embeddable":true,"href":"https:\/\/site.zile.bel.tr\/index.php\/wp-json\/wp\/v2\/tags?post=1879"}],"curies":[{"name":"wp","href":"https:\/\/api.w.org\/{rel}","templated":true}]}}