{"id":1901,"date":"2021-05-12T12:32:43","date_gmt":"2021-05-12T09:32:43","guid":{"rendered":"http:\/\/site.zile.bel.tr\/?p=1901"},"modified":"2024-01-24T13:25:40","modified_gmt":"2024-01-24T10:25:40","slug":"zilenin-parlayan-yildizi-ges","status":"publish","type":"post","link":"https:\/\/site.zile.bel.tr\/index.php\/2021\/05\/12\/zilenin-parlayan-yildizi-ges\/","title":{"rendered":"Zile\u2019nin parlayan y\u0131ld\u0131z\u0131 GES"},"content":{"rendered":"<p><a href=\"http:\/\/site.zile.bel.tr\/index.php\/2021\/05\/12\/zilenin-parlayan-yildizi-ges\/ges-975-x-2082\/\" rel=\"attachment wp-att-1922\"><img loading=\"lazy\" decoding=\"async\" class=\"alignnone wp-image-1922\" src=\"http:\/\/site.zile.bel.tr\/wp-content\/uploads\/2021\/05\/ges-975-x-2082-480x1024.jpg\" alt=\"\" width=\"800\" height=\"1708\" srcset=\"https:\/\/site.zile.bel.tr\/wp-content\/uploads\/2021\/05\/ges-975-x-2082-480x1024.jpg 480w, https:\/\/site.zile.bel.tr\/wp-content\/uploads\/2021\/05\/ges-975-x-2082-140x300.jpg 140w, https:\/\/site.zile.bel.tr\/wp-content\/uploads\/2021\/05\/ges-975-x-2082-768x1640.jpg 768w, https:\/\/site.zile.bel.tr\/wp-content\/uploads\/2021\/05\/ges-975-x-2082-719x1536.jpg 719w, https:\/\/site.zile.bel.tr\/wp-content\/uploads\/2021\/05\/ges-975-x-2082-959x2048.jpg 959w, https:\/\/site.zile.bel.tr\/wp-content\/uploads\/2021\/05\/ges-975-x-2082.jpg 975w\" sizes=\"auto, (max-width: 800px) 100vw, 800px\" \/><\/a><\/p>\n<p>Elektri\u011fimizi kendimiz \u00fcretecek<\/p>\n<p>Elektrik maliyetini s\u0131f\u0131rlayacak<\/p>\n<p>Elektrik satarak belediyeye gelir sa\u011flayaca\u011f\u0131z<\/p>\n<p>Belediyemizin en \u00f6nemli giderlerinden birisi elektrik maliyetleridir. Belediyemiz GES Projesi kapsam\u0131nda g\u00fcne\u015f enerji santrali kurarak, y\u00fckl\u00fc elektrik giderlerinden kurtulacak, t\u00fcketti\u011fimiz elektri\u011fi kendimiz kar\u015f\u0131layacak, \u00fcretti\u011fimiz elektrik fazlas\u0131n\u0131 da devlete satacakt\u0131r.<\/p>\n<p>&nbsp;<\/p>\n","protected":false},"excerpt":{"rendered":"<p>Elektri\u011fimizi kendimiz \u00fcretecek Elektrik maliyetini s\u0131f\u0131rlayacak Elektrik satarak belediyeye gelir sa\u011flayaca\u011f\u0131z Belediyemizin en \u00f6nemli giderlerinden birisi elektrik maliyetleridir. Belediyemiz GES Projesi kapsam\u0131nda g\u00fcne\u015f enerji santrali kurarak, y\u00fckl\u00fc elektrik giderlerinden kurtulacak, t\u00fcketti\u011fimiz elektri\u011fi kendimiz kar\u015f\u0131layacak, \u00fcretti\u011fimiz elektrik fazlas\u0131n\u0131 da devlete satacakt\u0131r. &nbsp;<\/p>\n","protected":false},"author":1,"featured_media":1920,"comment_status":"open","ping_status":"open","sticky":false,"template":"","format":"standard","meta":{"footnotes":""},"categories":[8],"tags":[82,108,103,27],"class_list":["post-1901","post","type-post","status-publish","format-standard","has-post-thumbnail","hentry","category-tamamlanan-projeler","tag-belediye","tag-ges","tag-proje","tag-zile"],"_links":{"self":[{"href":"https:\/\/site.zile.bel.tr\/index.php\/wp-json\/wp\/v2\/posts\/1901","targetHints":{"allow":["GET"]}}],"collection":[{"href":"https:\/\/site.zile.bel.tr\/index.php\/wp-json\/wp\/v2\/posts"}],"about":[{"href":"https:\/\/site.zile.bel.tr\/index.php\/wp-json\/wp\/v2\/types\/post"}],"author":[{"embeddable":true,"href":"https:\/\/site.zile.bel.tr\/index.php\/wp-json\/wp\/v2\/users\/1"}],"replies":[{"embeddable":true,"href":"https:\/\/site.zile.bel.tr\/index.php\/wp-json\/wp\/v2\/comments?post=1901"}],"version-history":[{"count":4,"href":"https:\/\/site.zile.bel.tr\/index.php\/wp-json\/wp\/v2\/posts\/1901\/revisions"}],"predecessor-version":[{"id":6796,"href":"https:\/\/site.zile.bel.tr\/index.php\/wp-json\/wp\/v2\/posts\/1901\/revisions\/6796"}],"wp:featuredmedia":[{"embeddable":true,"href":"https:\/\/site.zile.bel.tr\/index.php\/wp-json\/wp\/v2\/media\/1920"}],"wp:attachment":[{"href":"https:\/\/site.zile.bel.tr\/index.php\/wp-json\/wp\/v2\/media?parent=1901"}],"wp:term":[{"taxonomy":"category","embeddable":true,"href":"https:\/\/site.zile.bel.tr\/index.php\/wp-json\/wp\/v2\/categories?post=1901"},{"taxonomy":"post_tag","embeddable":true,"href":"https:\/\/site.zile.bel.tr\/index.php\/wp-json\/wp\/v2\/tags?post=1901"}],"curies":[{"name":"wp","href":"https:\/\/api.w.org\/{rel}","templated":true}]}}