{"id":1903,"date":"2021-05-12T12:33:08","date_gmt":"2021-05-12T09:33:08","guid":{"rendered":"http:\/\/site.zile.bel.tr\/?p=1903"},"modified":"2024-01-24T13:25:15","modified_gmt":"2024-01-24T10:25:15","slug":"kadinlarimizin-uretimlerini-ekonomiye-kazandiriyoruz","status":"publish","type":"post","link":"https:\/\/site.zile.bel.tr\/index.php\/2021\/05\/12\/kadinlarimizin-uretimlerini-ekonomiye-kazandiriyoruz\/","title":{"rendered":"Kad\u0131nlar\u0131m\u0131z\u0131n \u00fcretimlerini ekonomiye kazand\u0131r\u0131yoruz"},"content":{"rendered":"<p><a href=\"http:\/\/site.zile.bel.tr\/index.php\/2021\/05\/12\/kadinlarimizin-uretimlerini-ekonomiye-kazandiriyoruz\/attachment\/12323123\/\" rel=\"attachment wp-att-1917\"><img loading=\"lazy\" decoding=\"async\" class=\"alignnone wp-image-1917\" src=\"http:\/\/site.zile.bel.tr\/wp-content\/uploads\/2021\/05\/12323123.jpg\" alt=\"\" width=\"800\" height=\"600\" srcset=\"https:\/\/site.zile.bel.tr\/wp-content\/uploads\/2021\/05\/12323123.jpg 1024w, https:\/\/site.zile.bel.tr\/wp-content\/uploads\/2021\/05\/12323123-300x225.jpg 300w, https:\/\/site.zile.bel.tr\/wp-content\/uploads\/2021\/05\/12323123-768x576.jpg 768w\" sizes=\"auto, (max-width: 800px) 100vw, 800px\" \/><\/a><br \/>\nZileli han\u0131mlar\u0131n \u00fcrettikleri el eme\u011fi g\u00f6z nuru \u00fcr\u00fcnlerinin sat\u0131\u015f\u0131n\u0131 yapabilecekleri pazarlar olu\u015fturarak, \u00fcretimlerini ekonomiye kazand\u0131rmaya ve aile b\u00fct\u00e7elerine katk\u0131da bulunmaya \u00e7al\u0131\u015f\u0131yoruz. \u00d6n\u00fcm\u00fczdeki d\u00f6nemde bu \u00e7al\u0131\u015fmalar\u0131m\u0131z \u00e7e\u015fitlendirerek dijital \u00e7a\u011fa uygun hale getirilecektir.<\/p>\n","protected":false},"excerpt":{"rendered":"<p>Zileli han\u0131mlar\u0131n \u00fcrettikleri el eme\u011fi g\u00f6z nuru \u00fcr\u00fcnlerinin sat\u0131\u015f\u0131n\u0131 yapabilecekleri pazarlar olu\u015fturarak, \u00fcretimlerini ekonomiye kazand\u0131rmaya ve aile b\u00fct\u00e7elerine katk\u0131da bulunmaya \u00e7al\u0131\u015f\u0131yoruz. \u00d6n\u00fcm\u00fczdeki d\u00f6nemde bu \u00e7al\u0131\u015fmalar\u0131m\u0131z \u00e7e\u015fitlendirerek dijital \u00e7a\u011fa uygun hale getirilecektir.<\/p>\n","protected":false},"author":1,"featured_media":1917,"comment_status":"open","ping_status":"open","sticky":false,"template":"","format":"standard","meta":{"footnotes":""},"categories":[8],"tags":[107,106,30,27],"class_list":["post-1903","post","type-post","status-publish","format-standard","has-post-thumbnail","hentry","category-tamamlanan-projeler","tag-girisim","tag-kadin","tag-tokat","tag-zile"],"_links":{"self":[{"href":"https:\/\/site.zile.bel.tr\/index.php\/wp-json\/wp\/v2\/posts\/1903","targetHints":{"allow":["GET"]}}],"collection":[{"href":"https:\/\/site.zile.bel.tr\/index.php\/wp-json\/wp\/v2\/posts"}],"about":[{"href":"https:\/\/site.zile.bel.tr\/index.php\/wp-json\/wp\/v2\/types\/post"}],"author":[{"embeddable":true,"href":"https:\/\/site.zile.bel.tr\/index.php\/wp-json\/wp\/v2\/users\/1"}],"replies":[{"embeddable":true,"href":"https:\/\/site.zile.bel.tr\/index.php\/wp-json\/wp\/v2\/comments?post=1903"}],"version-history":[{"count":3,"href":"https:\/\/site.zile.bel.tr\/index.php\/wp-json\/wp\/v2\/posts\/1903\/revisions"}],"predecessor-version":[{"id":1919,"href":"https:\/\/site.zile.bel.tr\/index.php\/wp-json\/wp\/v2\/posts\/1903\/revisions\/1919"}],"wp:featuredmedia":[{"embeddable":true,"href":"https:\/\/site.zile.bel.tr\/index.php\/wp-json\/wp\/v2\/media\/1917"}],"wp:attachment":[{"href":"https:\/\/site.zile.bel.tr\/index.php\/wp-json\/wp\/v2\/media?parent=1903"}],"wp:term":[{"taxonomy":"category","embeddable":true,"href":"https:\/\/site.zile.bel.tr\/index.php\/wp-json\/wp\/v2\/categories?post=1903"},{"taxonomy":"post_tag","embeddable":true,"href":"https:\/\/site.zile.bel.tr\/index.php\/wp-json\/wp\/v2\/tags?post=1903"}],"curies":[{"name":"wp","href":"https:\/\/api.w.org\/{rel}","templated":true}]}}