{"id":2140,"date":"2021-05-24T15:05:58","date_gmt":"2021-05-24T12:05:58","guid":{"rendered":"http:\/\/site.zile.bel.tr\/?p=2140"},"modified":"2021-05-24T15:05:59","modified_gmt":"2021-05-24T12:05:59","slug":"tokatta-bir-ilk-zile-kultur-turizm-envanteri","status":"publish","type":"post","link":"https:\/\/site.zile.bel.tr\/index.php\/2021\/05\/24\/tokatta-bir-ilk-zile-kultur-turizm-envanteri\/","title":{"rendered":"Tokat\u2019ta bir ilk; Zile K\u00fclt\u00fcr Turizm Envanteri"},"content":{"rendered":"<p><a href=\"http:\/\/site.zile.bel.tr\/index.php\/2021\/05\/24\/tokatta-bir-ilk-zile-kultur-turizm-envanteri\/zileturizm-1188-x-990\/\" rel=\"attachment wp-att-2141\"><img loading=\"lazy\" decoding=\"async\" class=\"alignnone wp-image-2141\" src=\"http:\/\/site.zile.bel.tr\/wp-content\/uploads\/2021\/05\/zileturizm-1188-x-990-1024x853.jpg\" alt=\"\" width=\"800\" height=\"667\" srcset=\"https:\/\/site.zile.bel.tr\/wp-content\/uploads\/2021\/05\/zileturizm-1188-x-990-1024x853.jpg 1024w, https:\/\/site.zile.bel.tr\/wp-content\/uploads\/2021\/05\/zileturizm-1188-x-990-300x250.jpg 300w, https:\/\/site.zile.bel.tr\/wp-content\/uploads\/2021\/05\/zileturizm-1188-x-990-768x640.jpg 768w, https:\/\/site.zile.bel.tr\/wp-content\/uploads\/2021\/05\/zileturizm-1188-x-990.jpg 1188w\" sizes=\"auto, (max-width: 800px) 100vw, 800px\" \/><\/a><br \/>\nTokat\u2019ta bir ilk; Zile K\u00fclt\u00fcr Turizm Envanteri<\/p>\n<p>Zile ve y\u00f6resinin turizm kaynaklar\u0131n\u0131n, gizilinin (potansiyelinin) ve turizm ad\u0131na ekonomik de\u011fer yaratabilecek somut ya da somut olmayan k\u00fclt\u00fcrel miras\u0131n g\u00f6sterildi\u011fi bir \u00e7al\u0131\u015fma olan \u201cZile K\u00fclt\u00fcr ve Turizm Envanteri\u201d Belediyemiz taraf\u0131ndan, dan\u0131\u015fman rehberli\u011finde ve belediyemiz Bas\u0131n Yay\u0131n ve Halkla \u0130li\u015fkiler Birimince ve 1.200 Lira gibi k\u00fc\u00e7\u00fck bir b\u00fct\u00e7eyle haz\u0131rlanm\u0131\u015ft\u0131r.<\/p>\n<p>Tokat\u2019ta bir ilk olan, \u201cZile K\u00fclt\u00fcr ve Turizm Envanteri\u201d nde bu kaynaklar\u0131n kapsaml\u0131 bir incelemesi ger\u00e7ekle\u015ftirilmi\u015f, ilgilenenlere ve yat\u0131r\u0131mc\u0131lara geni\u015f bir yol g\u00f6sterici \u00e7er\u00e7evede olu\u015fturulmaya \u00e7al\u0131\u015f\u0131lm\u0131\u015ft\u0131r.<\/p>\n<p>S\u00f6z konusu \u201cZile K\u00fclt\u00fcr ve Turizm Envanteri\u201d Zile\u2019deki, tarihsel, k\u00fclt\u00fcrel, kentsel, jeolojik miras\u0131n, do\u011fal g\u00fczelliklerin ve turistik de\u011ferlerin korunmas\u0131, geli\u015ftirilmesi, de\u011ferlendirilmesi ve ya\u015fant\u0131m\u0131zla b\u00fct\u00fcnle\u015ftirilmesi hedefine d\u00f6n\u00fck olarak haz\u0131rlanm\u0131\u015ft\u0131r.<\/p>\n<p>\u201cZile K\u00fclt\u00fcr ve Turizm Envanteri \u201dnin haz\u0131rlanmas\u0131n\u0131n ama\u00e7lar\u0131ndan birisi; Zile hakk\u0131nda bilgiler vererek, bu de\u011ferlerin ya\u015fat\u0131lmas\u0131 i\u00e7in kamuoyunun dikkatini \u00e7ekme, bu emanetleri koruma ve geli\u015ftirme suretiyle, gelecek nesillere aktarma ve toplumsal sorumluluk (aidiyet) olu\u015fturmakt\u0131r.<\/p>\n<p>Ama\u00e7lar\u0131ndan bir di\u011feri ise, envanterde yer alan de\u011fer \u00fczerinde, ilgili kamu kurum ve kurulu\u015flar\u0131, yerel y\u00f6netimler ve turizm sekt\u00f6r\u00fcnde yer alan kurulu\u015flarla birlikte gerekli yat\u0131r\u0131m, tan\u0131t\u0131m ve pazarlama \u00e7al\u0131\u015fmalar\u0131 yap\u0131larak, Zile turizminin geli\u015fmesini sa\u011flayacak potansiyele sahip oldu\u011funun ortaya konulmas\u0131d\u0131r.<\/p>\n<p>Bu ba\u011flamda haz\u0131rlanan \u201cZile K\u00fclt\u00fcr ve Turizm Envanteri\u201d Zile\u2019nin sa\u011fl\u0131kl\u0131 bir turizm politikas\u0131 \u00fcretilebilmesi i\u00e7in, Zile Y\u00f6resinin genel hatlar\u0131n\u0131n tan\u0131mlanmas\u0131 ve belirli girdilerinin turizm sekt\u00f6r\u00fcne y\u00f6nelik de\u011ferlendirilmesi amac\u0131n\u0131 ta\u015f\u0131maktad\u0131r.<\/p>\n<p>\u201cZile K\u00fclt\u00fcr ve Turizm Envanteri\u201d, Zile\u2019nin co\u011frafyas\u0131ndan ekonomik yap\u0131s\u0131na, tarihi geli\u015fimine, k\u00fclt\u00fcrel varl\u0131klar\u0131ndan, halk k\u00fclt\u00fcr\u00fcne, turizm de\u011ferlerinden, sosyal-ekonomik yap\u0131s\u0131na kadar il\u00e7enin her alan\u0131na ait bilgileri i\u00e7eren bir envanterdir.<\/p>\n<p>\u201cZile K\u00fclt\u00fcr ve Turizm Envanteri Projesi\u201d olduk\u00e7a geni\u015f kapsaml\u0131 bir \u00e7al\u0131\u015fmad\u0131r. Zile\u2019nin tarihi, k\u00fclt\u00fcrel, turistik de\u011ferlerin tamam\u0131n\u0131 top yek\u00fbn ele alan yakla\u015f\u0131m\u0131 gerektirdi\u011finden, proje \u00e7er\u00e7evesinde il\u00e7enin kar\u0131\u015f kar\u0131\u015f incelenmesi gerekmektedir. S\u00f6z konusu Zile K\u00fclt\u00fcr ve Turizm Envanteri alt yap\u0131s\u0131 haz\u0131rlan\u0131rken, b\u00f6lge ile ilgili birikimlerimizden ve TUDER ad\u0131na yap\u0131lan saha \u00e7al\u0131\u015fmalar\u0131ndan yararlan\u0131lm\u0131\u015ft\u0131r. Buna ra\u011fmen, yine de haz\u0131rlanan envanter sitesinin her zaman g\u00fcncellenmeye ve vatanda\u015flar\u0131m\u0131z taraf\u0131ndan gelecek bilgilerle geli\u015ftirilmeye a\u00e7\u0131k oldu\u011fu sitede \u00f6zellikle belirtilmi\u015ftir.<\/p>\n<p>\u201cZile K\u00fclt\u00fcr Turizm Envanteri\u201d, Zile Y\u00f6resinde i\u00e7inde, hi\u00e7bir se\u00e7ici ay\u0131klama olmadan, her d\u00f6neme, her k\u00fclt\u00fcre ait, \u00f6nemli ya da \u00f6nemsiz ayr\u0131m\u0131 yap\u0131lmaks\u0131z\u0131n her t\u00fcrl\u00fc kal\u0131nt\u0131 ve bilginin belgelenmesidir. Bu tan\u0131mdan hareketle Zile K\u00fclt\u00fcr ve Turizm Envanteri haz\u0131rlan\u0131rken il\u00e7edeki k\u00fclt\u00fcrel varl\u0131klar\u0131n hemen hemen t\u00fcm\u00fcn\u00fcn belgelenmesi ama\u00e7lanm\u0131\u015ft\u0131r.<\/p>\n<p>Zile\u2019nin turizm sekt\u00f6r\u00fcndeki pay\u0131n\u0131n art\u0131r\u0131lmas\u0131 ve kentteki k\u00fclt\u00fcrel ve turistik de\u011ferlerin gelecek nesillere sa\u011fl\u0131kl\u0131 bir \u015fekilde aktar\u0131lmas\u0131 ve yat\u0131r\u0131mc\u0131lara yol g\u00f6sterici olmas\u0131 amac\u0131yla haz\u0131rlanan Zile K\u00fclt\u00fcr ve Turizm Envanteri Projesi\u2019nin i\u00e7eri\u011finin hangi ba\u015fl\u0131klardan olu\u015faca\u011f\u0131 \u201cNedir, Ne De\u011fildir\u201d\u00a0 sekmesinde g\u00f6sterilmi\u015ftir.<\/p>\n","protected":false},"excerpt":{"rendered":"<p>Tokat\u2019ta bir ilk; Zile K\u00fclt\u00fcr Turizm Envanteri Zile ve y\u00f6resinin turizm kaynaklar\u0131n\u0131n, gizilinin (potansiyelinin) ve turizm ad\u0131na ekonomik de\u011fer yaratabilecek somut ya da somut olmayan k\u00fclt\u00fcrel miras\u0131n g\u00f6sterildi\u011fi bir \u00e7al\u0131\u015fma olan \u201cZile K\u00fclt\u00fcr ve Turizm Envanteri\u201d Belediyemiz taraf\u0131ndan, dan\u0131\u015fman rehberli\u011finde ve belediyemiz Bas\u0131n Yay\u0131n ve Halkla \u0130li\u015fkiler Birimince ve 1.200 Lira gibi k\u00fc\u00e7\u00fck bir b\u00fct\u00e7eyle [&hellip;]<\/p>\n","protected":false},"author":1,"featured_media":2141,"comment_status":"open","ping_status":"open","sticky":false,"template":"","format":"standard","meta":{"footnotes":""},"categories":[11],"tags":[161,163,137,162,30,143,27],"class_list":["post-2140","post","type-post","status-publish","format-standard","has-post-thumbnail","hentry","category-haberler","tag-envanter","tag-gezi","tag-kultur","tag-rota","tag-tokat","tag-turizm","tag-zile"],"_links":{"self":[{"href":"https:\/\/site.zile.bel.tr\/index.php\/wp-json\/wp\/v2\/posts\/2140","targetHints":{"allow":["GET"]}}],"collection":[{"href":"https:\/\/site.zile.bel.tr\/index.php\/wp-json\/wp\/v2\/posts"}],"about":[{"href":"https:\/\/site.zile.bel.tr\/index.php\/wp-json\/wp\/v2\/types\/post"}],"author":[{"embeddable":true,"href":"https:\/\/site.zile.bel.tr\/index.php\/wp-json\/wp\/v2\/users\/1"}],"replies":[{"embeddable":true,"href":"https:\/\/site.zile.bel.tr\/index.php\/wp-json\/wp\/v2\/comments?post=2140"}],"version-history":[{"count":2,"href":"https:\/\/site.zile.bel.tr\/index.php\/wp-json\/wp\/v2\/posts\/2140\/revisions"}],"predecessor-version":[{"id":2143,"href":"https:\/\/site.zile.bel.tr\/index.php\/wp-json\/wp\/v2\/posts\/2140\/revisions\/2143"}],"wp:featuredmedia":[{"embeddable":true,"href":"https:\/\/site.zile.bel.tr\/index.php\/wp-json\/wp\/v2\/media\/2141"}],"wp:attachment":[{"href":"https:\/\/site.zile.bel.tr\/index.php\/wp-json\/wp\/v2\/media?parent=2140"}],"wp:term":[{"taxonomy":"category","embeddable":true,"href":"https:\/\/site.zile.bel.tr\/index.php\/wp-json\/wp\/v2\/categories?post=2140"},{"taxonomy":"post_tag","embeddable":true,"href":"https:\/\/site.zile.bel.tr\/index.php\/wp-json\/wp\/v2\/tags?post=2140"}],"curies":[{"name":"wp","href":"https:\/\/api.w.org\/{rel}","templated":true}]}}