{"id":2189,"date":"2021-05-28T10:38:54","date_gmt":"2021-05-28T07:38:54","guid":{"rendered":"http:\/\/site.zile.bel.tr\/?p=2189"},"modified":"2021-05-28T10:39:14","modified_gmt":"2021-05-28T07:39:14","slug":"2189","status":"publish","type":"post","link":"https:\/\/site.zile.bel.tr\/index.php\/2021\/05\/28\/2189\/","title":{"rendered":"\u00a0Halkla G\u00f6n\u00fcl G\u00f6n\u00fcle"},"content":{"rendered":"<p><strong>\u00a0<\/strong><strong>Halkla G\u00f6n\u00fcl G\u00f6n\u00fcle<\/strong><\/p>\n<p><strong>Belediye Ba\u015fkan\u0131 \u015e\u00fckr\u00fc Sarg\u0131n Zilelilerle aras\u0131nda kurdu\u011fu ileti\u015fim koridorunu geni\u015fletmeye devam ediyor.<\/strong><\/p>\n<p>Ba\u015fkan Sarg\u0131n, vatanda\u015fla el ele-g\u00f6n\u00fcl g\u00f6n\u00fcle slogan\u0131yla geni\u015fletmeye devam ettirdi\u011fi ileti\u015fim koridoru \u00e7er\u00e7evesinde Zileli vatanda\u015flar\u0131mla isti\u015fareye devam ediyor.<\/p>\n<p><strong>Ba\u015fkan Sarg\u0131n, gezilerinde mahalle sakinleriyle ve vatanda\u015flarla konu\u015fuyor, onlar\u0131 dinleyip \u015fehirleriyle ilgili sorunlar\u0131n\u0131, talepleri dinliyor ve \u00e7\u00f6z\u00fcme kavu\u015fturmaya \u00e7al\u0131\u015f\u0131yor,<\/strong><\/p>\n<p><strong>Ba\u015fkan Sarg\u0131n ger\u00e7ekle\u015ftirdi\u011fi mahalle gezilerinde vatanda\u015flarla sohbet ediyor,\u00a0 Zile Belediyesi\u2019nin hedeflerini ve yeni vizyonunu halkla payla\u015f\u0131yor, bug\u00fcne kadar yapm\u0131\u015f olduklar\u0131n\u0131 ve yapacaklar\u0131n\u0131 anlat\u0131yor.<\/strong><\/p>\n<p><strong>Halk\u0131m\u0131z bize g\u00fcvenmeye devam etsin<\/strong><\/p>\n<p>Ba\u015fkan \u015e\u00fckr\u00fc Sarg\u0131n, \u00a0halkla ileti\u015fimi \u00e7ok \u00f6nemli g\u00f6rd\u00fc\u011f\u00fcn\u00fc belirterek, \u201cG\u00f6reve geldi\u011fimiz g\u00fcnden bu yana bu ileti\u015fimi sa\u011fl\u0131kl\u0131 bir \u015fekilde s\u00fcrd\u00fcrmeye \u00e7al\u0131\u015f\u0131yoruz. Hem\u015ferilerimizin, Zile\u2019de ya\u015fayanlar\u0131n sorunlar\u0131n\u0131 ve \u00f6nerilerini dinleyerek, bunlar\u0131 \u015fehrin geli\u015ftirilmesinde kullanmaya \u00e7al\u0131\u015f\u0131yoruz. Bu geziler bize hangi yararl\u0131 hizmetleri yapaca\u011f\u0131m\u0131za dair bir bilgi de olu\u015fturuyorlar. Halk\u0131m\u0131z bize g\u00fcvenmeye devam etsin.\u201d dedi<\/p>\n<p>Ba\u015fkan Sarg\u0131n gezilerinde kad\u0131n ve gen\u00e7leri de ihmal etmiyor, onlarla sohbet ediyor. Ba\u015fkan Sarg\u0131n, kad\u0131nlarla ve gen\u00e7lerle sohbet etmeyi \u00e7ok \u00f6nemli g\u00f6rd\u00fc\u011f\u00fcn\u00fc belirterek, \u201cOnlara ne kadar de\u011ferli ve \u00f6nemli olduklar\u0131 hissini a\u015f\u0131lamaya \u00e7al\u0131\u015f\u0131yorum. Onlar Zile\u2019nin ve elbette \u00fclkemizin gelece\u011fi. Gen\u00e7lerimizin burada sa\u011fl\u0131kl\u0131 bir ruh yap\u0131s\u0131, sevgi ve \u015fefkat ortam\u0131nda b\u00fcy\u00fcmelerini \u00f6nemsiyorum\u201d dedi.<\/p>\n\n\t\t<style type=\"text\/css\">\n\t\t\t#gallery-1 {\n\t\t\t\tmargin: auto;\n\t\t\t}\n\t\t\t#gallery-1 .gallery-item {\n\t\t\t\tfloat: left;\n\t\t\t\tmargin-top: 10px;\n\t\t\t\ttext-align: center;\n\t\t\t\twidth: 33%;\n\t\t\t}\n\t\t\t#gallery-1 img {\n\t\t\t\tborder: 2px solid #cfcfcf;\n\t\t\t}\n\t\t\t#gallery-1 .gallery-caption {\n\t\t\t\tmargin-left: 0;\n\t\t\t}\n\t\t\t\/* see gallery_shortcode() in wp-includes\/media.php *\/\n\t\t<\/style>\n\t\t<div id='gallery-1' class='gallery galleryid-2189 gallery-columns-3 gallery-size-thumbnail'><dl class='gallery-item'>\n\t\t\t<dt class='gallery-icon landscape'>\n\t\t\t\t<a href='https:\/\/site.zile.bel.tr\/wp-content\/uploads\/2021\/05\/1-4-scaled.jpg'><img loading=\"lazy\" decoding=\"async\" width=\"150\" height=\"150\" src=\"https:\/\/site.zile.bel.tr\/wp-content\/uploads\/2021\/05\/1-4-150x150.jpg\" class=\"attachment-thumbnail size-thumbnail\" alt=\"\" \/><\/a>\n\t\t\t<\/dt><\/dl><dl class='gallery-item'>\n\t\t\t<dt class='gallery-icon landscape'>\n\t\t\t\t<a href='https:\/\/site.zile.bel.tr\/wp-content\/uploads\/2021\/05\/2-4-scaled.jpg'><img loading=\"lazy\" decoding=\"async\" width=\"150\" height=\"150\" src=\"https:\/\/site.zile.bel.tr\/wp-content\/uploads\/2021\/05\/2-4-150x150.jpg\" class=\"attachment-thumbnail size-thumbnail\" alt=\"\" \/><\/a>\n\t\t\t<\/dt><\/dl><dl class='gallery-item'>\n\t\t\t<dt class='gallery-icon landscape'>\n\t\t\t\t<a href='https:\/\/site.zile.bel.tr\/wp-content\/uploads\/2021\/05\/3-4-scaled.jpg'><img loading=\"lazy\" decoding=\"async\" width=\"150\" height=\"150\" src=\"https:\/\/site.zile.bel.tr\/wp-content\/uploads\/2021\/05\/3-4-150x150.jpg\" class=\"attachment-thumbnail size-thumbnail\" alt=\"\" \/><\/a>\n\t\t\t<\/dt><\/dl><br style=\"clear: both\" \/><dl class='gallery-item'>\n\t\t\t<dt class='gallery-icon landscape'>\n\t\t\t\t<a href='https:\/\/site.zile.bel.tr\/wp-content\/uploads\/2021\/05\/4-3-scaled.jpg'><img loading=\"lazy\" decoding=\"async\" width=\"150\" height=\"150\" src=\"https:\/\/site.zile.bel.tr\/wp-content\/uploads\/2021\/05\/4-3-150x150.jpg\" class=\"attachment-thumbnail size-thumbnail\" alt=\"\" \/><\/a>\n\t\t\t<\/dt><\/dl>\n\t\t\t<br style='clear: both' \/>\n\t\t<\/div>\n\n<p>&nbsp;<\/p>\n","protected":false},"excerpt":{"rendered":"<p>\u00a0Halkla G\u00f6n\u00fcl G\u00f6n\u00fcle Belediye Ba\u015fkan\u0131 \u015e\u00fckr\u00fc Sarg\u0131n Zilelilerle aras\u0131nda kurdu\u011fu ileti\u015fim koridorunu geni\u015fletmeye devam ediyor. Ba\u015fkan Sarg\u0131n, vatanda\u015fla el ele-g\u00f6n\u00fcl g\u00f6n\u00fcle slogan\u0131yla geni\u015fletmeye devam ettirdi\u011fi ileti\u015fim koridoru \u00e7er\u00e7evesinde Zileli vatanda\u015flar\u0131mla isti\u015fareye devam ediyor. Ba\u015fkan Sarg\u0131n, gezilerinde mahalle sakinleriyle ve vatanda\u015flarla konu\u015fuyor, onlar\u0131 dinleyip \u015fehirleriyle ilgili sorunlar\u0131n\u0131, talepleri dinliyor ve \u00e7\u00f6z\u00fcme kavu\u015fturmaya \u00e7al\u0131\u015f\u0131yor, Ba\u015fkan Sarg\u0131n ger\u00e7ekle\u015ftirdi\u011fi [&hellip;]<\/p>\n","protected":false},"author":1,"featured_media":2192,"comment_status":"open","ping_status":"open","sticky":false,"template":"","format":"standard","meta":{"footnotes":""},"categories":[11],"tags":[95,170,171,126,90,89],"class_list":["post-2189","post","type-post","status-publish","format-standard","has-post-thumbnail","hentry","category-haberler","tag-baskan","tag-gonul","tag-gonule","tag-halk","tag-sargin","tag-sukru"],"_links":{"self":[{"href":"https:\/\/site.zile.bel.tr\/index.php\/wp-json\/wp\/v2\/posts\/2189","targetHints":{"allow":["GET"]}}],"collection":[{"href":"https:\/\/site.zile.bel.tr\/index.php\/wp-json\/wp\/v2\/posts"}],"about":[{"href":"https:\/\/site.zile.bel.tr\/index.php\/wp-json\/wp\/v2\/types\/post"}],"author":[{"embeddable":true,"href":"https:\/\/site.zile.bel.tr\/index.php\/wp-json\/wp\/v2\/users\/1"}],"replies":[{"embeddable":true,"href":"https:\/\/site.zile.bel.tr\/index.php\/wp-json\/wp\/v2\/comments?post=2189"}],"version-history":[{"count":2,"href":"https:\/\/site.zile.bel.tr\/index.php\/wp-json\/wp\/v2\/posts\/2189\/revisions"}],"predecessor-version":[{"id":2195,"href":"https:\/\/site.zile.bel.tr\/index.php\/wp-json\/wp\/v2\/posts\/2189\/revisions\/2195"}],"wp:featuredmedia":[{"embeddable":true,"href":"https:\/\/site.zile.bel.tr\/index.php\/wp-json\/wp\/v2\/media\/2192"}],"wp:attachment":[{"href":"https:\/\/site.zile.bel.tr\/index.php\/wp-json\/wp\/v2\/media?parent=2189"}],"wp:term":[{"taxonomy":"category","embeddable":true,"href":"https:\/\/site.zile.bel.tr\/index.php\/wp-json\/wp\/v2\/categories?post=2189"},{"taxonomy":"post_tag","embeddable":true,"href":"https:\/\/site.zile.bel.tr\/index.php\/wp-json\/wp\/v2\/tags?post=2189"}],"curies":[{"name":"wp","href":"https:\/\/api.w.org\/{rel}","templated":true}]}}