{"id":2203,"date":"2021-06-02T09:36:48","date_gmt":"2021-06-02T06:36:48","guid":{"rendered":"http:\/\/site.zile.bel.tr\/?p=2203"},"modified":"2021-06-02T09:36:48","modified_gmt":"2021-06-02T06:36:48","slug":"zilenin-yeni-yuzu-ataturk-parki","status":"publish","type":"post","link":"https:\/\/site.zile.bel.tr\/index.php\/2021\/06\/02\/zilenin-yeni-yuzu-ataturk-parki\/","title":{"rendered":"Zile\u2019nin yeni y\u00fcz\u00fc \u201cAtat\u00fcrk Park\u0131\u201d"},"content":{"rendered":"<p>Zile\u2019nin yeni y\u00fcz\u00fc \u201cAtat\u00fcrk Park\u0131\u201d<\/p>\n<p>Yunusemre Mahallesi\u2019nde 6 bin metrekare alana \u201cAtat\u00fcrk Park\u0131\u201d yap\u0131ld\u0131.<\/p>\n<p>Yunusemre Mahallesi\u2019nde 6 bin metrekare alana yap\u0131lan Atat\u00fcrk Park\u0131 i\u00e7erisinde 1400 metre y\u00fcr\u00fcy\u00fc\u015f yolu, 6 kamelya, 4 bank, 186 metrekare spor alan\u0131 ve 582 metrekare oyun alan\u0131 bulunmaktad\u0131r.<\/p>\n<p>3600 metrekare ye\u015fil alan bulunan Atat\u00fcrk Park\u0131 100 \u00e7am, 50 g\u00fcl ve 50 \u00e7e\u015fit s\u00fcs bitkileri ile donat\u0131ld\u0131.<\/p>\n<p>Zile halk\u0131na en iyi \u015fekilde hizmet etmeye devam edeceklerini ifade eden Zile Belediye Ba\u015fkan\u0131 \u015e\u00fckr\u00fc Sarg\u0131n, \u201cUlu \u00d6nderimiz Gazi Mustafa Kemal Atat\u00fcrk\u2019\u00fcn ad\u0131na yak\u0131\u015fan bir park\u0131 il\u00e7emize kazand\u0131rd\u0131k. \u00d6zellikle pandemi s\u00fcrecinde evde kalan ya\u015fl\u0131 ve gen\u00e7 n\u00fcfusumuz \u015fimdi Atat\u00fcrk Park\u0131\u2019nda vakit ge\u00e7irebilecekler. Zile\u2019mizin \u00e7ehresini de\u011fi\u015ftiren bu projemizin konumu itibari ile il\u00e7e giri\u015finde bulunmas\u0131 da \u015fehrimize ayr\u0131 bir \u00f6nem kazand\u0131rmaktad\u0131r\u201d dedi.<\/p>\n<p>Park\u0131n proje a\u015famas\u0131nda t\u00fcm detaylar\u0131 d\u00fc\u015f\u00fcnd\u00fcklerini belirten Ba\u015fkan Sarg\u0131n s\u00f6zlerini \u015f\u00f6yle tamamlad\u0131.<\/p>\n<p>\u201cil\u00e7e giri\u015finde bulunan arazinin ho\u015f olmayan bir g\u00f6r\u00fcn\u00fcm\u00fc ve \u00e7evre kirlili\u011fi vard\u0131. Biz bu alan\u0131 de\u011ferlendirerek, ba\u015fta halk\u0131m\u0131z\u0131n y\u00fcr\u00fcy\u00fc\u015f ve spor aktivitelerini yapaca\u011f\u0131, \u00e7ocuklar\u0131m\u0131z\u0131n g\u00fczel vakit ge\u00e7irebilece\u011fi ve \u00f6zellikle aile ortam\u0131nda vatanda\u015flar\u0131m\u0131z\u0131n bir arada olaca\u011f\u0131 bir proje olarak haz\u0131rlad\u0131k. Ata\u2019m\u0131z\u0131n ad\u0131n\u0131z\u0131 ya\u015fatacak olan yeni park\u0131m\u0131z\u0131n il\u00e7emize hay\u0131rl\u0131 olmas\u0131n\u0131 diliyorum.\u201d<\/p>\n\n\t\t<style type=\"text\/css\">\n\t\t\t#gallery-1 {\n\t\t\t\tmargin: auto;\n\t\t\t}\n\t\t\t#gallery-1 .gallery-item {\n\t\t\t\tfloat: left;\n\t\t\t\tmargin-top: 10px;\n\t\t\t\ttext-align: center;\n\t\t\t\twidth: 33%;\n\t\t\t}\n\t\t\t#gallery-1 img {\n\t\t\t\tborder: 2px solid #cfcfcf;\n\t\t\t}\n\t\t\t#gallery-1 .gallery-caption {\n\t\t\t\tmargin-left: 0;\n\t\t\t}\n\t\t\t\/* see gallery_shortcode() in wp-includes\/media.php *\/\n\t\t<\/style>\n\t\t<div id='gallery-1' class='gallery galleryid-2203 gallery-columns-3 gallery-size-thumbnail'><dl class='gallery-item'>\n\t\t\t<dt class='gallery-icon landscape'>\n\t\t\t\t<a href='https:\/\/site.zile.bel.tr\/wp-content\/uploads\/2021\/06\/03.jpg'><img loading=\"lazy\" decoding=\"async\" width=\"150\" height=\"150\" src=\"https:\/\/site.zile.bel.tr\/wp-content\/uploads\/2021\/06\/03-150x150.jpg\" class=\"attachment-thumbnail size-thumbnail\" alt=\"\" \/><\/a>\n\t\t\t<\/dt><\/dl><dl class='gallery-item'>\n\t\t\t<dt class='gallery-icon landscape'>\n\t\t\t\t<a href='https:\/\/site.zile.bel.tr\/wp-content\/uploads\/2021\/06\/09.jpg'><img loading=\"lazy\" decoding=\"async\" width=\"150\" height=\"150\" src=\"https:\/\/site.zile.bel.tr\/wp-content\/uploads\/2021\/06\/09-150x150.jpg\" class=\"attachment-thumbnail size-thumbnail\" alt=\"\" \/><\/a>\n\t\t\t<\/dt><\/dl><dl class='gallery-item'>\n\t\t\t<dt class='gallery-icon landscape'>\n\t\t\t\t<a href='https:\/\/site.zile.bel.tr\/wp-content\/uploads\/2021\/06\/10.jpg'><img loading=\"lazy\" decoding=\"async\" width=\"150\" height=\"150\" src=\"https:\/\/site.zile.bel.tr\/wp-content\/uploads\/2021\/06\/10-150x150.jpg\" class=\"attachment-thumbnail size-thumbnail\" alt=\"\" \/><\/a>\n\t\t\t<\/dt><\/dl><br style=\"clear: both\" \/><dl class='gallery-item'>\n\t\t\t<dt class='gallery-icon landscape'>\n\t\t\t\t<a href='https:\/\/site.zile.bel.tr\/wp-content\/uploads\/2021\/06\/11.jpg'><img loading=\"lazy\" decoding=\"async\" width=\"150\" height=\"150\" src=\"https:\/\/site.zile.bel.tr\/wp-content\/uploads\/2021\/06\/11-150x150.jpg\" class=\"attachment-thumbnail size-thumbnail\" alt=\"\" \/><\/a>\n\t\t\t<\/dt><\/dl><dl class='gallery-item'>\n\t\t\t<dt class='gallery-icon landscape'>\n\t\t\t\t<a href='https:\/\/site.zile.bel.tr\/wp-content\/uploads\/2021\/06\/01.jpg'><img loading=\"lazy\" decoding=\"async\" width=\"150\" height=\"150\" src=\"https:\/\/site.zile.bel.tr\/wp-content\/uploads\/2021\/06\/01-150x150.jpg\" class=\"attachment-thumbnail size-thumbnail\" alt=\"\" \/><\/a>\n\t\t\t<\/dt><\/dl><dl class='gallery-item'>\n\t\t\t<dt class='gallery-icon landscape'>\n\t\t\t\t<a href='https:\/\/site.zile.bel.tr\/wp-content\/uploads\/2021\/06\/02.jpg'><img loading=\"lazy\" decoding=\"async\" width=\"150\" height=\"150\" src=\"https:\/\/site.zile.bel.tr\/wp-content\/uploads\/2021\/06\/02-150x150.jpg\" class=\"attachment-thumbnail size-thumbnail\" alt=\"\" \/><\/a>\n\t\t\t<\/dt><\/dl><br style=\"clear: both\" \/><dl class='gallery-item'>\n\t\t\t<dt class='gallery-icon landscape'>\n\t\t\t\t<a href='https:\/\/site.zile.bel.tr\/wp-content\/uploads\/2021\/06\/08.jpg'><img loading=\"lazy\" decoding=\"async\" width=\"150\" height=\"150\" src=\"https:\/\/site.zile.bel.tr\/wp-content\/uploads\/2021\/06\/08-150x150.jpg\" class=\"attachment-thumbnail size-thumbnail\" alt=\"\" \/><\/a>\n\t\t\t<\/dt><\/dl><dl class='gallery-item'>\n\t\t\t<dt class='gallery-icon landscape'>\n\t\t\t\t<a href='https:\/\/site.zile.bel.tr\/wp-content\/uploads\/2021\/06\/04.jpg'><img loading=\"lazy\" decoding=\"async\" width=\"150\" height=\"150\" src=\"https:\/\/site.zile.bel.tr\/wp-content\/uploads\/2021\/06\/04-150x150.jpg\" class=\"attachment-thumbnail size-thumbnail\" alt=\"\" \/><\/a>\n\t\t\t<\/dt><\/dl><dl class='gallery-item'>\n\t\t\t<dt class='gallery-icon landscape'>\n\t\t\t\t<a href='https:\/\/site.zile.bel.tr\/wp-content\/uploads\/2021\/06\/05.jpg'><img loading=\"lazy\" decoding=\"async\" width=\"150\" height=\"150\" src=\"https:\/\/site.zile.bel.tr\/wp-content\/uploads\/2021\/06\/05-150x150.jpg\" class=\"attachment-thumbnail size-thumbnail\" alt=\"\" \/><\/a>\n\t\t\t<\/dt><\/dl><br style=\"clear: both\" \/><dl class='gallery-item'>\n\t\t\t<dt class='gallery-icon landscape'>\n\t\t\t\t<a href='https:\/\/site.zile.bel.tr\/wp-content\/uploads\/2021\/06\/06.jpg'><img loading=\"lazy\" decoding=\"async\" width=\"150\" height=\"150\" src=\"https:\/\/site.zile.bel.tr\/wp-content\/uploads\/2021\/06\/06-150x150.jpg\" class=\"attachment-thumbnail size-thumbnail\" alt=\"\" \/><\/a>\n\t\t\t<\/dt><\/dl><dl class='gallery-item'>\n\t\t\t<dt class='gallery-icon landscape'>\n\t\t\t\t<a href='https:\/\/site.zile.bel.tr\/wp-content\/uploads\/2021\/06\/07.jpg'><img loading=\"lazy\" decoding=\"async\" width=\"150\" height=\"150\" src=\"https:\/\/site.zile.bel.tr\/wp-content\/uploads\/2021\/06\/07-150x150.jpg\" class=\"attachment-thumbnail size-thumbnail\" alt=\"\" \/><\/a>\n\t\t\t<\/dt><\/dl>\n\t\t\t<br style='clear: both' \/>\n\t\t<\/div>\n\n","protected":false},"excerpt":{"rendered":"<p>Zile\u2019nin yeni y\u00fcz\u00fc \u201cAtat\u00fcrk Park\u0131\u201d Yunusemre Mahallesi\u2019nde 6 bin metrekare alana \u201cAtat\u00fcrk Park\u0131\u201d yap\u0131ld\u0131. Yunusemre Mahallesi\u2019nde 6 bin metrekare alana yap\u0131lan Atat\u00fcrk Park\u0131 i\u00e7erisinde 1400 metre y\u00fcr\u00fcy\u00fc\u015f yolu, 6 kamelya, 4 bank, 186 metrekare spor alan\u0131 ve 582 metrekare oyun alan\u0131 bulunmaktad\u0131r. 3600 metrekare ye\u015fil alan bulunan Atat\u00fcrk Park\u0131 100 \u00e7am, 50 g\u00fcl ve 50 [&hellip;]<\/p>\n","protected":false},"author":1,"featured_media":2211,"comment_status":"open","ping_status":"open","sticky":false,"template":"","format":"standard","meta":{"footnotes":""},"categories":[11],"tags":[176,82,177,27],"class_list":["post-2203","post","type-post","status-publish","format-standard","has-post-thumbnail","hentry","category-haberler","tag-ataturk","tag-belediye","tag-park","tag-zile"],"_links":{"self":[{"href":"https:\/\/site.zile.bel.tr\/index.php\/wp-json\/wp\/v2\/posts\/2203","targetHints":{"allow":["GET"]}}],"collection":[{"href":"https:\/\/site.zile.bel.tr\/index.php\/wp-json\/wp\/v2\/posts"}],"about":[{"href":"https:\/\/site.zile.bel.tr\/index.php\/wp-json\/wp\/v2\/types\/post"}],"author":[{"embeddable":true,"href":"https:\/\/site.zile.bel.tr\/index.php\/wp-json\/wp\/v2\/users\/1"}],"replies":[{"embeddable":true,"href":"https:\/\/site.zile.bel.tr\/index.php\/wp-json\/wp\/v2\/comments?post=2203"}],"version-history":[{"count":1,"href":"https:\/\/site.zile.bel.tr\/index.php\/wp-json\/wp\/v2\/posts\/2203\/revisions"}],"predecessor-version":[{"id":2215,"href":"https:\/\/site.zile.bel.tr\/index.php\/wp-json\/wp\/v2\/posts\/2203\/revisions\/2215"}],"wp:featuredmedia":[{"embeddable":true,"href":"https:\/\/site.zile.bel.tr\/index.php\/wp-json\/wp\/v2\/media\/2211"}],"wp:attachment":[{"href":"https:\/\/site.zile.bel.tr\/index.php\/wp-json\/wp\/v2\/media?parent=2203"}],"wp:term":[{"taxonomy":"category","embeddable":true,"href":"https:\/\/site.zile.bel.tr\/index.php\/wp-json\/wp\/v2\/categories?post=2203"},{"taxonomy":"post_tag","embeddable":true,"href":"https:\/\/site.zile.bel.tr\/index.php\/wp-json\/wp\/v2\/tags?post=2203"}],"curies":[{"name":"wp","href":"https:\/\/api.w.org\/{rel}","templated":true}]}}