{"id":2326,"date":"2021-06-21T17:14:20","date_gmt":"2021-06-21T14:14:20","guid":{"rendered":"http:\/\/site.zile.bel.tr\/?p=2326"},"modified":"2021-06-21T17:14:32","modified_gmt":"2021-06-21T14:14:32","slug":"2326","status":"publish","type":"post","link":"https:\/\/site.zile.bel.tr\/index.php\/2021\/06\/21\/2326\/","title":{"rendered":"Ba\u015fkan Sarg\u0131n\u2019dan engelli sporculara ara\u00e7 tahsis s\u00f6z\u00fc"},"content":{"rendered":"<p><strong>Ba\u015fkan Sarg\u0131n\u2019dan engelli sporculara ara\u00e7 tahsis s\u00f6z\u00fc<\/strong><\/p>\n<p><strong>Ba\u015fkan Sarg\u0131n, 2&#8217;nci Lig&#8217;e y\u00fckselen bedensel engelli kul\u00fcb\u00fc sporcu ve y\u00f6neticilerini tebrik etmekle kalmad\u0131, onlara ara\u00e7 tahsis s\u00f6z\u00fc verdi.<\/strong><\/p>\n<p>Ge\u00e7en y\u0131l kurulan Zile Bedensel Engelliler Gen\u00e7lik Spor Kul\u00fcb\u00fc Tekerlekli Sandalye Basketbol Tak\u0131m\u0131, 3&#8242; \u00fcnc\u00fc Lig&#8217;de ba\u015far\u0131 sa\u011flayarak bir \u00fcst lige y\u00fckseldi.<\/p>\n<p>Zile\u2019ye gelen tak\u0131m\u0131 kar\u015f\u0131layan Zile Belediye Ba\u015fkan\u0131 \u015e\u00fckr\u00fc Sarg\u0131n, tak\u0131ma ma\u00e7lara giderken kullanmalar\u0131 i\u00e7in engelli kullan\u0131ma uygun ara\u00e7 tahsisi s\u00f6z\u00fc verdi.<\/p>\n<p>Tak\u0131m\u0131n ba\u015far\u0131s\u0131ndan mutluluk duydu\u011funu belirten Ba\u015fkan Sarg\u0131n, \u201cElde ettikleri ba\u015far\u0131yla bizim gurur kayna\u011f\u0131m\u0131z olan t\u00fcm sporcular\u0131m\u0131z\u0131, tak\u0131m y\u00f6netimini tebrik ediyorum. \u00d6zel karde\u015flerimizin bu ba\u015far\u0131s\u0131 burada kalmayacakt\u0131r. \u00c7al\u0131\u015fman\u0131n ve inanman\u0131n mutlulu\u011funu hep beraber ya\u015f\u0131yoruz. \u0130l\u00e7emizi ba\u015far\u0131 ile temsil ettikleri i\u00e7in kendilerini g\u00f6n\u00fclden tebrik ediyorum. Bir otob\u00fcs\u00fcm\u00fcz\u00fc \u00f6zel karde\u015flerimizin kullanaca\u011f\u0131 \u015fekilde montaj\u0131n\u0131 yapt\u0131r\u0131p kullan\u0131mlar\u0131na tahsis edece\u011fiz\u201d dedi.<\/p>\n<p><a href=\"http:\/\/site.zile.bel.tr\/index.php\/2021\/06\/21\/2326\/1-32\/\" rel=\"attachment wp-att-2327\"><img loading=\"lazy\" decoding=\"async\" class=\"alignnone wp-image-2327\" src=\"http:\/\/site.zile.bel.tr\/wp-content\/uploads\/2021\/06\/1-4-1024x682.jpg\" alt=\"\" width=\"800\" height=\"533\" srcset=\"https:\/\/site.zile.bel.tr\/wp-content\/uploads\/2021\/06\/1-4-1024x682.jpg 1024w, https:\/\/site.zile.bel.tr\/wp-content\/uploads\/2021\/06\/1-4-300x200.jpg 300w, https:\/\/site.zile.bel.tr\/wp-content\/uploads\/2021\/06\/1-4-768x512.jpg 768w, https:\/\/site.zile.bel.tr\/wp-content\/uploads\/2021\/06\/1-4-1536x1024.jpg 1536w, https:\/\/site.zile.bel.tr\/wp-content\/uploads\/2021\/06\/1-4.jpg 1820w\" sizes=\"auto, (max-width: 800px) 100vw, 800px\" \/><\/a> <a href=\"http:\/\/site.zile.bel.tr\/index.php\/2021\/06\/21\/2326\/3-27\/\" rel=\"attachment wp-att-2328\"><img loading=\"lazy\" decoding=\"async\" class=\"alignnone wp-image-2328\" src=\"http:\/\/site.zile.bel.tr\/wp-content\/uploads\/2021\/06\/3-6-1024x682.jpg\" alt=\"\" width=\"800\" height=\"533\" srcset=\"https:\/\/site.zile.bel.tr\/wp-content\/uploads\/2021\/06\/3-6-1024x682.jpg 1024w, https:\/\/site.zile.bel.tr\/wp-content\/uploads\/2021\/06\/3-6-300x200.jpg 300w, https:\/\/site.zile.bel.tr\/wp-content\/uploads\/2021\/06\/3-6-768x512.jpg 768w, https:\/\/site.zile.bel.tr\/wp-content\/uploads\/2021\/06\/3-6-1536x1024.jpg 1536w, https:\/\/site.zile.bel.tr\/wp-content\/uploads\/2021\/06\/3-6.jpg 1820w\" sizes=\"auto, (max-width: 800px) 100vw, 800px\" \/><\/a> <a href=\"http:\/\/site.zile.bel.tr\/index.php\/2021\/06\/21\/2326\/4-20\/\" rel=\"attachment wp-att-2329\"><img loading=\"lazy\" decoding=\"async\" class=\"alignnone wp-image-2329\" src=\"http:\/\/site.zile.bel.tr\/wp-content\/uploads\/2021\/06\/4-3-1024x682.jpg\" alt=\"\" width=\"800\" height=\"533\" srcset=\"https:\/\/site.zile.bel.tr\/wp-content\/uploads\/2021\/06\/4-3-1024x682.jpg 1024w, https:\/\/site.zile.bel.tr\/wp-content\/uploads\/2021\/06\/4-3-300x200.jpg 300w, https:\/\/site.zile.bel.tr\/wp-content\/uploads\/2021\/06\/4-3-768x512.jpg 768w, https:\/\/site.zile.bel.tr\/wp-content\/uploads\/2021\/06\/4-3-1536x1024.jpg 1536w, https:\/\/site.zile.bel.tr\/wp-content\/uploads\/2021\/06\/4-3.jpg 1820w\" sizes=\"auto, (max-width: 800px) 100vw, 800px\" \/><\/a> <a href=\"http:\/\/site.zile.bel.tr\/index.php\/2021\/06\/21\/2326\/5-16\/\" rel=\"attachment wp-att-2330\"><img loading=\"lazy\" decoding=\"async\" class=\"alignnone wp-image-2330\" src=\"http:\/\/site.zile.bel.tr\/wp-content\/uploads\/2021\/06\/5-3-1024x682.jpg\" alt=\"\" width=\"800\" height=\"533\" srcset=\"https:\/\/site.zile.bel.tr\/wp-content\/uploads\/2021\/06\/5-3-1024x682.jpg 1024w, https:\/\/site.zile.bel.tr\/wp-content\/uploads\/2021\/06\/5-3-300x200.jpg 300w, https:\/\/site.zile.bel.tr\/wp-content\/uploads\/2021\/06\/5-3-768x512.jpg 768w, https:\/\/site.zile.bel.tr\/wp-content\/uploads\/2021\/06\/5-3-1536x1024.jpg 1536w, https:\/\/site.zile.bel.tr\/wp-content\/uploads\/2021\/06\/5-3.jpg 1820w\" sizes=\"auto, (max-width: 800px) 100vw, 800px\" \/><\/a><\/p>\n","protected":false},"excerpt":{"rendered":"<p>Ba\u015fkan Sarg\u0131n\u2019dan engelli sporculara ara\u00e7 tahsis s\u00f6z\u00fc Ba\u015fkan Sarg\u0131n, 2&#8217;nci Lig&#8217;e y\u00fckselen bedensel engelli kul\u00fcb\u00fc sporcu ve y\u00f6neticilerini tebrik etmekle kalmad\u0131, onlara ara\u00e7 tahsis s\u00f6z\u00fc verdi. Ge\u00e7en y\u0131l kurulan Zile Bedensel Engelliler Gen\u00e7lik Spor Kul\u00fcb\u00fc Tekerlekli Sandalye Basketbol Tak\u0131m\u0131, 3&#8242; \u00fcnc\u00fc Lig&#8217;de ba\u015far\u0131 sa\u011flayarak bir \u00fcst lige y\u00fckseldi. Zile\u2019ye gelen tak\u0131m\u0131 kar\u015f\u0131layan Zile Belediye Ba\u015fkan\u0131 [&hellip;]<\/p>\n","protected":false},"author":1,"featured_media":2327,"comment_status":"open","ping_status":"open","sticky":false,"template":"","format":"standard","meta":{"footnotes":""},"categories":[11],"tags":[],"class_list":["post-2326","post","type-post","status-publish","format-standard","has-post-thumbnail","hentry","category-haberler"],"_links":{"self":[{"href":"https:\/\/site.zile.bel.tr\/index.php\/wp-json\/wp\/v2\/posts\/2326","targetHints":{"allow":["GET"]}}],"collection":[{"href":"https:\/\/site.zile.bel.tr\/index.php\/wp-json\/wp\/v2\/posts"}],"about":[{"href":"https:\/\/site.zile.bel.tr\/index.php\/wp-json\/wp\/v2\/types\/post"}],"author":[{"embeddable":true,"href":"https:\/\/site.zile.bel.tr\/index.php\/wp-json\/wp\/v2\/users\/1"}],"replies":[{"embeddable":true,"href":"https:\/\/site.zile.bel.tr\/index.php\/wp-json\/wp\/v2\/comments?post=2326"}],"version-history":[{"count":3,"href":"https:\/\/site.zile.bel.tr\/index.php\/wp-json\/wp\/v2\/posts\/2326\/revisions"}],"predecessor-version":[{"id":2333,"href":"https:\/\/site.zile.bel.tr\/index.php\/wp-json\/wp\/v2\/posts\/2326\/revisions\/2333"}],"wp:featuredmedia":[{"embeddable":true,"href":"https:\/\/site.zile.bel.tr\/index.php\/wp-json\/wp\/v2\/media\/2327"}],"wp:attachment":[{"href":"https:\/\/site.zile.bel.tr\/index.php\/wp-json\/wp\/v2\/media?parent=2326"}],"wp:term":[{"taxonomy":"category","embeddable":true,"href":"https:\/\/site.zile.bel.tr\/index.php\/wp-json\/wp\/v2\/categories?post=2326"},{"taxonomy":"post_tag","embeddable":true,"href":"https:\/\/site.zile.bel.tr\/index.php\/wp-json\/wp\/v2\/tags?post=2326"}],"curies":[{"name":"wp","href":"https:\/\/api.w.org\/{rel}","templated":true}]}}