{"id":2427,"date":"2021-07-29T12:46:11","date_gmt":"2021-07-29T09:46:11","guid":{"rendered":"http:\/\/site.zile.bel.tr\/?p=2427"},"modified":"2021-07-29T12:46:12","modified_gmt":"2021-07-29T09:46:12","slug":"minik-guresciden-zile-belediyesine-ziyaret","status":"publish","type":"post","link":"https:\/\/site.zile.bel.tr\/index.php\/2021\/07\/29\/minik-guresciden-zile-belediyesine-ziyaret\/","title":{"rendered":"Minik g\u00fcre\u015f\u00e7iden Zile Belediyesi\u2019ne ziyaret"},"content":{"rendered":"<p>Minik g\u00fcre\u015f\u00e7iden Zile Belediyesi\u2019ne ziyaret<\/p>\n<p>T\u00fcrkiye G\u00fcre\u015f Federasyonu taraf\u0131ndan 11-21 Haziran tarihleri aras\u0131nda Antalya Kemer il\u00e7esinde d\u00fczenlenen 12-13 ya\u015f Minik Erkekler Serbest ve Grekoromen stil T\u00fcrkiye \u015eampiyonalar\u0131nda Zileli M\u00fccteba Bera Ko\u00e7 her iki stilde de 68 kg da Final m\u00fcsabakas\u0131 yapm\u0131\u015f ve T\u00fcrkiye ikincisi olmu\u015ftur.<br \/>\nZile Fevzi \u00c7akmak Ortaokulu \u00f6\u011frencisi M\u00fccteba Bera Ko\u00e7\u2019u makam\u0131nda a\u011f\u0131rlayan Zile Belediye Ba\u015fkan Yard\u0131mc\u0131s\u0131 \u0130brahim Ceyhan, ba\u015far\u0131l\u0131 sporcuyu tebrik ederek, alt\u0131nla \u00f6d\u00fcllendirdi.<br \/>\nBa\u015fkan Yard\u0131mc\u0131s\u0131 \u0130brahim Ceyhan, ba\u015far\u0131l\u0131 sporcunun Zile\u2019nin gurur kaynaklar\u0131 listesinde bulunmaya hak kazand\u0131\u011f\u0131n\u0131 belirterek, \u201cHem bize bu gururu ya\u015fatan sporcumuzu, hem de hocas\u0131 Emre \u015eahin Bey\u2019i ve sporcumuzun ba\u015far\u0131s\u0131nda katk\u0131s\u0131 olan, eme\u011fi ge\u00e7en herkesi tebrik ediyor, ba\u015far\u0131lar\u0131n\u0131n devam\u0131n\u0131 diliyorum\u201d dedi.<\/p>\n<p><a href=\"http:\/\/site.zile.bel.tr\/index.php\/2021\/07\/29\/minik-guresciden-zile-belediyesine-ziyaret\/1-36\/\" rel=\"attachment wp-att-2428\"><img loading=\"lazy\" decoding=\"async\" class=\"alignnone wp-image-2428\" src=\"http:\/\/site.zile.bel.tr\/wp-content\/uploads\/2021\/07\/1-2.jpg\" alt=\"\" width=\"800\" height=\"533\" srcset=\"https:\/\/site.zile.bel.tr\/wp-content\/uploads\/2021\/07\/1-2.jpg 1024w, https:\/\/site.zile.bel.tr\/wp-content\/uploads\/2021\/07\/1-2-300x200.jpg 300w, https:\/\/site.zile.bel.tr\/wp-content\/uploads\/2021\/07\/1-2-768x512.jpg 768w\" sizes=\"auto, (max-width: 800px) 100vw, 800px\" \/><\/a> <a href=\"http:\/\/site.zile.bel.tr\/index.php\/2021\/07\/29\/minik-guresciden-zile-belediyesine-ziyaret\/2-31\/\" rel=\"attachment wp-att-2429\"><img loading=\"lazy\" decoding=\"async\" class=\"alignnone wp-image-2429\" src=\"http:\/\/site.zile.bel.tr\/wp-content\/uploads\/2021\/07\/2-2.jpg\" alt=\"\" width=\"800\" height=\"533\" srcset=\"https:\/\/site.zile.bel.tr\/wp-content\/uploads\/2021\/07\/2-2.jpg 1024w, https:\/\/site.zile.bel.tr\/wp-content\/uploads\/2021\/07\/2-2-300x200.jpg 300w, https:\/\/site.zile.bel.tr\/wp-content\/uploads\/2021\/07\/2-2-768x512.jpg 768w\" sizes=\"auto, (max-width: 800px) 100vw, 800px\" \/><\/a><\/p>\n","protected":false},"excerpt":{"rendered":"<p>Minik g\u00fcre\u015f\u00e7iden Zile Belediyesi\u2019ne ziyaret T\u00fcrkiye G\u00fcre\u015f Federasyonu taraf\u0131ndan 11-21 Haziran tarihleri aras\u0131nda Antalya Kemer il\u00e7esinde d\u00fczenlenen 12-13 ya\u015f Minik Erkekler Serbest ve Grekoromen stil T\u00fcrkiye \u015eampiyonalar\u0131nda Zileli M\u00fccteba Bera Ko\u00e7 her iki stilde de 68 kg da Final m\u00fcsabakas\u0131 yapm\u0131\u015f ve T\u00fcrkiye ikincisi olmu\u015ftur. Zile Fevzi \u00c7akmak Ortaokulu \u00f6\u011frencisi M\u00fccteba Bera Ko\u00e7\u2019u makam\u0131nda a\u011f\u0131rlayan [&hellip;]<\/p>\n","protected":false},"author":1,"featured_media":2428,"comment_status":"open","ping_status":"open","sticky":false,"template":"","format":"standard","meta":{"footnotes":""},"categories":[11],"tags":[],"class_list":["post-2427","post","type-post","status-publish","format-standard","has-post-thumbnail","hentry","category-haberler"],"_links":{"self":[{"href":"https:\/\/site.zile.bel.tr\/index.php\/wp-json\/wp\/v2\/posts\/2427","targetHints":{"allow":["GET"]}}],"collection":[{"href":"https:\/\/site.zile.bel.tr\/index.php\/wp-json\/wp\/v2\/posts"}],"about":[{"href":"https:\/\/site.zile.bel.tr\/index.php\/wp-json\/wp\/v2\/types\/post"}],"author":[{"embeddable":true,"href":"https:\/\/site.zile.bel.tr\/index.php\/wp-json\/wp\/v2\/users\/1"}],"replies":[{"embeddable":true,"href":"https:\/\/site.zile.bel.tr\/index.php\/wp-json\/wp\/v2\/comments?post=2427"}],"version-history":[{"count":2,"href":"https:\/\/site.zile.bel.tr\/index.php\/wp-json\/wp\/v2\/posts\/2427\/revisions"}],"predecessor-version":[{"id":2431,"href":"https:\/\/site.zile.bel.tr\/index.php\/wp-json\/wp\/v2\/posts\/2427\/revisions\/2431"}],"wp:featuredmedia":[{"embeddable":true,"href":"https:\/\/site.zile.bel.tr\/index.php\/wp-json\/wp\/v2\/media\/2428"}],"wp:attachment":[{"href":"https:\/\/site.zile.bel.tr\/index.php\/wp-json\/wp\/v2\/media?parent=2427"}],"wp:term":[{"taxonomy":"category","embeddable":true,"href":"https:\/\/site.zile.bel.tr\/index.php\/wp-json\/wp\/v2\/categories?post=2427"},{"taxonomy":"post_tag","embeddable":true,"href":"https:\/\/site.zile.bel.tr\/index.php\/wp-json\/wp\/v2\/tags?post=2427"}],"curies":[{"name":"wp","href":"https:\/\/api.w.org\/{rel}","templated":true}]}}